{"id":9998,"date":"2019-03-20T01:00:18","date_gmt":"2019-03-20T00:00:18","guid":{"rendered":"http:\/\/www.pr-nord.de\/newsroom\/?p=9998"},"modified":"2020-05-18T15:04:26","modified_gmt":"2020-05-18T13:04:26","slug":"rundum-schutz-fuer-holz","status":"publish","type":"post","link":"https:\/\/www.pr-neu.de\/newsroom\/rundum-schutz-fuer-holz\/","title":{"rendered":"Rundum-Schutz f\u00fcr Holz"},"content":{"rendered":"<p>Neu zur FAF 2019 von S\u00fcdwest Holz-\u00d6le: F\u00fcr jede Anforderung der passende Schutz<\/p>\n<p><strong>Holz-\u00d6le sch\u00fctzen den nat\u00fcrlichen Baustoff und erhalten seine charakteristische Optik. Allerdings sind die Anforderungen an den Holzschutz sehr unterschiedlich, abh\u00e4ngig vom Einsatzort. Deshalb hat S\u00fcdwest (B\u00f6hl-Iggelheim) nicht eine Universal-L\u00f6sung, sondern ein umfassendes Komplettprogramm entwickelt: Mit \u201eHolz-\u00d6l\u201c f\u00fcr die Anwendung au\u00dfen, \u201eFassaden-\u00d6l\u201c speziell f\u00fcr senkrechte, bewitterte Fl\u00e4chen und dem wasserbasierenden \u201eAquaVision Holz-\u00d6l\u201c f\u00fcr Holzschutz im Innenraum steht f\u00fcr jeden Einsatz das passende Profi-Produkt zur Verf\u00fcgung. Der \u201eHolz-Entgrauer\u201c erg\u00e4nzt das Sortiment, er reinigt und pflegt ge\u00f6lte Fl\u00e4chen. Die neue \u00d6l-Familie stellte S\u00fcdwest jetzt zur FAF 2019 in K\u00f6ln vor.<\/strong><\/p>\n<p>Ihre lebendige und warme Ausstrahlung behalten Holzoberfl\u00e4chen langfristig nur mit dem passenden Schutz. Ideal eignen sich daf\u00fcr \u00d6le, da diese den nat\u00fcrlichen Holz-Charakter besonders gut erhalten. Um f\u00fcr jeden Anwendungsfall den optimalen Schutz zu bieten, hat S\u00fcdwest ein Profi-Sortiment an \u00d6len entwickelt \u2013 f\u00fcr innen, f\u00fcr au\u00dfen und speziell f\u00fcr vertikale, der Witterung ausgesetzte Fl\u00e4chen.<\/p>\n<p><strong>\u201eHolz-\u00d6l\u201c sch\u00fctzt Terrassen und Gartenm\u00f6bel<\/strong><\/p>\n<p>F\u00fcr Holzterrassen, B\u00e4nke, Gartenm\u00f6bel oder andere nicht ma\u00dfhaltige H\u00f6lzer im Au\u00dfenbereich konzipiert ist das \u201eS\u00fcdwest Holz-\u00d6l\u201c. Durch sein hohes Eindringverm\u00f6gen sch\u00fctzt es effektiv vor Feuchtigkeit und somit vor Quellen, Schwinden und Rissbildung. Da das \u00d6l keinen Film bildet und nicht abplatzt, ist es auch f\u00fcr waagerechte Fl\u00e4chen die richtige Wahl.<\/p>\n<p><strong>H\u00e4lt Ma\u00df: \u201eFassaden-\u00d6l\u201c<\/strong><\/p>\n<p>Ma\u00dfhaltigen und begrenzt ma\u00dfhaltigen Holzbauteilen verleiht das \u201eS\u00fcdwest Fassaden-\u00d6l\u201c den notwendigen Schutz und ein lebendiges, seidenmattes Erscheinungsbild. Durch den erh\u00f6hten Festk\u00f6rpergehalt und integrierte Filmschutzmittel verl\u00e4ngert das \u00d6l die Renovierungszyklen von Fassaden, Fenster und T\u00fcren und h\u00e4lt sie langfristig widerstandsf\u00e4hig gegen Feuchtigkeit. F\u00fcr zus\u00e4tzlichen UV-Schutz sorgen transparente Eisenoxide. Die thixotrope Formulierung erm\u00f6glicht zudem komfortables Streichen \u2013 vor allem an senkrechten Oberfl\u00e4chen ein Pluspunkt.<\/p>\n<p><strong>Wohngesunder Holzschutz f\u00fcr innen<\/strong><\/p>\n<p>Insbesondere f\u00fcr Innenr\u00e4ume empfiehlt sich das \u201eAquaVision Holz-\u00d6l\u201c. Das \u00f6kologische \u00d6l basiert auf nachwachsenden Rohstoffen, kommt ohne L\u00f6semittel, Weichmacher und chemische Filmschutzmittel aus und kann unbedenklich auch f\u00fcr gro\u00dfe nicht oder begrenzt ma\u00dfhaltige Holzfl\u00e4chen im Innenraum verwendet werden. Holzm\u00f6bel, -w\u00e4nde oder -decken erhalten eine nat\u00fcrliche, matte Optik und Haptik. Auch au\u00dfen sch\u00fctzt es M\u00f6bel oder Fensterl\u00e4den \u2013 umweltfreundlich auf Wasserbasis.<\/p>\n<p><strong>Raus aus dem Grau: \u201eHolz-Entgrauer\u201c<\/strong><\/p>\n<p>Komplettiert wird das Holz-\u00d6l-Sortiment durch den \u201eHolz-Entgrauer\u201c zum Reinigen und Entgrauen verschmutzter Holzfl\u00e4chen in einem Arbeitsgang. Verwitterte H\u00f6lzer erhalten so schnell und einfach ihre urspr\u00fcngliche Optik zur\u00fcck. Die Verarbeitung ist simpel: Auftragen, einmassieren, einwirken lassen und abwaschen. Aufgrund der gelartigen Viskosit\u00e4t flie\u00dft der Entgrauer nicht ab, sondern l\u00e4sst sich komfortabel auftragen.<\/p>\n<p>Weil die Geschm\u00e4cker verschieden sind, gibt es die Holz-\u00d6le standardm\u00e4\u00dfig in f\u00fcnf T\u00f6nen: natur, l\u00e4rche, douglasie, bangkirai und teak. Zudem sind die \u00d6le \u00fcber das \u201eAll-Color ClassicMix System\u201c individuell t\u00f6nbar. Ebenso gilt f\u00fcr alle drei Profi-\u00d6le, dass sie sich optimal verarbeiten lassen: Sie sind einfach aufzutragen und dringen schnell in das Holz ein.<\/p>\n<hr \/>\n<p><a href=\"http:\/\/www.pr-neu.de\/newsroom\/wordpress\/wp-content\/uploads\/2019\/02\/19-04-Holzoele_G.jpg\" target=\"_blank\" rel=\"noopener noreferrer\"><img loading=\"lazy\" decoding=\"async\" class=\"aligncenter wp-image-9999 size-medium\" src=\"http:\/\/www.pr-neu.de\/newsroom\/wordpress\/wp-content\/uploads\/2019\/02\/19-04-Holzoele_G-300x200.jpg\" alt=\"\" width=\"300\" height=\"200\" srcset=\"https:\/\/www.pr-neu.de\/newsroom\/wordpress\/wp-content\/uploads\/2019\/02\/19-04-Holzoele_G-300x200.jpg 300w, https:\/\/www.pr-neu.de\/newsroom\/wordpress\/wp-content\/uploads\/2019\/02\/19-04-Holzoele_G-768x512.jpg 768w, https:\/\/www.pr-neu.de\/newsroom\/wordpress\/wp-content\/uploads\/2019\/02\/19-04-Holzoele_G-1024x683.jpg 1024w, https:\/\/www.pr-neu.de\/newsroom\/wordpress\/wp-content\/uploads\/2019\/02\/19-04-Holzoele_G-110x73.jpg 110w, https:\/\/www.pr-neu.de\/newsroom\/wordpress\/wp-content\/uploads\/2019\/02\/19-04-Holzoele_G-420x280.jpg 420w, https:\/\/www.pr-neu.de\/newsroom\/wordpress\/wp-content\/uploads\/2019\/02\/19-04-Holzoele_G-645x430.jpg 645w, https:\/\/www.pr-neu.de\/newsroom\/wordpress\/wp-content\/uploads\/2019\/02\/19-04-Holzoele_G.jpg 1795w\" sizes=\"auto, (max-width: 300px) 100vw, 300px\" \/><\/a><\/p>\n<p style=\"text-align: center;\">Der Baustoff Holz erfreut sich vor allem wegen seiner nat\u00fcrlichen Optik<br \/>\nund Lebendigkeit gr\u00f6\u00dfter Beliebtheit. Die neuen Holz-\u00d6le von S\u00fcdwest<br \/>\nsind als Naturprodukte die erste Wahl, wenn es darum geht, diesen<br \/>\nurspr\u00fcnglichen Charakter zu bewahren oder zu erneuern.<br \/>\nFoto: Fotolia<\/p>\n<hr \/>\n<p>Abdruck honorarfrei, Belegexemplar erbeten<\/p>\n","protected":false},"excerpt":{"rendered":"<p>Neu zur FAF 2019 von S\u00fcdwest Holz-\u00d6le: F\u00fcr jede Anforderung der passende Schutz Holz-\u00d6le sch\u00fctzen den nat\u00fcrlichen Baustoff und erhalten seine charakteristische Optik. Allerdings sind die Anforderungen an den Holzschutz sehr unterschiedlich, abh\u00e4ngig vom Einsatzort. Deshalb hat S\u00fcdwest (B\u00f6hl-Iggelheim) nicht eine Universal-L\u00f6sung, sondern ein umfassendes Komplettprogramm entwickelt: Mit \u201eHolz-\u00d6l\u201c f\u00fcr die Anwendung au\u00dfen, \u201eFassaden-\u00d6l\u201c speziell [&hellip;]<\/p>\n","protected":false},"author":6,"featured_media":9999,"comment_status":"closed","ping_status":"open","sticky":false,"template":"","format":"standard","meta":{"footnotes":""},"categories":[17],"tags":[],"class_list":["post-9998","post","type-post","status-publish","format-standard","has-post-thumbnail","hentry","category-sudwest"],"_links":{"self":[{"href":"https:\/\/www.pr-neu.de\/newsroom\/wp-json\/wp\/v2\/posts\/9998","targetHints":{"allow":["GET"]}}],"collection":[{"href":"https:\/\/www.pr-neu.de\/newsroom\/wp-json\/wp\/v2\/posts"}],"about":[{"href":"https:\/\/www.pr-neu.de\/newsroom\/wp-json\/wp\/v2\/types\/post"}],"author":[{"embeddable":true,"href":"https:\/\/www.pr-neu.de\/newsroom\/wp-json\/wp\/v2\/users\/6"}],"replies":[{"embeddable":true,"href":"https:\/\/www.pr-neu.de\/newsroom\/wp-json\/wp\/v2\/comments?post=9998"}],"version-history":[{"count":4,"href":"https:\/\/www.pr-neu.de\/newsroom\/wp-json\/wp\/v2\/posts\/9998\/revisions"}],"predecessor-version":[{"id":11494,"href":"https:\/\/www.pr-neu.de\/newsroom\/wp-json\/wp\/v2\/posts\/9998\/revisions\/11494"}],"wp:featuredmedia":[{"embeddable":true,"href":"https:\/\/www.pr-neu.de\/newsroom\/wp-json\/wp\/v2\/media\/9999"}],"wp:attachment":[{"href":"https:\/\/www.pr-neu.de\/newsroom\/wp-json\/wp\/v2\/media?parent=9998"}],"wp:term":[{"taxonomy":"category","embeddable":true,"href":"https:\/\/www.pr-neu.de\/newsroom\/wp-json\/wp\/v2\/categories?post=9998"},{"taxonomy":"post_tag","embeddable":true,"href":"https:\/\/www.pr-neu.de\/newsroom\/wp-json\/wp\/v2\/tags?post=9998"}],"curies":[{"name":"wp","href":"https:\/\/api.w.org\/{rel}","templated":true}]}}