{"id":9990,"date":"2019-03-20T01:00:50","date_gmt":"2019-03-20T00:00:50","guid":{"rendered":"http:\/\/www.pr-nord.de\/newsroom\/?p=9990"},"modified":"2020-05-18T15:04:19","modified_gmt":"2020-05-18T13:04:19","slug":"grundieren-bequem-und-tief","status":"publish","type":"post","link":"https:\/\/www.pr-neu.de\/newsroom\/grundieren-bequem-und-tief\/","title":{"rendered":"Grundieren \u2013 bequem und tief"},"content":{"rendered":"<p><strong>Neu von S\u00fcdwest zur FAF 2019: Universal-Gel-Grundierung \u201eThixGrund\u201c<\/strong><\/p>\n<p>Hohe Eindringtiefe und einfache Applikation: Was bislang bei Grundierungen ein Widerspruch war, gibt es jetzt mit dem neuen \u201eThixGrund\u201c von S\u00fcdwest vereint. Die gebrauchsfertige, transparente Universalgrundierung f\u00fcr innen und au\u00dfen zeichnet sich sowohl durch hohes Eindringverm\u00f6gen aus als auch aufgrund der innovativen Gel-Technologie mit besonders einfacher und komfortabler Verarbeitung: Der \u201eThixGrund\u201c l\u00e4sst sich tropffrei streichen, rollen und sogar spritzen \u2013 auch \u00fcber Kopf. Durch Applikation mit der Rolle oder der Spritz-Maschine spart der Maler viel Zeit im Vergleich zum konventionellen Auftrag. Die Grundierung eignet sich besonders f\u00fcr saugf\u00e4hige Fl\u00e4chen wie mineralische Putze, Mauerwerk, Gips- und Gipskartonplatten. Sie wirkt untergrundverfestigend, saugf\u00e4higkeitsregulierend sowie haftvermittelnd und bereitet Fl\u00e4chen ideal auf alle Folgeschichten vor. Auch \u00f6kologisch punktet der ThixGrund. Er ist emissionsarm, l\u00f6semittel- und weichmacherfrei (T\u00dcV-Gutachten) und enth\u00e4lt keine foggingaktiven Substanzen.<\/p>\n<hr \/>\n<p><a href=\"http:\/\/www.pr-neu.de\/newsroom\/wordpress\/wp-content\/uploads\/2019\/02\/19-03-ThixGrund_G.jpg\" target=\"_blank\" rel=\"noopener noreferrer\"><img loading=\"lazy\" decoding=\"async\" class=\"aligncenter wp-image-9992 size-medium\" src=\"http:\/\/www.pr-neu.de\/newsroom\/wordpress\/wp-content\/uploads\/2019\/02\/19-03-ThixGrund_G-200x300.jpg\" alt=\"\" width=\"200\" height=\"300\" srcset=\"https:\/\/www.pr-neu.de\/newsroom\/wordpress\/wp-content\/uploads\/2019\/02\/19-03-ThixGrund_G-200x300.jpg 200w, https:\/\/www.pr-neu.de\/newsroom\/wordpress\/wp-content\/uploads\/2019\/02\/19-03-ThixGrund_G-768x1152.jpg 768w, https:\/\/www.pr-neu.de\/newsroom\/wordpress\/wp-content\/uploads\/2019\/02\/19-03-ThixGrund_G-683x1024.jpg 683w, https:\/\/www.pr-neu.de\/newsroom\/wordpress\/wp-content\/uploads\/2019\/02\/19-03-ThixGrund_G-73x110.jpg 73w, https:\/\/www.pr-neu.de\/newsroom\/wordpress\/wp-content\/uploads\/2019\/02\/19-03-ThixGrund_G-280x420.jpg 280w, https:\/\/www.pr-neu.de\/newsroom\/wordpress\/wp-content\/uploads\/2019\/02\/19-03-ThixGrund_G-287x430.jpg 287w\" sizes=\"auto, (max-width: 200px) 100vw, 200px\" \/><\/a><\/p>\n<p style=\"text-align: center;\">Tropft nicht \u2013 und funktioniert innen wie au\u00dfen:<br \/>\nDie neue Universalgrundierung \u201eThixGrund\u201c von S\u00fcdwest.<br \/>\nSie verbindet durch ihre gelartige Konsistenz hohe<br \/>\nEindringtiefe mit optimalen Verarbeitungseigenschaften.<br \/>\nFoto: S\u00fcdwest<\/p>\n<hr \/>\n<p>Abdruck honorarfrei, Belegexemplar erbeten<\/p>\n","protected":false},"excerpt":{"rendered":"<p>Neu von S\u00fcdwest zur FAF 2019: Universal-Gel-Grundierung \u201eThixGrund\u201c Hohe Eindringtiefe und einfache Applikation: Was bislang bei Grundierungen ein Widerspruch war, gibt es jetzt mit dem neuen \u201eThixGrund\u201c von S\u00fcdwest vereint. Die gebrauchsfertige, transparente Universalgrundierung f\u00fcr innen und au\u00dfen zeichnet sich sowohl durch hohes Eindringverm\u00f6gen aus als auch aufgrund der innovativen Gel-Technologie mit besonders einfacher und [&hellip;]<\/p>\n","protected":false},"author":6,"featured_media":9991,"comment_status":"closed","ping_status":"open","sticky":false,"template":"","format":"standard","meta":{"footnotes":""},"categories":[17],"tags":[],"class_list":["post-9990","post","type-post","status-publish","format-standard","has-post-thumbnail","hentry","category-sudwest"],"_links":{"self":[{"href":"https:\/\/www.pr-neu.de\/newsroom\/wp-json\/wp\/v2\/posts\/9990","targetHints":{"allow":["GET"]}}],"collection":[{"href":"https:\/\/www.pr-neu.de\/newsroom\/wp-json\/wp\/v2\/posts"}],"about":[{"href":"https:\/\/www.pr-neu.de\/newsroom\/wp-json\/wp\/v2\/types\/post"}],"author":[{"embeddable":true,"href":"https:\/\/www.pr-neu.de\/newsroom\/wp-json\/wp\/v2\/users\/6"}],"replies":[{"embeddable":true,"href":"https:\/\/www.pr-neu.de\/newsroom\/wp-json\/wp\/v2\/comments?post=9990"}],"version-history":[{"count":4,"href":"https:\/\/www.pr-neu.de\/newsroom\/wp-json\/wp\/v2\/posts\/9990\/revisions"}],"predecessor-version":[{"id":11493,"href":"https:\/\/www.pr-neu.de\/newsroom\/wp-json\/wp\/v2\/posts\/9990\/revisions\/11493"}],"wp:featuredmedia":[{"embeddable":true,"href":"https:\/\/www.pr-neu.de\/newsroom\/wp-json\/wp\/v2\/media\/9991"}],"wp:attachment":[{"href":"https:\/\/www.pr-neu.de\/newsroom\/wp-json\/wp\/v2\/media?parent=9990"}],"wp:term":[{"taxonomy":"category","embeddable":true,"href":"https:\/\/www.pr-neu.de\/newsroom\/wp-json\/wp\/v2\/categories?post=9990"},{"taxonomy":"post_tag","embeddable":true,"href":"https:\/\/www.pr-neu.de\/newsroom\/wp-json\/wp\/v2\/tags?post=9990"}],"curies":[{"name":"wp","href":"https:\/\/api.w.org\/{rel}","templated":true}]}}