{"id":9985,"date":"2019-03-20T01:00:05","date_gmt":"2019-03-20T00:00:05","guid":{"rendered":"http:\/\/www.pr-nord.de\/newsroom\/?p=9985"},"modified":"2020-05-18T15:04:33","modified_gmt":"2020-05-18T13:04:33","slug":"holz-bionisch-geschuetzt","status":"publish","type":"post","link":"https:\/\/www.pr-neu.de\/newsroom\/holz-bionisch-geschuetzt\/","title":{"rendered":"Holz \u2013 bionisch gesch\u00fctzt"},"content":{"rendered":"<p>FAF-Neuheit: S\u00fcdwest \u201eDrytec HolzProtect\u201c \u2013 Bionischer Schutz jetzt auch f\u00fcr Holz<\/p>\n<p><strong>Mit der neuen \u201eDrytec HolzProtect\u201c pr\u00e4sentierte S\u00fcdwest (B\u00f6hl-Iggelheim) zur FAF 2019 eine funktionelle bionische Beschichtung, die nun auch Holzfassaden optimalen Wetterschutz bietet. Die Farbe l\u00e4sst Feuchtigkeit schnell abflie\u00dfen und h\u00e4lt die Fassade trocken, sodass die Algen- und Pilzbildung erschwert wird. Zudem sch\u00fctzt die innovative \u201eSun-Block-Technologie\u201c vor UV-Strahlung und sorgt so f\u00fcr langfristig farbtonstabile und sch\u00f6ne Oberfl\u00e4chen.<\/strong><\/p>\n<p>Schon bei der Entwicklung der innovativen \u201eDrytec\u201c-Fassadenfarbe orientierte sich das Forscherteam an einem bionischen Funktionsprinzip: Die mikrostrukturierte Oberfl\u00e4che ist der noppenartigen Panzerstruktur des in der W\u00fcste lebenden Nebeltrinkerk\u00e4fers nachempfunden. Auf die Fassade \u00fcbertragen hei\u00dft das, dass Wassertropfen umgehend abflie\u00dfen \u2013 die Fassade trocknet schnell und wird so langfristig vor Feuchtesch\u00e4den bewahrt. Die neue \u201eDrytec HolzProtect\u201c greift diese Technologie auf und ber\u00fccksichtigt dabei die speziellen Anforderungen des nat\u00fcrlichen Werkstoffs Holz.<\/p>\n<p>Als organischer Werkstoff ben\u00f6tigt Holz besonderen Schutz \u2013 vor allem gegen Feuchte, denn sonst drohen Algen und Pilze. \u201eDrytec HolzProtect\u201c l\u00e4sst Feuchtigkeit rasch abflie\u00dfen, innovative verkapselte Filmkonservierer, die je nach Intensit\u00e4t der Bewitterung aktiviert werden, sorgen f\u00fcr zus\u00e4tzlichen Schutz. Das elastische Bindemittel nimmt zudem leichte Bewegungen im Holz auf, ohne zu rei\u00dfen \u2013 das macht \u201eDrytec HolzProtect\u201c insbesondere f\u00fcr nicht-ma\u00dfhaltige Holzbauteile zur richtigen Wahl.<\/p>\n<p>Auch UV-Strahlung muss eine Holzoberfl\u00e4che au\u00dfen standhalten. \u201eDrytec HolzProtect\u201c wurde daher mit \u201eSun-Block-Technologie\u201c ausgestattet: Diese absorbiert UV-Strahlen und sch\u00fctzt Bindemittel und Pigmente wirkungsvoll. Im Ergebnis zeigt die Fassadenfarbe eine \u00e4u\u00dferst hohe Farbtonstabilit\u00e4t und minimale Kreidung \u2013 Holzfl\u00e4chen bleiben lange sch\u00f6n und intakt.<\/p>\n<p>\u201eDrytec HolzProtect\u201c l\u00e4sst sich streichen, rollen oder mit dem Airless-Spritzverfahren verarbeiten. Sie ist in den Gebindegr\u00f6\u00dfen 2,5 und 10 Liter erh\u00e4ltlich und in allen Farbt\u00f6nen des All-Color-Mix-Systems t\u00f6nbar \u2013 damit k\u00f6nnen auch gestalterisch alle W\u00fcnsche erf\u00fcllt werden.<\/p>\n<hr \/>\n<p><a href=\"http:\/\/www.pr-neu.de\/newsroom\/wordpress\/wp-content\/uploads\/2019\/02\/19-01_drytec_Haus_G.jpg\" target=\"_blank\" rel=\"noopener noreferrer\"><img loading=\"lazy\" decoding=\"async\" class=\"aligncenter wp-image-9986 size-medium\" src=\"http:\/\/www.pr-neu.de\/newsroom\/wordpress\/wp-content\/uploads\/2019\/02\/19-01_drytec_Haus_G-300x201.jpg\" alt=\"\" width=\"300\" height=\"201\" srcset=\"https:\/\/www.pr-neu.de\/newsroom\/wordpress\/wp-content\/uploads\/2019\/02\/19-01_drytec_Haus_G-300x201.jpg 300w, https:\/\/www.pr-neu.de\/newsroom\/wordpress\/wp-content\/uploads\/2019\/02\/19-01_drytec_Haus_G-768x516.jpg 768w, https:\/\/www.pr-neu.de\/newsroom\/wordpress\/wp-content\/uploads\/2019\/02\/19-01_drytec_Haus_G-1024x687.jpg 1024w, https:\/\/www.pr-neu.de\/newsroom\/wordpress\/wp-content\/uploads\/2019\/02\/19-01_drytec_Haus_G-110x74.jpg 110w, https:\/\/www.pr-neu.de\/newsroom\/wordpress\/wp-content\/uploads\/2019\/02\/19-01_drytec_Haus_G-420x282.jpg 420w, https:\/\/www.pr-neu.de\/newsroom\/wordpress\/wp-content\/uploads\/2019\/02\/19-01_drytec_Haus_G-641x430.jpg 641w, https:\/\/www.pr-neu.de\/newsroom\/wordpress\/wp-content\/uploads\/2019\/02\/19-01_drytec_Haus_G.jpg 1795w\" sizes=\"auto, (max-width: 300px) 100vw, 300px\" \/><\/a><\/p>\n<p style=\"text-align: center;\">Mit \u201eDrytec HolzProtect\u201c stellte S\u00fcdwest auf der FAF ein weiteres<br \/>\nbionisches Produkt vor. \u201eDrytec HolzProtect\u201c trocknet Holzoberfl\u00e4chen<br \/>\nin Rekordgeschwindigkeit, erschwert so Algen- und Pilzbefall und<br \/>\nsch\u00fctzt die Farbtonintensit\u00e4t durch eine Sun-Block-Technologie.<br \/>\nFoto: Fotolia<\/p>\n<hr \/>\n<p>Abdruck honorarfrei, Belegexemplar erbeten<\/p>\n","protected":false},"excerpt":{"rendered":"<p>FAF-Neuheit: S\u00fcdwest \u201eDrytec HolzProtect\u201c \u2013 Bionischer Schutz jetzt auch f\u00fcr Holz Mit der neuen \u201eDrytec HolzProtect\u201c pr\u00e4sentierte S\u00fcdwest (B\u00f6hl-Iggelheim) zur FAF 2019 eine funktionelle bionische Beschichtung, die nun auch Holzfassaden optimalen Wetterschutz bietet. Die Farbe l\u00e4sst Feuchtigkeit schnell abflie\u00dfen und h\u00e4lt die Fassade trocken, sodass die Algen- und Pilzbildung erschwert wird. Zudem sch\u00fctzt die innovative [&hellip;]<\/p>\n","protected":false},"author":6,"featured_media":9986,"comment_status":"closed","ping_status":"open","sticky":false,"template":"","format":"standard","meta":{"footnotes":""},"categories":[17],"tags":[],"class_list":["post-9985","post","type-post","status-publish","format-standard","has-post-thumbnail","hentry","category-sudwest"],"_links":{"self":[{"href":"https:\/\/www.pr-neu.de\/newsroom\/wp-json\/wp\/v2\/posts\/9985","targetHints":{"allow":["GET"]}}],"collection":[{"href":"https:\/\/www.pr-neu.de\/newsroom\/wp-json\/wp\/v2\/posts"}],"about":[{"href":"https:\/\/www.pr-neu.de\/newsroom\/wp-json\/wp\/v2\/types\/post"}],"author":[{"embeddable":true,"href":"https:\/\/www.pr-neu.de\/newsroom\/wp-json\/wp\/v2\/users\/6"}],"replies":[{"embeddable":true,"href":"https:\/\/www.pr-neu.de\/newsroom\/wp-json\/wp\/v2\/comments?post=9985"}],"version-history":[{"count":4,"href":"https:\/\/www.pr-neu.de\/newsroom\/wp-json\/wp\/v2\/posts\/9985\/revisions"}],"predecessor-version":[{"id":11495,"href":"https:\/\/www.pr-neu.de\/newsroom\/wp-json\/wp\/v2\/posts\/9985\/revisions\/11495"}],"wp:featuredmedia":[{"embeddable":true,"href":"https:\/\/www.pr-neu.de\/newsroom\/wp-json\/wp\/v2\/media\/9986"}],"wp:attachment":[{"href":"https:\/\/www.pr-neu.de\/newsroom\/wp-json\/wp\/v2\/media?parent=9985"}],"wp:term":[{"taxonomy":"category","embeddable":true,"href":"https:\/\/www.pr-neu.de\/newsroom\/wp-json\/wp\/v2\/categories?post=9985"},{"taxonomy":"post_tag","embeddable":true,"href":"https:\/\/www.pr-neu.de\/newsroom\/wp-json\/wp\/v2\/tags?post=9985"}],"curies":[{"name":"wp","href":"https:\/\/api.w.org\/{rel}","templated":true}]}}