{"id":9895,"date":"2019-03-20T08:00:44","date_gmt":"2019-03-20T07:00:44","guid":{"rendered":"http:\/\/www.pr-nord.de\/newsroom\/?p=9895"},"modified":"2020-05-19T09:44:03","modified_gmt":"2020-05-19T07:44:03","slug":"seriengefertigte-unikate-2","status":"publish","type":"post","link":"https:\/\/www.pr-neu.de\/newsroom\/seriengefertigte-unikate-2\/","title":{"rendered":"Seriengefertigte Unikate"},"content":{"rendered":"<p><u>Putzelemente f\u00fcr die Fassadengestaltung<\/u><\/p>\n<p><strong>Sie sind seriengefertigt und gleichzeitig einzigartig, da die jeweils f\u00fcr ein Bauvorhaben gefertigten Serien stets gem\u00e4\u00df Kundenwunsch gestaltet werden: die vorgefertigten Putz\u00adelemente Sto-Ecoshapes. Sie bestehen zu \u00fcber 90 Prozent aus mineralischen Komponenten. Ihr Einsatz f\u00fchrt zu effi\u00adzienten Baustellenabl\u00e4ufen und sorgt durch konstante Oberfl\u00e4chenqualit\u00e4t f\u00fcr maximale Ergebnissicherheit.<\/strong><\/p>\n<p>Die flexiblen Sto-Ecoshape-Putzelemente werden gem\u00e4\u00df den Vorgaben des Planersin einem maximalen Format von 840 x 420 x 8 Millimetern gefertigt. F\u00fcr ihre Gestaltung k\u00f6nnen eine ganze Reihe von Parametern beeinflusst werden: Form, Textur und Farbe sind nahezu frei w\u00e4hlbar. Im Rahmen eines hand\u00adwerklich begleiteten Vorfertigungsprozesses werden die Ele\u00admente in der jeweils ben\u00f6tigten Menge gefertigt. Dabei k\u00f6nnen die Oberfl\u00e4chen handwerklich texturiert und mit additiven Farb\u00adt\u00f6nen sowie Zuschl\u00e4gen (zum Beispiel Effektmischungen aus Glas) versehen werden.<\/p>\n<p><strong>Vollfl\u00e4chige Verklebung<\/strong><\/p>\n<p><strong>\u00a0<\/strong>Sto-Ecoshapes k\u00f6nnen auf allen tragf\u00e4higen Untergr\u00fcnden auf\u00adgebracht werden. Dazu geh\u00f6ren auch WDVS und VHF. Wie ein Oberputz ben\u00f6tigen die Putzelemente einen Unterputz. Der Klebe- und Fugenm\u00f6rtel wird mit der Zahntraufel aufgezogen und unmittelbar mit den Putzelementen belegt. Dabei werden sie mit einer schiebenden Bewegung vollfl\u00e4chig in den M\u00f6rtel gedr\u00fcckt. Die Elemente eignen sich dank ihrer Elastizit\u00e4t auch f\u00fcr einseitig gekr\u00fcmmte Fassaden (Mindestradius: 12 cm). Bei engen Radien werden die Elemente vor der Verarbeitung erw\u00e4rmt. Fugen werden mit einem feuchten Pinsel glatt\u00adgestrichen. Nach dem manuellen Einschwimmen sind die Sto-Ecoshapes zus\u00e4tzlich mit einer Moosgummirolle oder einem Schwammbrett anzudr\u00fccken. Ihre Dauerhaftigkeit und Sto\u00df\u00adfestigkeit entsprechen \u2013 abh\u00e4ngig vom Untergrund \u2013 der eines klassisch verarbeiteten Oberputzes.<\/p>\n<hr \/>\n<p><a href=\"http:\/\/www.pr-neu.de\/newsroom\/wordpress\/wp-content\/uploads\/2019\/02\/19-08-Sto-Ecoshapes_01_G.jpg\" target=\"_blank\" rel=\"noopener noreferrer\"><img loading=\"lazy\" decoding=\"async\" class=\"aligncenter wp-image-9896 size-medium\" src=\"http:\/\/www.pr-neu.de\/newsroom\/wordpress\/wp-content\/uploads\/2019\/02\/19-08-Sto-Ecoshapes_01_G-300x201.jpg\" alt=\"\" width=\"300\" height=\"201\" srcset=\"https:\/\/www.pr-neu.de\/newsroom\/wordpress\/wp-content\/uploads\/2019\/02\/19-08-Sto-Ecoshapes_01_G-300x201.jpg 300w, https:\/\/www.pr-neu.de\/newsroom\/wordpress\/wp-content\/uploads\/2019\/02\/19-08-Sto-Ecoshapes_01_G-768x516.jpg 768w, https:\/\/www.pr-neu.de\/newsroom\/wordpress\/wp-content\/uploads\/2019\/02\/19-08-Sto-Ecoshapes_01_G-1024x687.jpg 1024w, https:\/\/www.pr-neu.de\/newsroom\/wordpress\/wp-content\/uploads\/2019\/02\/19-08-Sto-Ecoshapes_01_G-110x74.jpg 110w, https:\/\/www.pr-neu.de\/newsroom\/wordpress\/wp-content\/uploads\/2019\/02\/19-08-Sto-Ecoshapes_01_G-420x282.jpg 420w, https:\/\/www.pr-neu.de\/newsroom\/wordpress\/wp-content\/uploads\/2019\/02\/19-08-Sto-Ecoshapes_01_G-641x430.jpg 641w, https:\/\/www.pr-neu.de\/newsroom\/wordpress\/wp-content\/uploads\/2019\/02\/19-08-Sto-Ecoshapes_01_G.jpg 1795w\" sizes=\"auto, (max-width: 300px) 100vw, 300px\" \/><\/a><\/p>\n<p style=\"text-align: center;\">Beim Kulturhus De Spil im holl\u00e4ndischen Nieuwleusen kamen mono\u00adchrome<br \/>\nPutz\u00adelemente zum Einsatz. Die vor\u00adgefertigten Sto-Ecoshapes wurden vom<br \/>\nFachhandwerker verklebt, was dank ihrer Elastizit\u00e4t auch auf dem runden<br \/>\nBauk\u00f6rper m\u00f6glich war.<br \/>\nFoto: Ronald Tilleman \/ Sto SE &amp; Co. KGaA<\/p>\n<p><a href=\"http:\/\/www.pr-neu.de\/newsroom\/wordpress\/wp-content\/uploads\/2019\/02\/19-08-Sto-Ecoshapes_02_G.jpg\" target=\"_blank\" rel=\"noopener noreferrer\"><img loading=\"lazy\" decoding=\"async\" class=\"aligncenter wp-image-9897 size-medium\" src=\"http:\/\/www.pr-neu.de\/newsroom\/wordpress\/wp-content\/uploads\/2019\/02\/19-08-Sto-Ecoshapes_02_G-300x200.jpg\" alt=\"\" width=\"300\" height=\"200\" srcset=\"https:\/\/www.pr-neu.de\/newsroom\/wordpress\/wp-content\/uploads\/2019\/02\/19-08-Sto-Ecoshapes_02_G-300x200.jpg 300w, https:\/\/www.pr-neu.de\/newsroom\/wordpress\/wp-content\/uploads\/2019\/02\/19-08-Sto-Ecoshapes_02_G-768x512.jpg 768w, https:\/\/www.pr-neu.de\/newsroom\/wordpress\/wp-content\/uploads\/2019\/02\/19-08-Sto-Ecoshapes_02_G-1024x683.jpg 1024w, https:\/\/www.pr-neu.de\/newsroom\/wordpress\/wp-content\/uploads\/2019\/02\/19-08-Sto-Ecoshapes_02_G-110x73.jpg 110w, https:\/\/www.pr-neu.de\/newsroom\/wordpress\/wp-content\/uploads\/2019\/02\/19-08-Sto-Ecoshapes_02_G-420x280.jpg 420w, https:\/\/www.pr-neu.de\/newsroom\/wordpress\/wp-content\/uploads\/2019\/02\/19-08-Sto-Ecoshapes_02_G-645x430.jpg 645w, https:\/\/www.pr-neu.de\/newsroom\/wordpress\/wp-content\/uploads\/2019\/02\/19-08-Sto-Ecoshapes_02_G.jpg 1795w\" sizes=\"auto, (max-width: 300px) 100vw, 300px\" \/><\/a><\/p>\n<p style=\"text-align: center;\">Unter der hellbeigen Fassade aus vor\u00adgefertigten Putz\u00adelementen<br \/>\nsteckt ein hocheffizientes W\u00e4rmed\u00e4mm-Verbundsystem (StoTherm Classic).<br \/>\nFoto: Ronald Tilleman \/ Sto SE &amp; Co. KGaA<\/p>\n<p><a href=\"http:\/\/www.pr-neu.de\/newsroom\/wordpress\/wp-content\/uploads\/2019\/02\/19-08-Sto-Ecoshapes_03_G.jpg\" target=\"_blank\" rel=\"noopener noreferrer\"><img loading=\"lazy\" decoding=\"async\" class=\"aligncenter wp-image-9898 size-medium\" src=\"http:\/\/www.pr-neu.de\/newsroom\/wordpress\/wp-content\/uploads\/2019\/02\/19-08-Sto-Ecoshapes_03_G-200x300.jpg\" alt=\"\" width=\"200\" height=\"300\" srcset=\"https:\/\/www.pr-neu.de\/newsroom\/wordpress\/wp-content\/uploads\/2019\/02\/19-08-Sto-Ecoshapes_03_G-200x300.jpg 200w, https:\/\/www.pr-neu.de\/newsroom\/wordpress\/wp-content\/uploads\/2019\/02\/19-08-Sto-Ecoshapes_03_G-768x1152.jpg 768w, https:\/\/www.pr-neu.de\/newsroom\/wordpress\/wp-content\/uploads\/2019\/02\/19-08-Sto-Ecoshapes_03_G-683x1024.jpg 683w, https:\/\/www.pr-neu.de\/newsroom\/wordpress\/wp-content\/uploads\/2019\/02\/19-08-Sto-Ecoshapes_03_G-73x110.jpg 73w, https:\/\/www.pr-neu.de\/newsroom\/wordpress\/wp-content\/uploads\/2019\/02\/19-08-Sto-Ecoshapes_03_G-280x420.jpg 280w, https:\/\/www.pr-neu.de\/newsroom\/wordpress\/wp-content\/uploads\/2019\/02\/19-08-Sto-Ecoshapes_03_G-287x430.jpg 287w, https:\/\/www.pr-neu.de\/newsroom\/wordpress\/wp-content\/uploads\/2019\/02\/19-08-Sto-Ecoshapes_03_G.jpg 1197w\" sizes=\"auto, (max-width: 200px) 100vw, 200px\" \/><\/a><\/p>\n<p style=\"text-align: center;\">Die rechtwinklig gegeneinander angeordneten Sto-Ecoshapes<br \/>\nwirken wie miteinander verflochten. Aus der N\u00e4he betrachtet,<br \/>\nwird ihre feine, im Werk mittels Schablone erzeugte Reliefstruktur sichtbar.<br \/>\nFoto: Ronald Tilleman \/ Sto SE &amp; Co. KGaA<\/p>\n<p><a href=\"http:\/\/www.pr-neu.de\/newsroom\/wordpress\/wp-content\/uploads\/2019\/02\/19-08-Sto-Ecoshapes_04_G.jpg\" target=\"_blank\" rel=\"noopener noreferrer\"><img loading=\"lazy\" decoding=\"async\" class=\"aligncenter wp-image-9899 size-medium\" src=\"http:\/\/www.pr-neu.de\/newsroom\/wordpress\/wp-content\/uploads\/2019\/02\/19-08-Sto-Ecoshapes_04_G-291x300.jpg\" alt=\"\" width=\"291\" height=\"300\" srcset=\"https:\/\/www.pr-neu.de\/newsroom\/wordpress\/wp-content\/uploads\/2019\/02\/19-08-Sto-Ecoshapes_04_G-291x300.jpg 291w, https:\/\/www.pr-neu.de\/newsroom\/wordpress\/wp-content\/uploads\/2019\/02\/19-08-Sto-Ecoshapes_04_G-768x792.jpg 768w, https:\/\/www.pr-neu.de\/newsroom\/wordpress\/wp-content\/uploads\/2019\/02\/19-08-Sto-Ecoshapes_04_G-993x1024.jpg 993w, https:\/\/www.pr-neu.de\/newsroom\/wordpress\/wp-content\/uploads\/2019\/02\/19-08-Sto-Ecoshapes_04_G-107x110.jpg 107w, https:\/\/www.pr-neu.de\/newsroom\/wordpress\/wp-content\/uploads\/2019\/02\/19-08-Sto-Ecoshapes_04_G-407x420.jpg 407w, https:\/\/www.pr-neu.de\/newsroom\/wordpress\/wp-content\/uploads\/2019\/02\/19-08-Sto-Ecoshapes_04_G-417x430.jpg 417w, https:\/\/www.pr-neu.de\/newsroom\/wordpress\/wp-content\/uploads\/2019\/02\/19-08-Sto-Ecoshapes_04_G.jpg 1205w\" sizes=\"auto, (max-width: 291px) 100vw, 291px\" \/><\/a><\/p>\n<p style=\"text-align: center;\">Auch bei der Kombination von unterschiedlich strukturierten Putzelementen<br \/>\nist die Verarbeitung einfach: Nach dem manuellen Einschwimmen in den<br \/>\nM\u00f6rtel werden die Sto-Ecoshapes mit einer Tapezierrolle angedr\u00fcckt.<br \/>\nFoto: Sto SE &amp; Co. KGaA<\/p>\n<p style=\"text-align: center;\"><a href=\"http:\/\/www.pr-neu.de\/newsroom\/wordpress\/wp-content\/uploads\/2019\/02\/19-08-Sto-Ecoshapes_05_G.jpg\" target=\"_blank\" rel=\"noopener noreferrer\"><img loading=\"lazy\" decoding=\"async\" class=\"aligncenter wp-image-9900 size-medium\" src=\"http:\/\/www.pr-neu.de\/newsroom\/wordpress\/wp-content\/uploads\/2019\/02\/19-08-Sto-Ecoshapes_05_G-201x300.jpg\" alt=\"\" width=\"201\" height=\"300\" srcset=\"https:\/\/www.pr-neu.de\/newsroom\/wordpress\/wp-content\/uploads\/2019\/02\/19-08-Sto-Ecoshapes_05_G-201x300.jpg 201w, https:\/\/www.pr-neu.de\/newsroom\/wordpress\/wp-content\/uploads\/2019\/02\/19-08-Sto-Ecoshapes_05_G-768x1144.jpg 768w, https:\/\/www.pr-neu.de\/newsroom\/wordpress\/wp-content\/uploads\/2019\/02\/19-08-Sto-Ecoshapes_05_G-687x1024.jpg 687w, https:\/\/www.pr-neu.de\/newsroom\/wordpress\/wp-content\/uploads\/2019\/02\/19-08-Sto-Ecoshapes_05_G-74x110.jpg 74w, https:\/\/www.pr-neu.de\/newsroom\/wordpress\/wp-content\/uploads\/2019\/02\/19-08-Sto-Ecoshapes_05_G-282x420.jpg 282w, https:\/\/www.pr-neu.de\/newsroom\/wordpress\/wp-content\/uploads\/2019\/02\/19-08-Sto-Ecoshapes_05_G-289x430.jpg 289w, https:\/\/www.pr-neu.de\/newsroom\/wordpress\/wp-content\/uploads\/2019\/02\/19-08-Sto-Ecoshapes_05_G.jpg 1205w\" sizes=\"auto, (max-width: 201px) 100vw, 201px\" \/><\/a>Systemaufbau mit Sto-Ecoshapes (mit Polystyrold\u00e4mmung)<br \/>\nFoto: Sto SE &amp; Co. KGaA<\/p>\n<hr \/>\n<p>Abdruck honorarfrei, Belegexemplar erbeten<\/p>\n","protected":false},"excerpt":{"rendered":"<p>Putzelemente f\u00fcr die Fassadengestaltung Sie sind seriengefertigt und gleichzeitig einzigartig, da die jeweils f\u00fcr ein Bauvorhaben gefertigten Serien stets gem\u00e4\u00df Kundenwunsch gestaltet werden: die vorgefertigten Putz\u00adelemente Sto-Ecoshapes. Sie bestehen zu \u00fcber 90 Prozent aus mineralischen Komponenten. Ihr Einsatz f\u00fchrt zu effi\u00adzienten Baustellenabl\u00e4ufen und sorgt durch konstante Oberfl\u00e4chenqualit\u00e4t f\u00fcr maximale Ergebnissicherheit. Die flexiblen Sto-Ecoshape-Putzelemente werden gem\u00e4\u00df [&hellip;]<\/p>\n","protected":false},"author":8,"featured_media":9899,"comment_status":"closed","ping_status":"open","sticky":false,"template":"","format":"standard","meta":{"footnotes":""},"categories":[15],"tags":[],"class_list":["post-9895","post","type-post","status-publish","format-standard","has-post-thumbnail","hentry","category-sto"],"_links":{"self":[{"href":"https:\/\/www.pr-neu.de\/newsroom\/wp-json\/wp\/v2\/posts\/9895","targetHints":{"allow":["GET"]}}],"collection":[{"href":"https:\/\/www.pr-neu.de\/newsroom\/wp-json\/wp\/v2\/posts"}],"about":[{"href":"https:\/\/www.pr-neu.de\/newsroom\/wp-json\/wp\/v2\/types\/post"}],"author":[{"embeddable":true,"href":"https:\/\/www.pr-neu.de\/newsroom\/wp-json\/wp\/v2\/users\/8"}],"replies":[{"embeddable":true,"href":"https:\/\/www.pr-neu.de\/newsroom\/wp-json\/wp\/v2\/comments?post=9895"}],"version-history":[{"count":5,"href":"https:\/\/www.pr-neu.de\/newsroom\/wp-json\/wp\/v2\/posts\/9895\/revisions"}],"predecessor-version":[{"id":11761,"href":"https:\/\/www.pr-neu.de\/newsroom\/wp-json\/wp\/v2\/posts\/9895\/revisions\/11761"}],"wp:featuredmedia":[{"embeddable":true,"href":"https:\/\/www.pr-neu.de\/newsroom\/wp-json\/wp\/v2\/media\/9899"}],"wp:attachment":[{"href":"https:\/\/www.pr-neu.de\/newsroom\/wp-json\/wp\/v2\/media?parent=9895"}],"wp:term":[{"taxonomy":"category","embeddable":true,"href":"https:\/\/www.pr-neu.de\/newsroom\/wp-json\/wp\/v2\/categories?post=9895"},{"taxonomy":"post_tag","embeddable":true,"href":"https:\/\/www.pr-neu.de\/newsroom\/wp-json\/wp\/v2\/tags?post=9895"}],"curies":[{"name":"wp","href":"https:\/\/api.w.org\/{rel}","templated":true}]}}