{"id":9875,"date":"2019-02-08T11:32:46","date_gmt":"2019-02-08T10:32:46","guid":{"rendered":"http:\/\/www.pr-nord.de\/newsroom\/?p=9875"},"modified":"2020-05-19T09:11:07","modified_gmt":"2020-05-19T07:11:07","slug":"allianz-arena-im-neuen-look","status":"publish","type":"post","link":"https:\/\/www.pr-neu.de\/newsroom\/allianz-arena-im-neuen-look\/","title":{"rendered":"Allianz Arena im neuen Look"},"content":{"rendered":"<p><u>Farbige Beschichtungen sch\u00fctzen Bausubstanz<\/u><\/p>\n<p><strong>Ein stimmiges Farbkonzept und zuverl\u00e4ssiger Betonschutz waren im Innenraum der Allianz Arena M\u00fcnchen gefragt. Umgesetzt wurde dies mit Oberfl\u00e4chenschutz-Systemen von StoCretec (Kriftel). Die Beschichtungen geben der Arena einen neuen Look und sch\u00fctzen die Betonbauteile langfristig.<\/strong><\/p>\n<p>Die Allianz Arena wurde im Mai 2005 er\u00f6ffnet und ist seitdem nicht nur Spielst\u00e4tte f\u00fcr den Fu\u00dfball, sondern dient ebenso als Veranstaltungslocation. Bei Bundesligaspielen bietet die Allianz Arena 75.000 Pl\u00e4tze. Ihre Fassade leuchtet zu verschiedensten Anl\u00e4ssen in unterschiedlichen Farben, was sie als architektonisches Wahrzeichen M\u00fcnchens bekannt machte.<\/p>\n<p>Im Sommer 2018 erhielt der Innenraum der Allianz Arena einen neuen farbigen Look. Die Seitenw\u00e4nde in den Bl\u00f6cken sowie die Setzstufen der Treppen zwischen den Zuschauerr\u00e4ngen bekamen einen Anstrich in Rot, Wei\u00df und Blau. Diese Bauteile bestehen haupts\u00e4chlich aus Stahlbeton. Deshalb kamen die StoCretec Beschichtungen StoCryl V 100 und StoCryl V 200 f\u00fcr die W\u00e4nde und StoPox WL 100 f\u00fcr die Setzstufen zum Einsatz.<\/p>\n<p><strong>Betonschutz verl\u00e4ngert Nutzungsdauer<\/strong><\/p>\n<p>Neben ihrer Funktion als farbiger Anstrich vermindern die Oberfl\u00e4chenschutz-Beschichtungen StoCryl V 100 und StoCryl V 200 die Aufnahme von Wasser und Schadstoffen in den Beton \u2013 so verhindern sie Sch\u00e4den wie Betonabplatzungen oder Stahlkorrosion und damit verbundene kostenintensive Sanierungen. Dennoch kann im Beton vorhandene Feuchtigkeit entweichen, da die Anstriche wasserdampfdiffusionsf\u00e4hig sind. Zus\u00e4tzlich wirken die acrylbasierten Beschichtungen kohlendioxidbremsend. Die Nutzungsdauer der beschichteten Bauteile wird somit deutlich verl\u00e4ngert.<\/p>\n<p>T\u00f6nbar nach RAL-Farbtonf\u00e4cher sowie StoColor-System bieten beide Beschichtungen unz\u00e4hlige Gestaltungsm\u00f6glichkeiten mit gl\u00e4nzender (StoCryl V 100) oder matter (StoCryl V 200) Optik. Die einkomponentigen Anstriche lassen sich einfach und schnell verarbeiten. Zudem entsprechen sie den Anforderungen der EN 1504-2.<\/p>\n<p><strong>Hoch belastbar und emissionsarm<\/strong><\/p>\n<p>Das f\u00fcr die Setzstufen verwendete w\u00e4ssrige Epoxidharz StoPox WL 100 h\u00e4lt hohen mechanischen Belastungen stand, ist VOC emissionsarm (AgBB-gepr\u00fcft) \u2013 und ein Blickfang. Es ist ebenfalls in zahlreichen Farben t\u00f6nbar und bildet eine homogene, gl\u00e4nzende Oberfl\u00e4che. StoPox WL 100 haftet sehr gut am Untergrund, wobei es sowohl auf zementgebundenen Untergr\u00fcnden als auch auf Magnesia- und Calciumsulfatestrichen anwendbar ist. Auch dieses Produkt entspricht den Anforderungen nach EN 1504-2. Nun erstrahlt die Allianz Arena im neuen, frischen Look, und ist f\u00fcr viele Jahre zuverl\u00e4ssig gesch\u00fctzt.<\/p>\n<hr \/>\n<p><strong>Wer &amp; Was<\/strong><\/p>\n<p><strong>Objekt:<\/strong> Allianz Arena, M\u00fcnchen<br \/>\n<strong>Bauherr:<\/strong> Allianz Arena M\u00fcnchen Stadion GmbH, M\u00fcnchen<br \/>\n<strong>Verarbeiter:<\/strong> K\u00fchberger GmbH, M\u00fcnchen; Karl Fahrnbauer, Waldkraiburg<br \/>\n<strong>Fertigstellung:<\/strong> 08\/2018<\/p>\n<p><u>Produkte:<\/u><br \/>\n<strong>Beschichtung Setzstufen:<\/strong><br \/>\nGrundierung: StoPox WL 100<br \/>\nBeschichtung: StoPox WL 100 (RAL 9010 Wei\u00df, RAL 3000 Feuerrot, CI 01723 Blau)<br \/>\n<strong>Beschichtung Seitenw\u00e4nde:<\/strong><br \/>\nGrundierung: StoCryl V 200<br \/>\nBeschichtung: StoCryl V 100 (RAL 3000 Feuerrot, RAL 3004 Purpurrot), StoCryl V 200 (Wei\u00df)<\/p>\n<hr \/>\n<p><a href=\"http:\/\/www.pr-neu.de\/newsroom\/wordpress\/wp-content\/uploads\/2019\/02\/19-02-OB_Allianz_Arena_Muenchen_01_G.jpg\" target=\"_blank\" rel=\"noopener noreferrer\"><img loading=\"lazy\" decoding=\"async\" class=\"aligncenter wp-image-9877 size-medium\" src=\"http:\/\/www.pr-neu.de\/newsroom\/wordpress\/wp-content\/uploads\/2019\/02\/19-02-OB_Allianz_Arena_Muenchen_01_G-300x201.jpg\" alt=\"\" width=\"300\" height=\"201\" srcset=\"https:\/\/www.pr-neu.de\/newsroom\/wordpress\/wp-content\/uploads\/2019\/02\/19-02-OB_Allianz_Arena_Muenchen_01_G-300x201.jpg 300w, https:\/\/www.pr-neu.de\/newsroom\/wordpress\/wp-content\/uploads\/2019\/02\/19-02-OB_Allianz_Arena_Muenchen_01_G-768x516.jpg 768w, https:\/\/www.pr-neu.de\/newsroom\/wordpress\/wp-content\/uploads\/2019\/02\/19-02-OB_Allianz_Arena_Muenchen_01_G-1024x687.jpg 1024w, https:\/\/www.pr-neu.de\/newsroom\/wordpress\/wp-content\/uploads\/2019\/02\/19-02-OB_Allianz_Arena_Muenchen_01_G-110x74.jpg 110w, https:\/\/www.pr-neu.de\/newsroom\/wordpress\/wp-content\/uploads\/2019\/02\/19-02-OB_Allianz_Arena_Muenchen_01_G-420x282.jpg 420w, https:\/\/www.pr-neu.de\/newsroom\/wordpress\/wp-content\/uploads\/2019\/02\/19-02-OB_Allianz_Arena_Muenchen_01_G-641x430.jpg 641w, https:\/\/www.pr-neu.de\/newsroom\/wordpress\/wp-content\/uploads\/2019\/02\/19-02-OB_Allianz_Arena_Muenchen_01_G.jpg 1795w\" sizes=\"auto, (max-width: 300px) 100vw, 300px\" \/><\/a><\/p>\n<p style=\"text-align: center;\">Ein Wahrzeichen M\u00fcnchens:<br \/>\nDie Allianz Arena mit ihrer leuchtenden Au\u00dfenhaut.<br \/>\nFoto: Allianz Arena M\u00fcnchen Stadion GmbH<\/p>\n<p><a href=\"http:\/\/www.pr-neu.de\/newsroom\/wordpress\/wp-content\/uploads\/2019\/02\/19-02-OB_Allianz_Arena_Muenchen_02_G.jpg\" target=\"_blank\" rel=\"noopener noreferrer\"><img loading=\"lazy\" decoding=\"async\" class=\"aligncenter wp-image-9878 size-medium\" src=\"http:\/\/www.pr-neu.de\/newsroom\/wordpress\/wp-content\/uploads\/2019\/02\/19-02-OB_Allianz_Arena_Muenchen_02_G-300x201.jpg\" alt=\"\" width=\"300\" height=\"201\" srcset=\"https:\/\/www.pr-neu.de\/newsroom\/wordpress\/wp-content\/uploads\/2019\/02\/19-02-OB_Allianz_Arena_Muenchen_02_G-300x201.jpg 300w, https:\/\/www.pr-neu.de\/newsroom\/wordpress\/wp-content\/uploads\/2019\/02\/19-02-OB_Allianz_Arena_Muenchen_02_G-768x516.jpg 768w, https:\/\/www.pr-neu.de\/newsroom\/wordpress\/wp-content\/uploads\/2019\/02\/19-02-OB_Allianz_Arena_Muenchen_02_G-1024x687.jpg 1024w, https:\/\/www.pr-neu.de\/newsroom\/wordpress\/wp-content\/uploads\/2019\/02\/19-02-OB_Allianz_Arena_Muenchen_02_G-110x74.jpg 110w, https:\/\/www.pr-neu.de\/newsroom\/wordpress\/wp-content\/uploads\/2019\/02\/19-02-OB_Allianz_Arena_Muenchen_02_G-420x282.jpg 420w, https:\/\/www.pr-neu.de\/newsroom\/wordpress\/wp-content\/uploads\/2019\/02\/19-02-OB_Allianz_Arena_Muenchen_02_G-641x430.jpg 641w, https:\/\/www.pr-neu.de\/newsroom\/wordpress\/wp-content\/uploads\/2019\/02\/19-02-OB_Allianz_Arena_Muenchen_02_G.jpg 1795w\" sizes=\"auto, (max-width: 300px) 100vw, 300px\" \/><\/a><\/p>\n<p style=\"text-align: center;\">Stimmig \u2013 passend zu den Sitzen erhielten<br \/>\nSeitenw\u00e4nde und Setzstufen farbige Anstriche.<br \/>\nFoto: Gerhard Hagen \/ StoCretec<\/p>\n<p><a href=\"http:\/\/www.pr-neu.de\/newsroom\/wordpress\/wp-content\/uploads\/2019\/02\/19-02-OB_Allianz_Arena_Muenchen_03_G.jpg\" target=\"_blank\" rel=\"noopener noreferrer\"><img loading=\"lazy\" decoding=\"async\" class=\"aligncenter wp-image-9879 size-medium\" src=\"http:\/\/www.pr-neu.de\/newsroom\/wordpress\/wp-content\/uploads\/2019\/02\/19-02-OB_Allianz_Arena_Muenchen_03_G-300x201.jpg\" alt=\"\" width=\"300\" height=\"201\" srcset=\"https:\/\/www.pr-neu.de\/newsroom\/wordpress\/wp-content\/uploads\/2019\/02\/19-02-OB_Allianz_Arena_Muenchen_03_G-300x201.jpg 300w, https:\/\/www.pr-neu.de\/newsroom\/wordpress\/wp-content\/uploads\/2019\/02\/19-02-OB_Allianz_Arena_Muenchen_03_G-768x516.jpg 768w, https:\/\/www.pr-neu.de\/newsroom\/wordpress\/wp-content\/uploads\/2019\/02\/19-02-OB_Allianz_Arena_Muenchen_03_G-1024x687.jpg 1024w, https:\/\/www.pr-neu.de\/newsroom\/wordpress\/wp-content\/uploads\/2019\/02\/19-02-OB_Allianz_Arena_Muenchen_03_G-110x74.jpg 110w, https:\/\/www.pr-neu.de\/newsroom\/wordpress\/wp-content\/uploads\/2019\/02\/19-02-OB_Allianz_Arena_Muenchen_03_G-420x282.jpg 420w, https:\/\/www.pr-neu.de\/newsroom\/wordpress\/wp-content\/uploads\/2019\/02\/19-02-OB_Allianz_Arena_Muenchen_03_G-641x430.jpg 641w, https:\/\/www.pr-neu.de\/newsroom\/wordpress\/wp-content\/uploads\/2019\/02\/19-02-OB_Allianz_Arena_Muenchen_03_G.jpg 1795w\" sizes=\"auto, (max-width: 300px) 100vw, 300px\" \/><\/a><\/p>\n<p style=\"text-align: center;\">Das neue Farbkonzept gibt den Besuchern<br \/>\nOrientierung und gliedert die Arena optisch.<br \/>\nFoto: Gerhard Hagen \/ StoCretec<\/p>\n<p><a href=\"http:\/\/www.pr-neu.de\/newsroom\/wordpress\/wp-content\/uploads\/2019\/02\/19-02-OB_Allianz_Arena_Muenchen_04_G.jpg\" target=\"_blank\" rel=\"noopener noreferrer\"><img loading=\"lazy\" decoding=\"async\" class=\"aligncenter wp-image-9876 size-medium\" src=\"http:\/\/www.pr-neu.de\/newsroom\/wordpress\/wp-content\/uploads\/2019\/02\/19-02-OB_Allianz_Arena_Muenchen_04_G-201x300.jpg\" alt=\"\" width=\"201\" height=\"300\" srcset=\"https:\/\/www.pr-neu.de\/newsroom\/wordpress\/wp-content\/uploads\/2019\/02\/19-02-OB_Allianz_Arena_Muenchen_04_G-201x300.jpg 201w, https:\/\/www.pr-neu.de\/newsroom\/wordpress\/wp-content\/uploads\/2019\/02\/19-02-OB_Allianz_Arena_Muenchen_04_G-768x1144.jpg 768w, https:\/\/www.pr-neu.de\/newsroom\/wordpress\/wp-content\/uploads\/2019\/02\/19-02-OB_Allianz_Arena_Muenchen_04_G-687x1024.jpg 687w, https:\/\/www.pr-neu.de\/newsroom\/wordpress\/wp-content\/uploads\/2019\/02\/19-02-OB_Allianz_Arena_Muenchen_04_G-74x110.jpg 74w, https:\/\/www.pr-neu.de\/newsroom\/wordpress\/wp-content\/uploads\/2019\/02\/19-02-OB_Allianz_Arena_Muenchen_04_G-282x420.jpg 282w, https:\/\/www.pr-neu.de\/newsroom\/wordpress\/wp-content\/uploads\/2019\/02\/19-02-OB_Allianz_Arena_Muenchen_04_G-289x430.jpg 289w, https:\/\/www.pr-neu.de\/newsroom\/wordpress\/wp-content\/uploads\/2019\/02\/19-02-OB_Allianz_Arena_Muenchen_04_G.jpg 1205w\" sizes=\"auto, (max-width: 201px) 100vw, 201px\" \/><\/a><\/p>\n<p style=\"text-align: center;\">Die Oberfl\u00e4chen-Beschichtungen StoCryl V 100<br \/>\nund StoCryl V 200 sch\u00fctzen Betonbauteile vor<br \/>\nSchadstoffen und Feuchtigkeit und verl\u00e4ngern<br \/>\nihre Nutzungsdauer deutlich.<br \/>\nFoto: Gerhard Hagen \/ StoCretec<\/p>\n<hr \/>\n<p>Abdruck honorarfrei, Belegexemplar erbeten<\/p>\n","protected":false},"excerpt":{"rendered":"<p>Farbige Beschichtungen sch\u00fctzen Bausubstanz Ein stimmiges Farbkonzept und zuverl\u00e4ssiger Betonschutz waren im Innenraum der Allianz Arena M\u00fcnchen gefragt. Umgesetzt wurde dies mit Oberfl\u00e4chenschutz-Systemen von StoCretec (Kriftel). Die Beschichtungen geben der Arena einen neuen Look und sch\u00fctzen die Betonbauteile langfristig. Die Allianz Arena wurde im Mai 2005 er\u00f6ffnet und ist seitdem nicht nur Spielst\u00e4tte f\u00fcr den [&hellip;]<\/p>\n","protected":false},"author":6,"featured_media":9877,"comment_status":"closed","ping_status":"open","sticky":false,"template":"","format":"standard","meta":{"footnotes":""},"categories":[16],"tags":[],"class_list":["post-9875","post","type-post","status-publish","format-standard","has-post-thumbnail","hentry","category-stocretec"],"_links":{"self":[{"href":"https:\/\/www.pr-neu.de\/newsroom\/wp-json\/wp\/v2\/posts\/9875","targetHints":{"allow":["GET"]}}],"collection":[{"href":"https:\/\/www.pr-neu.de\/newsroom\/wp-json\/wp\/v2\/posts"}],"about":[{"href":"https:\/\/www.pr-neu.de\/newsroom\/wp-json\/wp\/v2\/types\/post"}],"author":[{"embeddable":true,"href":"https:\/\/www.pr-neu.de\/newsroom\/wp-json\/wp\/v2\/users\/6"}],"replies":[{"embeddable":true,"href":"https:\/\/www.pr-neu.de\/newsroom\/wp-json\/wp\/v2\/comments?post=9875"}],"version-history":[{"count":3,"href":"https:\/\/www.pr-neu.de\/newsroom\/wp-json\/wp\/v2\/posts\/9875\/revisions"}],"predecessor-version":[{"id":11657,"href":"https:\/\/www.pr-neu.de\/newsroom\/wp-json\/wp\/v2\/posts\/9875\/revisions\/11657"}],"wp:featuredmedia":[{"embeddable":true,"href":"https:\/\/www.pr-neu.de\/newsroom\/wp-json\/wp\/v2\/media\/9877"}],"wp:attachment":[{"href":"https:\/\/www.pr-neu.de\/newsroom\/wp-json\/wp\/v2\/media?parent=9875"}],"wp:term":[{"taxonomy":"category","embeddable":true,"href":"https:\/\/www.pr-neu.de\/newsroom\/wp-json\/wp\/v2\/categories?post=9875"},{"taxonomy":"post_tag","embeddable":true,"href":"https:\/\/www.pr-neu.de\/newsroom\/wp-json\/wp\/v2\/tags?post=9875"}],"curies":[{"name":"wp","href":"https:\/\/api.w.org\/{rel}","templated":true}]}}