{"id":9768,"date":"2019-01-21T11:24:04","date_gmt":"2019-01-21T10:24:04","guid":{"rendered":"http:\/\/www.pr-nord.de\/newsroom\/?p=9768"},"modified":"2020-05-18T15:04:51","modified_gmt":"2020-05-18T13:04:51","slug":"nachhaltige-neuheiten","status":"publish","type":"post","link":"https:\/\/www.pr-neu.de\/newsroom\/nachhaltige-neuheiten\/","title":{"rendered":"Portfolio ausgebaut"},"content":{"rendered":"<p>Fokus Innovation: FAF-Neuheiten von S\u00fcdwest \/ Halle 7, Stand 211<\/p>\n<p><strong>Mit einem Strau\u00df neuer Produkte pr\u00e4sentiert sich S\u00fcdwest (B\u00f6hl-Iggelheim) auf der FAF 2019 (Halle 7, Stand 211). Der Spezialist f\u00fcr Farben, Lacke und Lasuren zeigt sein Profi-Sortiment, das mit Blick auf den Verarbeiter optimiert und systematisch erweitert wurde. Dazu z\u00e4hlen zum Beispiel spritzbare Lacke auf Wasserbasis, mit \u201eDrytec HolzProtect\u201c f\u00fchrt das Unternehmen eine bionische Wetterschutzfarbe speziell f\u00fcr Holzoberfl\u00e4chen ein.<\/strong><\/p>\n<p>\u201e,Drytec HolzProtect\u02bb rundet unser Programm an bionischen Farben ab: Mit Lotusan haben wir bereits seit mehr als 20 Jahren Erfahrung mit Wirkprinzipien aus der Natur, Drytec hat das Feld 2017 erweitert. Unsere j\u00fcngste Innovation erm\u00f6glicht nun auch den langanhaltenden, hochwertigen Witterungsschutz beim organischen Werkstoff Holz\u201c, freut sich S\u00fcdwest-Marketingleiter Michael Killing. Die Farbe l\u00e4sst Feuchtigkeit schnell abflie\u00dfen und h\u00e4lt die Fassade nat\u00fcrlich trocken, sodass die Algen- und Pilzbildung erschwert wird.<\/p>\n<p>Auch den Trend zu nat\u00fcrlichen Oberfl\u00e4chen greift S\u00fcdwest auf \u2013 mit dem neuen Holz\u00f6l-Sortiment, das jetzt zur FAF vorgestellt wird. Mit Fassaden-\u00d6l, einem Holz-\u00d6l f\u00fcr Terrassen- und Gartenm\u00f6bel, einem wasserbasierenden Holz-\u00d6l speziell f\u00fcr den Innenbereich und einem Holz-Entgrauer komplettiert das Unternehmen sein Holzschutz-Portfolio und bietet f\u00fcr jede Anforderung das richtige Produkt.<\/p>\n<p><strong>Neuheiten f\u00fcr effizientes Arbeiten und perfekte Oberfl\u00e4chen<\/strong><\/p>\n<p>Bei allen S\u00fcdwest-Neuheiten steht neben Umweltfreundlichkeit vor allem der Verarbeiter im Fokus: So auch bei den j\u00fcngsten wasserbasierenden \u201eAquaVision\u201c-PU-Airless-Lacken, die durch ihre Spritzf\u00e4higkeit besonders effizientes Arbeiten erm\u00f6glichen sowie dem neuen \u201eThixGrund\u201c \u2013 eine emissionsarme, haftvermittelnde Universal-grundierung f\u00fcr innen und au\u00dfen.<\/p>\n<p>Raum auf dem Messestand bekommt zudem das mineralische \u201eKlimaKomfort\u201c-System zur Schimmelsanierung, erweitert um eine XPS-D\u00e4mmpl\u00e4tte. \u201eDamit liefert S\u00fcdwest nun auch eine L\u00f6sung zur systemtreuen Innend\u00e4mmung \u2013 gem\u00e4\u00df unserem Anspruch, Allroundanbieter und zuverl\u00e4ssiger Partner f\u00fcr den Malerprofi zu sein\u201c, meint Killing.<\/p>\n<hr \/>\n<p><a href=\"http:\/\/www.pr-neu.de\/newsroom\/wordpress\/wp-content\/uploads\/2019\/01\/19-02_drytec_G_neu.jpg\" target=\"_blank\" rel=\"noopener noreferrer\"><img loading=\"lazy\" decoding=\"async\" class=\"aligncenter wp-image-9784 size-medium\" src=\"http:\/\/www.pr-neu.de\/newsroom\/wordpress\/wp-content\/uploads\/2019\/01\/19-02_drytec_G_neu-289x300.jpg\" alt=\"\" width=\"289\" height=\"300\" srcset=\"https:\/\/www.pr-neu.de\/newsroom\/wordpress\/wp-content\/uploads\/2019\/01\/19-02_drytec_G_neu-289x300.jpg 289w, https:\/\/www.pr-neu.de\/newsroom\/wordpress\/wp-content\/uploads\/2019\/01\/19-02_drytec_G_neu-768x796.jpg 768w, https:\/\/www.pr-neu.de\/newsroom\/wordpress\/wp-content\/uploads\/2019\/01\/19-02_drytec_G_neu-988x1024.jpg 988w, https:\/\/www.pr-neu.de\/newsroom\/wordpress\/wp-content\/uploads\/2019\/01\/19-02_drytec_G_neu-106x110.jpg 106w, https:\/\/www.pr-neu.de\/newsroom\/wordpress\/wp-content\/uploads\/2019\/01\/19-02_drytec_G_neu-405x420.jpg 405w, https:\/\/www.pr-neu.de\/newsroom\/wordpress\/wp-content\/uploads\/2019\/01\/19-02_drytec_G_neu-415x430.jpg 415w, https:\/\/www.pr-neu.de\/newsroom\/wordpress\/wp-content\/uploads\/2019\/01\/19-02_drytec_G_neu.jpg 1732w\" sizes=\"auto, (max-width: 289px) 100vw, 289px\" \/><\/a><\/p>\n<p style=\"text-align: center;\">Schnell trocknende Oberfl\u00e4chen jetzt auch f\u00fcr Holz:<br \/>\nDie bionische Wetterschutzfarbe \u201eDrytec HolzProtect\u201c<br \/>\nl\u00e4sst Feuchtigkeit rasch abflie\u00dfen und erschwert<br \/>\nsomit die Algen- und Pilzbildung.<br \/>\nBild: S\u00fcdwest<\/p>\n<hr \/>\n<p>Abdruck honorarfrei, Belegexemplar erbeten<\/p>\n","protected":false},"excerpt":{"rendered":"<p>Mit einem Strau\u00df neuer Produkte pr\u00e4sentiert sich S\u00fcdwest (B\u00f6hl-Iggelheim) auf der FAF 2019 (Halle 7, Stand 211). Der Spezialist f\u00fcr Farben, Lacke und Lasuren zeigt sein Profi-Sortiment, das mit Blick auf den Verarbeiter optimiert und systematisch erweitert wurde.<\/p>\n<tbody>\n<tr>\n<td><!-- AddThis Button BEGIN --><\/p>\n<div class=\"addthis_toolbox addthis_default_style\">\n<div><a class=\"addthis_button_compact\" href=\"http:\/\/www.addthis.com\/bookmark.php?v=250&amp;username=xa-4bcef6844aa77bdd\">Share<\/a><span class=\"addthis_separator\">|<\/span><a class=\"addthis_button_facebook\"><\/a><a class=\"addthis_button_myspace\"><\/a><a class=\"addthis_button_google\"><\/a><a class=\"addthis_button_twitter\"><\/a><\/div>\n<\/div>\n<p><script src=\"http:\/\/s7.addthis.com\/js\/250\/addthis_widget.js#username=xa-4bcef6844aa77bdd\" type=\"text\/javascript\"><\/script><!-- AddThis Button END --><\/td>\n<\/tr>\n<\/tbody>\n<\/table>\n","protected":false},"author":6,"featured_media":9784,"comment_status":"closed","ping_status":"open","sticky":false,"template":"","format":"standard","meta":{"footnotes":""},"categories":[17],"tags":[],"class_list":["post-9768","post","type-post","status-publish","format-standard","has-post-thumbnail","hentry","category-sudwest"],"_links":{"self":[{"href":"https:\/\/www.pr-neu.de\/newsroom\/wp-json\/wp\/v2\/posts\/9768","targetHints":{"allow":["GET"]}}],"collection":[{"href":"https:\/\/www.pr-neu.de\/newsroom\/wp-json\/wp\/v2\/posts"}],"about":[{"href":"https:\/\/www.pr-neu.de\/newsroom\/wp-json\/wp\/v2\/types\/post"}],"author":[{"embeddable":true,"href":"https:\/\/www.pr-neu.de\/newsroom\/wp-json\/wp\/v2\/users\/6"}],"replies":[{"embeddable":true,"href":"https:\/\/www.pr-neu.de\/newsroom\/wp-json\/wp\/v2\/comments?post=9768"}],"version-history":[{"count":4,"href":"https:\/\/www.pr-neu.de\/newsroom\/wp-json\/wp\/v2\/posts\/9768\/revisions"}],"predecessor-version":[{"id":11496,"href":"https:\/\/www.pr-neu.de\/newsroom\/wp-json\/wp\/v2\/posts\/9768\/revisions\/11496"}],"wp:featuredmedia":[{"embeddable":true,"href":"https:\/\/www.pr-neu.de\/newsroom\/wp-json\/wp\/v2\/media\/9784"}],"wp:attachment":[{"href":"https:\/\/www.pr-neu.de\/newsroom\/wp-json\/wp\/v2\/media?parent=9768"}],"wp:term":[{"taxonomy":"category","embeddable":true,"href":"https:\/\/www.pr-neu.de\/newsroom\/wp-json\/wp\/v2\/categories?post=9768"},{"taxonomy":"post_tag","embeddable":true,"href":"https:\/\/www.pr-neu.de\/newsroom\/wp-json\/wp\/v2\/tags?post=9768"}],"curies":[{"name":"wp","href":"https:\/\/api.w.org\/{rel}","templated":true}]}}