{"id":9741,"date":"2019-01-17T13:47:33","date_gmt":"2019-01-17T12:47:33","guid":{"rendered":"http:\/\/www.pr-nord.de\/newsroom\/?p=9741"},"modified":"2020-05-19T08:39:10","modified_gmt":"2020-05-19T06:39:10","slug":"troska-leitet-hanno-anwendungstechnik","status":"publish","type":"post","link":"https:\/\/www.pr-neu.de\/newsroom\/troska-leitet-hanno-anwendungstechnik\/","title":{"rendered":"Troska leitet Hanno-Anwendungstechnik"},"content":{"rendered":"<p><u>Personalie<\/u><\/p>\n<p>Seit Jahresbeginn leitet Oliver Troska (43) die Anwendungstechnik des Dicht- und D\u00e4mmspezialisten Hanno. Der Diplom-Ingenieur der Holztechnik (FH) war bereits von 2005 bis 2008 in der Anwendungstechnik des Laatzener Unternehmens t\u00e4tig. In der Zwischenzeit sammelte er Erfahrungen als Leiter Bautechnischer Dienst bei der Salamander Industrie-Produkte GmbH sowie in der Anwen\u00addungstechnik Export bei der Veka AG. Zuletzt arbeitete er als Institutsleiter beim Pr\u00fcfinstitut Schl\u00f6sser und Beschl\u00e4ge Velbert (PIV). \u201eIch freue mich, nach einigen spannenden Stationen jetzt wieder zu Hanno zur\u00fcckzukehren. Auch durch meinen ersten Einsatz im Unternehmen bin ich gut mit Hanno und dem Segment der Fugenabdichtung vertraut und gespannt auf neue Aufgaben\u201c, meint Troska.<\/p>\n<p>Troska folgt auf Dipl.-Ing. (FH) Bj\u00f6rn Kethorn, der sich neuen Aufgaben zuwendet.<\/p>\n<hr \/>\n<p><a href=\"http:\/\/www.pr-neu.de\/newsroom\/wordpress\/wp-content\/uploads\/2019\/01\/19-01_Oliver-Troska_G.jpg\" target=\"_blank\" rel=\"noopener noreferrer\"><img loading=\"lazy\" decoding=\"async\" class=\"aligncenter wp-image-9745\" src=\"http:\/\/www.pr-neu.de\/newsroom\/wordpress\/wp-content\/uploads\/2019\/01\/19-01_Oliver-Troska_G-300x171.jpg\" alt=\"\" width=\"303\" height=\"173\" srcset=\"https:\/\/www.pr-neu.de\/newsroom\/wordpress\/wp-content\/uploads\/2019\/01\/19-01_Oliver-Troska_G-300x171.jpg 300w, https:\/\/www.pr-neu.de\/newsroom\/wordpress\/wp-content\/uploads\/2019\/01\/19-01_Oliver-Troska_G-768x439.jpg 768w, https:\/\/www.pr-neu.de\/newsroom\/wordpress\/wp-content\/uploads\/2019\/01\/19-01_Oliver-Troska_G-1024x585.jpg 1024w, https:\/\/www.pr-neu.de\/newsroom\/wordpress\/wp-content\/uploads\/2019\/01\/19-01_Oliver-Troska_G-110x63.jpg 110w, https:\/\/www.pr-neu.de\/newsroom\/wordpress\/wp-content\/uploads\/2019\/01\/19-01_Oliver-Troska_G-420x240.jpg 420w, https:\/\/www.pr-neu.de\/newsroom\/wordpress\/wp-content\/uploads\/2019\/01\/19-01_Oliver-Troska_G-752x430.jpg 752w, https:\/\/www.pr-neu.de\/newsroom\/wordpress\/wp-content\/uploads\/2019\/01\/19-01_Oliver-Troska_G.jpg 1795w\" sizes=\"auto, (max-width: 303px) 100vw, 303px\" \/><\/a><\/p>\n<p style=\"text-align: center;\">Diplom-Ingenieur (FH) Oliver Troska leitet seit Januar die Anwendungstechnik bei Hanno.<\/p>\n<p style=\"text-align: center;\">Foto: Hanno Werk GmbH &amp; Co. KG<\/p>\n<hr \/>\n<p>Abdruck honorarfrei, Belegexemplar erbeten<\/p>\n","protected":false},"excerpt":{"rendered":"<p>Personalie Seit Jahresbeginn leitet Oliver Troska (43) die Anwendungstechnik des Dicht- und D\u00e4mmspezialisten Hanno. Der Diplom-Ingenieur der Holztechnik (FH) war bereits von 2005 bis 2008 in der Anwendungstechnik des Laatzener Unternehmens t\u00e4tig. In der Zwischenzeit sammelte er Erfahrungen als Leiter Bautechnischer Dienst bei der Salamander Industrie-Produkte GmbH sowie in der Anwen\u00addungstechnik Export bei der Veka [&hellip;]<\/p>\n","protected":false},"author":8,"featured_media":9745,"comment_status":"closed","ping_status":"open","sticky":false,"template":"","format":"standard","meta":{"footnotes":""},"categories":[655],"tags":[],"class_list":["post-9741","post","type-post","status-publish","format-standard","has-post-thumbnail","hentry","category-hanno"],"_links":{"self":[{"href":"https:\/\/www.pr-neu.de\/newsroom\/wp-json\/wp\/v2\/posts\/9741","targetHints":{"allow":["GET"]}}],"collection":[{"href":"https:\/\/www.pr-neu.de\/newsroom\/wp-json\/wp\/v2\/posts"}],"about":[{"href":"https:\/\/www.pr-neu.de\/newsroom\/wp-json\/wp\/v2\/types\/post"}],"author":[{"embeddable":true,"href":"https:\/\/www.pr-neu.de\/newsroom\/wp-json\/wp\/v2\/users\/8"}],"replies":[{"embeddable":true,"href":"https:\/\/www.pr-neu.de\/newsroom\/wp-json\/wp\/v2\/comments?post=9741"}],"version-history":[{"count":4,"href":"https:\/\/www.pr-neu.de\/newsroom\/wp-json\/wp\/v2\/posts\/9741\/revisions"}],"predecessor-version":[{"id":11581,"href":"https:\/\/www.pr-neu.de\/newsroom\/wp-json\/wp\/v2\/posts\/9741\/revisions\/11581"}],"wp:featuredmedia":[{"embeddable":true,"href":"https:\/\/www.pr-neu.de\/newsroom\/wp-json\/wp\/v2\/media\/9745"}],"wp:attachment":[{"href":"https:\/\/www.pr-neu.de\/newsroom\/wp-json\/wp\/v2\/media?parent=9741"}],"wp:term":[{"taxonomy":"category","embeddable":true,"href":"https:\/\/www.pr-neu.de\/newsroom\/wp-json\/wp\/v2\/categories?post=9741"},{"taxonomy":"post_tag","embeddable":true,"href":"https:\/\/www.pr-neu.de\/newsroom\/wp-json\/wp\/v2\/tags?post=9741"}],"curies":[{"name":"wp","href":"https:\/\/api.w.org\/{rel}","templated":true}]}}