{"id":9698,"date":"2019-01-11T12:10:59","date_gmt":"2019-01-11T11:10:59","guid":{"rendered":"http:\/\/www.pr-nord.de\/newsroom\/?p=9698"},"modified":"2020-05-19T08:54:08","modified_gmt":"2020-05-19T06:54:08","slug":"innovative-produkte-mit-funktionaler-transparenz","status":"publish","type":"post","link":"https:\/\/www.pr-neu.de\/newsroom\/innovative-produkte-mit-funktionaler-transparenz\/","title":{"rendered":"Innovative Produkte mit funktionaler Transparenz"},"content":{"rendered":"<p>Sedak-BAU-Neuheiten: Kantenschutz aus Glas, gl\u00e4serner Abstandshalter f\u00fcr Isoliergl\u00e4ser<\/p>\n<p><strong>Auf der BAU zeigte sedak gleich doppelt, was eine klare Kante im Glasbau ist: Zum einen mit dem gl\u00e4sernen Schlag- und Kantenschutz \u201esedak clear-edge\u201c f\u00fcr Br\u00fcstungen, Handl\u00e4ufe und als Abschluss f\u00fcr konstruktive Glasbauteile, zum anderen mit einem Ganzglas-Abstandhalter f\u00fcr Isolierglas \u2013 \u201esedak isopure\u201c. Beide Innovationen erweitern als funktionale, ma\u00dfgeschneiderte Detail-L\u00f6sung den Transparenzgrad, insbesondere bei Ganzglas-Konstruktionen.<\/strong><\/p>\n<p>Mit \u201esedak clear-edge\u201c entwickelte der Glasveredler aus Gersthofen einen transparenten, \u00e4sthetischen Abschluss f\u00fcr offene Glaskanten, beispielsweise f\u00fcr Glasbr\u00fcstungen oder Handl\u00e4ufe. Diese spezielle Glasleiste wird auf die Kante laminiert und schlie\u00dft sie sauber ab \u2013 schon bei d\u00fcnnen Laminaten aus zwei Scheiben. Mit hochpolierten Seiten und einem absolut planen Abschluss aus Glas setzt \u201esedak clear-edge\u201c funktional und \u00e4sthetisch Akzente. Die offene Kante des Glasverbunds ist vor Witterungseinfl\u00fcssen gesch\u00fctzt, das auflaminierte Glas wirkt als Schlagschutz und erm\u00f6glicht somit Zweifach-Laminate, wo bislang gem\u00e4\u00df Bauvorschriften Dreifach-Laminate eingesetzt werden mussten.<\/p>\n<p><strong>Sie sehen Glas, Glas und Glas<\/strong><\/p>\n<p>Mit \u201esedak isopure\u201c, dem neuen Abstandshalter aus Glas, wirken Fassaden aus Isolierglas noch transparenter. Durch den Abstandshalter, der an zwei Seiten der Scheibe eingesetzt wird, werden die Sto\u00dffugen zwischen jeweils bis zu 3,51 x 20 Meter gro\u00dfen Isoliergl\u00e4sern optisch aufgel\u00f6st. Im Ergebnis entstehen so hochtransparente Glasfassaden mit zeitgem\u00e4\u00dfen energetischen Standards. \u201eGlasfassaden mit sedak isopure sind unterbrechungsfrei transparent. Selbst die Fugen sind durchsichtig. Es ist uns also gelungen \u2013 wie schon mit unseren Glasfins \u2013 bislang opake Elemente optisch aufzul\u00f6sen. Die Transparenz steigt weiter, der Grad der Homogenit\u00e4t wird maximal\u201c, erkl\u00e4rt sedak-Gesch\u00e4ftsf\u00fchrer Bernhard Veh mit Blick auf die transparente Anschlussfuge zwischen zwei Scheiben.<\/p>\n<p><strong>Umlagerte Exponate<\/strong><\/p>\n<p>Das Messe-Fazit f\u00e4llt bei sedak somit sehr positiv aus. Das liegt auch an der hohen Resonanz beim Publikum. Veh: \u201eUnser Stand war durchgehend stark besucht. Besonders gefreut hat uns, dass auch vier Architekten-F\u00fchrungen Halt bei sedak gemacht haben \u2013 bei mehr als 2.000 Ausstellern f\u00fchlen wir uns da besonders geehrt\u201c. Unter anderem f\u00fchrte die international renommierte Tageslichtexpertin Ulrike Brandi eine Gruppe Planer an den sedak-Stand in Halle C3.<\/p>\n<hr \/>\n<p><a href=\"http:\/\/www.pr-neu.de\/newsroom\/wordpress\/wp-content\/uploads\/2019\/01\/19_01_isopure_G.jpg\" target=\"_blank\" rel=\"noopener noreferrer\"><img loading=\"lazy\" decoding=\"async\" class=\"aligncenter wp-image-9819 size-medium\" src=\"http:\/\/www.pr-neu.de\/newsroom\/wordpress\/wp-content\/uploads\/2019\/01\/19_01_isopure_G-300x200.jpg\" alt=\"\" width=\"300\" height=\"200\" srcset=\"https:\/\/www.pr-neu.de\/newsroom\/wordpress\/wp-content\/uploads\/2019\/01\/19_01_isopure_G-300x200.jpg 300w, https:\/\/www.pr-neu.de\/newsroom\/wordpress\/wp-content\/uploads\/2019\/01\/19_01_isopure_G-768x512.jpg 768w, https:\/\/www.pr-neu.de\/newsroom\/wordpress\/wp-content\/uploads\/2019\/01\/19_01_isopure_G-1024x683.jpg 1024w, https:\/\/www.pr-neu.de\/newsroom\/wordpress\/wp-content\/uploads\/2019\/01\/19_01_isopure_G-110x73.jpg 110w, https:\/\/www.pr-neu.de\/newsroom\/wordpress\/wp-content\/uploads\/2019\/01\/19_01_isopure_G-420x280.jpg 420w, https:\/\/www.pr-neu.de\/newsroom\/wordpress\/wp-content\/uploads\/2019\/01\/19_01_isopure_G-645x430.jpg 645w, https:\/\/www.pr-neu.de\/newsroom\/wordpress\/wp-content\/uploads\/2019\/01\/19_01_isopure_G.jpg 1795w\" sizes=\"auto, (max-width: 300px) 100vw, 300px\" \/><\/a><\/p>\n<p style=\"text-align: center;\">Ein Spacer aus Glas: Mit \u201esedak isopure\u201c entstehen<br \/>\nIsoliergl\u00e4ser, die Transparenz bis zur Fuge bieten.<\/p>\n<p style=\"text-align: center;\">Foto: sedak GmbH &amp; Co. KG<\/p>\n<p style=\"text-align: center;\"><a href=\"http:\/\/www.pr-neu.de\/newsroom\/wordpress\/wp-content\/uploads\/2019\/01\/19-01_sedak_clear_edge_G.jpg\" target=\"_blank\" rel=\"noopener noreferrer\"><img loading=\"lazy\" decoding=\"async\" class=\"aligncenter wp-image-9700 size-medium\" src=\"http:\/\/www.pr-neu.de\/newsroom\/wordpress\/wp-content\/uploads\/2019\/01\/19-01_sedak_clear_edge_G-225x300.jpg\" alt=\"\" width=\"225\" height=\"300\" srcset=\"https:\/\/www.pr-neu.de\/newsroom\/wordpress\/wp-content\/uploads\/2019\/01\/19-01_sedak_clear_edge_G-225x300.jpg 225w, https:\/\/www.pr-neu.de\/newsroom\/wordpress\/wp-content\/uploads\/2019\/01\/19-01_sedak_clear_edge_G-768x1024.jpg 768w, https:\/\/www.pr-neu.de\/newsroom\/wordpress\/wp-content\/uploads\/2019\/01\/19-01_sedak_clear_edge_G-82x110.jpg 82w, https:\/\/www.pr-neu.de\/newsroom\/wordpress\/wp-content\/uploads\/2019\/01\/19-01_sedak_clear_edge_G-315x420.jpg 315w, https:\/\/www.pr-neu.de\/newsroom\/wordpress\/wp-content\/uploads\/2019\/01\/19-01_sedak_clear_edge_G-322x430.jpg 322w, https:\/\/www.pr-neu.de\/newsroom\/wordpress\/wp-content\/uploads\/2019\/01\/19-01_sedak_clear_edge_G.jpg 1346w\" sizes=\"auto, (max-width: 225px) 100vw, 225px\" \/><\/a><\/p>\n<p style=\"text-align: center;\">Mit \u201esedak clear-edge\u201c werden auch d\u00fcnne Laminate<br \/>\nauf der offenen Kante wirkungsvoll und transparent gesch\u00fctzt.<\/p>\n<p style=\"text-align: center;\">Foto: sedak GmbH &amp; Co. KG<\/p>\n<p><a href=\"http:\/\/www.pr-neu.de\/newsroom\/wordpress\/wp-content\/uploads\/2019\/01\/19_01_Messestand_G.jpg\" target=\"_blank\" rel=\"noopener noreferrer\"><img loading=\"lazy\" decoding=\"async\" class=\"aligncenter wp-image-9820 size-medium\" src=\"http:\/\/www.pr-neu.de\/newsroom\/wordpress\/wp-content\/uploads\/2019\/01\/19_01_Messestand_G-300x196.jpg\" alt=\"\" width=\"300\" height=\"196\" srcset=\"https:\/\/www.pr-neu.de\/newsroom\/wordpress\/wp-content\/uploads\/2019\/01\/19_01_Messestand_G-300x196.jpg 300w, https:\/\/www.pr-neu.de\/newsroom\/wordpress\/wp-content\/uploads\/2019\/01\/19_01_Messestand_G-768x503.jpg 768w, https:\/\/www.pr-neu.de\/newsroom\/wordpress\/wp-content\/uploads\/2019\/01\/19_01_Messestand_G-1024x670.jpg 1024w, https:\/\/www.pr-neu.de\/newsroom\/wordpress\/wp-content\/uploads\/2019\/01\/19_01_Messestand_G-110x72.jpg 110w, https:\/\/www.pr-neu.de\/newsroom\/wordpress\/wp-content\/uploads\/2019\/01\/19_01_Messestand_G-420x275.jpg 420w, https:\/\/www.pr-neu.de\/newsroom\/wordpress\/wp-content\/uploads\/2019\/01\/19_01_Messestand_G-657x430.jpg 657w, https:\/\/www.pr-neu.de\/newsroom\/wordpress\/wp-content\/uploads\/2019\/01\/19_01_Messestand_G.jpg 1795w\" sizes=\"auto, (max-width: 300px) 100vw, 300px\" \/><\/a><\/p>\n<p style=\"text-align: center;\">sedak zeigte auf der BAU in M\u00fcnchen<br \/>\ninnovative Produkte mit funktionaler Transparenz.<\/p>\n<p style=\"text-align: center;\">Foto: sedak GmbH &amp; Co. KG<\/p>\n<p style=\"text-align: center;\"><a href=\"http:\/\/www.pr-neu.de\/newsroom\/wordpress\/wp-content\/uploads\/2019\/01\/19_01_Messestand1_G.jpg\" target=\"_blank\" rel=\"noopener noreferrer\"><img loading=\"lazy\" decoding=\"async\" class=\"aligncenter wp-image-9818 size-medium\" src=\"http:\/\/www.pr-neu.de\/newsroom\/wordpress\/wp-content\/uploads\/2019\/01\/19_01_Messestand1_G-300x200.jpg\" alt=\"\" width=\"300\" height=\"200\" srcset=\"https:\/\/www.pr-neu.de\/newsroom\/wordpress\/wp-content\/uploads\/2019\/01\/19_01_Messestand1_G-300x200.jpg 300w, https:\/\/www.pr-neu.de\/newsroom\/wordpress\/wp-content\/uploads\/2019\/01\/19_01_Messestand1_G-768x512.jpg 768w, https:\/\/www.pr-neu.de\/newsroom\/wordpress\/wp-content\/uploads\/2019\/01\/19_01_Messestand1_G-1024x683.jpg 1024w, https:\/\/www.pr-neu.de\/newsroom\/wordpress\/wp-content\/uploads\/2019\/01\/19_01_Messestand1_G-110x73.jpg 110w, https:\/\/www.pr-neu.de\/newsroom\/wordpress\/wp-content\/uploads\/2019\/01\/19_01_Messestand1_G-420x280.jpg 420w, https:\/\/www.pr-neu.de\/newsroom\/wordpress\/wp-content\/uploads\/2019\/01\/19_01_Messestand1_G-645x430.jpg 645w, https:\/\/www.pr-neu.de\/newsroom\/wordpress\/wp-content\/uploads\/2019\/01\/19_01_Messestand1_G.jpg 1795w\" sizes=\"auto, (max-width: 300px) 100vw, 300px\" \/><\/a><\/p>\n<p style=\"text-align: center;\">sedak zeigte auf der BAU in M\u00fcnchen<br \/>\ninnovative Produkte mit funktionaler Transparenz.<\/p>\n<p style=\"text-align: center;\">Foto: sedak GmbH &amp; Co. KG<\/p>\n<hr \/>\n<p><strong>R\u00fcckfragen beantworten gern<\/strong><\/p>\n<table>\n<tbody>\n<tr>\n<td valign=\"top\" width=\"260\" height=\"25\"><strong>sedak GmbH &amp; Co. KG<br \/>\n<\/strong>Tatjana Vinkovic<br \/>\nTel.: +49(0)821\/2494-823<br \/>\nFax: +49(0)821\/2494-777<br \/>\nE-Mail: <a href=\"&#109;&#x61;i&#x6c;&#x74;&#111;&#x3a;t&#x61;&#x74;&#106;&#x61;n&#x61;&#x2e;&#118;&#x69;n&#x6b;&#x6f;&#118;&#x69;c&#x40;&#x73;&#101;&#x64;a&#x6b;&#x2e;&#99;&#x6f;m\">&#116;&#x61;&#x74;j&#97;&#x6e;a&#46;&#x76;i&#110;&#x6b;o&#118;&#x69;&#x63;&#64;&#x73;&#x65;d&#97;&#x6b;&#46;&#99;&#x6f;m<\/a><\/td>\n<td colspan=\"3\" valign=\"top\" width=\"260\" height=\"21\"><\/td>\n<\/tr>\n<\/tbody>\n<\/table>\n<p>Abdruck honorarfrei, Belegexemplar erbeten<\/p>\n<hr noshade=\"noshade\" size=\"1\" \/>\n<p><strong>Leading glass<\/strong><\/p>\n<p>Der Glasveredler sedak (Gersthofen), gegr\u00fcndet 2007, hat sich mit mittlerweile 170 Mitarbeitern zum weltweiten Technologie- und Innovationsf\u00fchrer f\u00fcr gro\u00dfformatige Isolier- und Sicherheitsgl\u00e4ser entwickelt. Nach zehnj\u00e4hriger Erfahrung in der Produktion von Scheiben in \u00dcbergr\u00f6\u00dfen und dem kontinuierlichen Ausbau der Automatisierung, gilt sedak als wegweisender Spezialist in diesem know-how-intensiven Segment. Die Scheiben reichen bis 3,51 x 20 Meter \u2013 bearbeitet, vorgespannt, laminiert, bedruckt, beschichtet und laminationsgebogen. Kernkompetenzen sind Glaslamination, Kantenbearbeitung und das Spezialwissen bei der Produktion von Glasbauteilen mit zus\u00e4tzlichen funktionalen und dekorativen Elementen. Die Fertigung ist auf die extremen Glasgr\u00f6\u00dfen und -gewichte optimiert, s\u00e4mtliche Veredelungsschritte erfolgen inhouse und hochautomatisiert. Als Full-Supplier f\u00fcr Gl\u00e4ser bis 20 Meter versteht sich sedak als Partner f\u00fcr Architekten, Planer und Fassadenbauer. Herausragende Referenzen sind u. a. das Haus der Europ\u00e4ischen Geschichte in Br\u00fcssel, die medizinische Fakult\u00e4t in Montpellier, der Torre Europa in Madrid, der Brookfield Place New York, die UNO Genf, der Apple Park in Cupertino, der Apple-Cube New York, die Experimenta in Heilbronn sowie zahlreiche eindrucksvolle Premium-Flagship-Stores weltweit.<\/p>\n<hr noshade=\"noshade\" size=\"1\" \/>\n<p><strong>Anwendungsgebiete<\/strong><\/p>\n<ul>\n<li>Glasfassaden<\/li>\n<li>Glasd\u00e4cher<\/li>\n<li>Glastreppen<\/li>\n<li>Glasbr\u00fcstungen<\/li>\n<li>Schiffsbau<\/li>\n<li>Sicherheitsverglasungen<\/li>\n<li>Ganzglaskonstruktionen<\/li>\n<li>Innenarchitektur<\/li>\n<li>Sonderanfertigung<\/li>\n<\/ul>\n","protected":false},"excerpt":{"rendered":"<p>Sedak-BAU-Neuheiten: Kantenschutz aus Glas, gl\u00e4serner Abstandshalter f\u00fcr Isoliergl\u00e4ser Auf der BAU zeigte sedak gleich doppelt, was eine klare Kante im Glasbau ist: Zum einen mit dem gl\u00e4sernen Schlag- und Kantenschutz \u201esedak clear-edge\u201c f\u00fcr Br\u00fcstungen, Handl\u00e4ufe und als Abschluss f\u00fcr konstruktive Glasbauteile, zum anderen mit einem Ganzglas-Abstandhalter f\u00fcr Isolierglas \u2013 \u201esedak isopure\u201c. Beide Innovationen erweitern als [&hellip;]<\/p>\n","protected":false},"author":6,"featured_media":9699,"comment_status":"closed","ping_status":"open","sticky":false,"template":"","format":"standard","meta":{"footnotes":""},"categories":[12],"tags":[],"class_list":["post-9698","post","type-post","status-publish","format-standard","has-post-thumbnail","hentry","category-sedak"],"_links":{"self":[{"href":"https:\/\/www.pr-neu.de\/newsroom\/wp-json\/wp\/v2\/posts\/9698","targetHints":{"allow":["GET"]}}],"collection":[{"href":"https:\/\/www.pr-neu.de\/newsroom\/wp-json\/wp\/v2\/posts"}],"about":[{"href":"https:\/\/www.pr-neu.de\/newsroom\/wp-json\/wp\/v2\/types\/post"}],"author":[{"embeddable":true,"href":"https:\/\/www.pr-neu.de\/newsroom\/wp-json\/wp\/v2\/users\/6"}],"replies":[{"embeddable":true,"href":"https:\/\/www.pr-neu.de\/newsroom\/wp-json\/wp\/v2\/comments?post=9698"}],"version-history":[{"count":5,"href":"https:\/\/www.pr-neu.de\/newsroom\/wp-json\/wp\/v2\/posts\/9698\/revisions"}],"predecessor-version":[{"id":11610,"href":"https:\/\/www.pr-neu.de\/newsroom\/wp-json\/wp\/v2\/posts\/9698\/revisions\/11610"}],"wp:featuredmedia":[{"embeddable":true,"href":"https:\/\/www.pr-neu.de\/newsroom\/wp-json\/wp\/v2\/media\/9699"}],"wp:attachment":[{"href":"https:\/\/www.pr-neu.de\/newsroom\/wp-json\/wp\/v2\/media?parent=9698"}],"wp:term":[{"taxonomy":"category","embeddable":true,"href":"https:\/\/www.pr-neu.de\/newsroom\/wp-json\/wp\/v2\/categories?post=9698"},{"taxonomy":"post_tag","embeddable":true,"href":"https:\/\/www.pr-neu.de\/newsroom\/wp-json\/wp\/v2\/tags?post=9698"}],"curies":[{"name":"wp","href":"https:\/\/api.w.org\/{rel}","templated":true}]}}