{"id":9664,"date":"2019-01-08T09:43:24","date_gmt":"2019-01-08T08:43:24","guid":{"rendered":"http:\/\/www.pr-nord.de\/newsroom\/?p=9664"},"modified":"2020-05-19T08:39:28","modified_gmt":"2020-05-19T06:39:28","slug":"von-der-rolle-alternative-zu-montageschaum","status":"publish","type":"post","link":"https:\/\/www.pr-neu.de\/newsroom\/von-der-rolle-alternative-zu-montageschaum\/","title":{"rendered":"Von der Rolle: Alternative zu Montageschaum"},"content":{"rendered":"<p><u>BAU 2019: \u201eHannoband Therm\u201c zur W\u00e4rme- und Schalld\u00e4mmung in der Funktionsebene<\/u><\/p>\n<p>F\u00fcr eine effiziente und emissionsarme Fugend\u00e4mmung in der Funktionsebene pr\u00e4sentiert Hanno (Laatzen) auf der BAU 2019 das neue Fugendichtungsband \u201eHannoband-Therm\u201c \u2013 eine umweltfreundliche Alternative zu PU-Montageschaum. Das vorkomprimierte Fugendichtungsband erm\u00f6glicht eine unkomplizierte, saubere und schnelle Verarbeitung. Zudem kommt es ohne Treibmittel aus, ist nach dem Emicode EC1PLUS gepr\u00fcft und zeichnet sich durch \u00e4u\u00dferst geringe VOC-Emissionen aus \u2013 damit ist es auch besonders umweltfreundlich.<\/p>\n<p>Mit Schnittbreiten von 30 bis 200 Millimetern und\u00a0 Fugenbreiten bis 40 Millimetern eignet sich das \u201eHannoband-Therm\u201c f\u00fcr vielf\u00e4ltige Anwendungen: von der klassischen Fensteranschlussfuge bis zum Aufsatzrollladen lassen sich alle g\u00e4ngigen Fugen sicher und dauerhaft abdichten. Nach dem Anbringen expandiert das Fugenband, passt sich Fugentoleranzen und leichten Unebenheiten an und stellt eine langfristig flexible und definierte Fugenf\u00fcllung sicher \u2013 somit \u00a0entspricht die Fuge auch immer den vorher geplanten und berechneten Planungsdetails. Ein Austreten aus der Fuge oder zu geringe F\u00fcllungen sind damit ausgeschlossen.<\/p>\n<p>Als Komponente des Hanno-3-Ebenen-Abdichtungssystems ist das \u201eHannoband-Therm\u201c besonders f\u00fcr Unterputzanwendungen in der Funktionsebene konzipiert. Es sch\u00fctzt zuverl\u00e4ssig vor Zugluft, Staub, Flugschnee, Feuchtigkeit und L\u00e4rm und bietet mit 0,0396 W\/mk eine hervorragende W\u00e4rmed\u00e4mmung bei gleichzeitig gepr\u00fcfter Baustoffklasse E \u00fcber den kompletten Fugeneinsatzbereich. In Kombination mit dem \u201eHanno Folienband Duo Easy\u201c wurde es beim ift Rosenheim zudem mit einem bewerteten Fugenschalld\u00e4mm-Ma\u00df von &gt;62 dB gemessen und gew\u00e4hrleistet somit eine hervorragende Schalld\u00e4mmung. Kombiniert mit den weiteren Systemkomponenten f\u00fcr die Wetterschutz- und die innere Ebene bleiben Fugen rundum professionell und langfristig dicht.<\/p>\n<hr \/>\n<p><a href=\"http:\/\/www.pr-neu.de\/newsroom\/wordpress\/wp-content\/uploads\/2019\/01\/18-12_Hannoband_Therm_G.jpg\"><img loading=\"lazy\" decoding=\"async\" class=\"aligncenter size-medium wp-image-9667\" src=\"http:\/\/www.pr-neu.de\/newsroom\/wordpress\/wp-content\/uploads\/2019\/01\/18-12_Hannoband_Therm_G-210x300.jpg\" alt=\"\" width=\"210\" height=\"300\" srcset=\"https:\/\/www.pr-neu.de\/newsroom\/wordpress\/wp-content\/uploads\/2019\/01\/18-12_Hannoband_Therm_G-210x300.jpg 210w, https:\/\/www.pr-neu.de\/newsroom\/wordpress\/wp-content\/uploads\/2019\/01\/18-12_Hannoband_Therm_G-768x1097.jpg 768w, https:\/\/www.pr-neu.de\/newsroom\/wordpress\/wp-content\/uploads\/2019\/01\/18-12_Hannoband_Therm_G-717x1024.jpg 717w, https:\/\/www.pr-neu.de\/newsroom\/wordpress\/wp-content\/uploads\/2019\/01\/18-12_Hannoband_Therm_G-77x110.jpg 77w, https:\/\/www.pr-neu.de\/newsroom\/wordpress\/wp-content\/uploads\/2019\/01\/18-12_Hannoband_Therm_G-294x420.jpg 294w, https:\/\/www.pr-neu.de\/newsroom\/wordpress\/wp-content\/uploads\/2019\/01\/18-12_Hannoband_Therm_G-301x430.jpg 301w, https:\/\/www.pr-neu.de\/newsroom\/wordpress\/wp-content\/uploads\/2019\/01\/18-12_Hannoband_Therm_G.jpg 1257w\" sizes=\"auto, (max-width: 210px) 100vw, 210px\" \/><\/a><\/p>\n<p style=\"text-align: center;\">Saubere Sache: Das Hannoband-Therm l\u00e4sst sich einfach von der Rolle verarbeiten und ist eine effiziente und emissionsarme Alternative zu Montageschaum.<br \/>\nBild: Hanno Werk GmbH &amp; Co. KG<\/p>\n<hr \/>\n<p>Abdruck honorarfrei, Belegexemplar erbeten<\/p>\n","protected":false},"excerpt":{"rendered":"<p>BAU 2019: \u201eHannoband Therm\u201c zur W\u00e4rme- und Schalld\u00e4mmung in der Funktionsebene F\u00fcr eine effiziente und emissionsarme Fugend\u00e4mmung in der Funktionsebene pr\u00e4sentiert Hanno (Laatzen) auf der BAU 2019 das neue Fugendichtungsband \u201eHannoband-Therm\u201c \u2013 eine umweltfreundliche Alternative zu PU-Montageschaum. Das vorkomprimierte Fugendichtungsband erm\u00f6glicht eine unkomplizierte, saubere und schnelle Verarbeitung. Zudem kommt es ohne Treibmittel aus, ist nach [&hellip;]<\/p>\n","protected":false},"author":6,"featured_media":9667,"comment_status":"closed","ping_status":"open","sticky":false,"template":"","format":"standard","meta":{"footnotes":""},"categories":[655],"tags":[],"class_list":["post-9664","post","type-post","status-publish","format-standard","has-post-thumbnail","hentry","category-hanno"],"_links":{"self":[{"href":"https:\/\/www.pr-neu.de\/newsroom\/wp-json\/wp\/v2\/posts\/9664","targetHints":{"allow":["GET"]}}],"collection":[{"href":"https:\/\/www.pr-neu.de\/newsroom\/wp-json\/wp\/v2\/posts"}],"about":[{"href":"https:\/\/www.pr-neu.de\/newsroom\/wp-json\/wp\/v2\/types\/post"}],"author":[{"embeddable":true,"href":"https:\/\/www.pr-neu.de\/newsroom\/wp-json\/wp\/v2\/users\/6"}],"replies":[{"embeddable":true,"href":"https:\/\/www.pr-neu.de\/newsroom\/wp-json\/wp\/v2\/comments?post=9664"}],"version-history":[{"count":5,"href":"https:\/\/www.pr-neu.de\/newsroom\/wp-json\/wp\/v2\/posts\/9664\/revisions"}],"predecessor-version":[{"id":11583,"href":"https:\/\/www.pr-neu.de\/newsroom\/wp-json\/wp\/v2\/posts\/9664\/revisions\/11583"}],"wp:featuredmedia":[{"embeddable":true,"href":"https:\/\/www.pr-neu.de\/newsroom\/wp-json\/wp\/v2\/media\/9667"}],"wp:attachment":[{"href":"https:\/\/www.pr-neu.de\/newsroom\/wp-json\/wp\/v2\/media?parent=9664"}],"wp:term":[{"taxonomy":"category","embeddable":true,"href":"https:\/\/www.pr-neu.de\/newsroom\/wp-json\/wp\/v2\/categories?post=9664"},{"taxonomy":"post_tag","embeddable":true,"href":"https:\/\/www.pr-neu.de\/newsroom\/wp-json\/wp\/v2\/tags?post=9664"}],"curies":[{"name":"wp","href":"https:\/\/api.w.org\/{rel}","templated":true}]}}