{"id":9572,"date":"2019-01-14T02:00:38","date_gmt":"2019-01-14T01:00:38","guid":{"rendered":"http:\/\/www.pr-nord.de\/newsroom\/?p=9572"},"modified":"2020-05-18T14:32:31","modified_gmt":"2020-05-18T12:32:31","slug":"die-garage-wird-smart","status":"publish","type":"post","link":"https:\/\/www.pr-neu.de\/newsroom\/die-garage-wird-smart\/","title":{"rendered":"Die Garage wird smart"},"content":{"rendered":"<p><u>BAU 2019<\/u><u>: CarTeck-Tore mit Smart Home Funktion<\/u><\/p>\n<p><strong>Torsteuerung mit dem Smartphone, besseres Licht in und vor der Garage, eingebunden in ein anbieterunabh\u00e4ngige Smart Home Konzept: Teckentrup macht die Garage \u201esmart\u201c. Das verbessert den Komfort deutlich und steigert das Sicherheitsgef\u00fchl.<\/strong><\/p>\n<p><strong>\u00a0<\/strong>\u201eKundenbefragungen zeigen deutlich, dass sich smarte, komfor\u00adtable Steuersysteme nur durchsetzen, wenn alle Funktionen \u00fcber eine einzige Anwendung abgedeckt werden. Insel\u00adl\u00f6sungen mit jeweils einer eigenen App f\u00fchren sich selbst ins Aus\u201c, ist Firmenchef Kai Teckentrup \u00fcberzeugt. Die Module f\u00fcr Garage und Garagentor als Anwendungen innerhalb des Smart Home Systems \u201eHomee\u201c stellt Teckentrup jetzt auf der Messe BAU vor.<\/p>\n<p><strong>Fernabfrage und -steuerung, gutes Licht<\/strong><\/p>\n<p>Rund 90 Prozent der befragten Nutzer wollen unabh\u00e4ngig vom Standort pr\u00fcfen k\u00f6nnen, ob ihr Tor geschlossen ist. Ein Kernelement ist daher die Fernabfrage. Der Zustand l\u00e4sst sich einfach online pr\u00fcfen. Ebenso kann das Tor via App ge\u00f6ffnet (bzw. geschlossen) werden, beispielsweise um Dritten Zugang zur Garage zu geben, obwohl niemand zuhause ist. Zubeh\u00f6r steigert die Funktionalit\u00e4t: Eine Kamera zeigt, wer tats\u00e4chlich vor der Garage steht, Sensoren \u00fcberwachen Temperatur und Luftqualit\u00e4t in der Garage. Diese Funktion ist besonders im Winter sinnvoll, wenn z.B. Schneematsch mit dem Auto in den Raum gelangt und dann schmilzt. Ganz nebenbei er\u00fcbrigt die smarte Steuerung auch den bislang notwendigen Handsender.<\/p>\n<p>Mehr und besseres Licht \u2013 dieses Ziel verfolgen die Beleuchtungsmodule von Teckentrup. F\u00fcr den Innenraum gibt es LED-Stripes, die sich auch einfach nachtr\u00e4glich \u00fcber ein Magnetband an der Zarge anbringen lassen. Ebenso gibt es Au\u00dfenleuchten, die den Platz vor der Garage gut ausleuchten.<\/p>\n<p>\u201eAutomatik-Funktionen und smarte Steuerung, eingebunden in das Smart Home System Homee, das f\u00fcr alle Funktionen am Haus entwickelt ist: Damit bieten wir jetzt eine zeitgem\u00e4\u00dfe und zukunftssichere L\u00f6sung\u201c, res\u00fcmiert Kai Teckentrup, \u201edie Smart Home Komponenten lassen sich zudem frequenzunabh\u00e4ngig einbinden. Das erm\u00f6glicht die umfassende Vernetzung, nutzerdefinierte Szenarien lassen sich individuell einstellen.\u201c<\/p>\n<hr \/>\n<p><strong>Smart Home CarTeck-L\u00f6sungen von Teckentrup<\/strong><\/p>\n<p>Eingebunden in bestehende Smart Home Technik \u201eHomee\u201c.<\/p>\n<p><u>Einstiegspaket<\/u><\/p>\n<ul>\n<li>Statusabfrage von \u00fcberall<\/li>\n<li>\u00d6ffnen \/ Schlie\u00dfen via Smartphone<\/li>\n<li>Automatisches L\u00fcften (bei zu hoher Feuchtigkeit\/Temperatur)<\/li>\n<li>Zeitgesteuertes Schlie\u00dfen<\/li>\n<\/ul>\n<p><u>Optional: Sicherheitspaket<\/u><\/p>\n<ul>\n<li>\u00dcberwachte Fern\u00f6ffnung<\/li>\n<li>Video\u00fcberwachung (inkl. Livestream)<\/li>\n<li>Personen-, Tier- und Fahrzeugerkennung<\/li>\n<li>Alarm<\/li>\n<\/ul>\n<p><u>Optional: Beleuchtungspaket<\/u><\/p>\n<ul>\n<li>Ambientebeleuchtung \/ Akzentbeleuchtung<\/li>\n<li>Statusleuchte Tor<\/li>\n<li>Beleuchtung Garagenvorplatz<\/li>\n<li>Automatisches Licht beim N\u00e4hern an die Garage<\/li>\n<li>Zeitsteuerug<\/li>\n<li>Dimmfunktion<\/li>\n<\/ul>\n<hr \/>\n<p><a href=\"http:\/\/www.pr-neu.de\/newsroom\/wordpress\/wp-content\/uploads\/2018\/12\/19-03_SmartHome_Homee_G.jpg\" target=\"_blank\" rel=\"noopener noreferrer\"><img loading=\"lazy\" decoding=\"async\" class=\"aligncenter wp-image-9573 size-medium\" src=\"http:\/\/www.pr-neu.de\/newsroom\/wordpress\/wp-content\/uploads\/2018\/12\/19-03_SmartHome_Homee_G-300x212.jpg\" alt=\"\" width=\"300\" height=\"212\" srcset=\"https:\/\/www.pr-neu.de\/newsroom\/wordpress\/wp-content\/uploads\/2018\/12\/19-03_SmartHome_Homee_G-300x212.jpg 300w, https:\/\/www.pr-neu.de\/newsroom\/wordpress\/wp-content\/uploads\/2018\/12\/19-03_SmartHome_Homee_G-768x543.jpg 768w, https:\/\/www.pr-neu.de\/newsroom\/wordpress\/wp-content\/uploads\/2018\/12\/19-03_SmartHome_Homee_G-1024x725.jpg 1024w, https:\/\/www.pr-neu.de\/newsroom\/wordpress\/wp-content\/uploads\/2018\/12\/19-03_SmartHome_Homee_G-110x78.jpg 110w, https:\/\/www.pr-neu.de\/newsroom\/wordpress\/wp-content\/uploads\/2018\/12\/19-03_SmartHome_Homee_G-420x297.jpg 420w, https:\/\/www.pr-neu.de\/newsroom\/wordpress\/wp-content\/uploads\/2018\/12\/19-03_SmartHome_Homee_G-608x430.jpg 608w, https:\/\/www.pr-neu.de\/newsroom\/wordpress\/wp-content\/uploads\/2018\/12\/19-03_SmartHome_Homee_G.jpg 1795w\" sizes=\"auto, (max-width: 300px) 100vw, 300px\" \/><\/a><\/p>\n<p style=\"text-align: center;\">Smart Home \u2013 ab 2019 auch in der Garage. Das Teckentrup-Konzept umfasst Komfort-, Sicherheits- und Beleuchtungs\u00adl\u00f6sungen eingebunden in eine umfassende Smart-Home-L\u00f6sung.<\/p>\n<p style=\"text-align: center;\">Bild: Pixabay<\/p>\n<hr \/>\n<p><strong>Teckentrup: Door Solutions<\/strong><\/p>\n<p>Teckentrup z\u00e4hlt mit den Produktionswerken in Verl-S\u00fcrenheide (Hauptsitz, NRW) und Gro\u00dfz\u00f6beritz (Sachsen-Anhalt) sowie seinen 900 Mitarbeitern zu den gr\u00f6\u00dften Herstellern von T\u00fcren und Toren in Europa.<\/p>\n<p>Das in dritter Generation inhabergef\u00fchrte mittelst\u00e4ndische Familien\u00adunternehmen hat sich insbesondere den Werten Qualit\u00e4t, Design und Service verpflichtet. St\u00e4ndige Verbesserungen der Produkte und die Entwicklung neuer Technologien sind f\u00fcr Teckentrup selbstverst\u00e4nd\u00adlich. F\u00fcr die kontinuierliche Weiterentwicklung wurde im gesamten Unternehmen eine kundenzentrierte Ausrichtung (Customer Centri\u00adcity) implementiert. So sorgt das Unternehmen daf\u00fcr, dass gemein\u00adsam mit den Partnern stets die beste L\u00f6sung gefunden wird \u2013 hinsichtlich Design, Sicherheit und Service. Das Angebot umfasst Produktl\u00f6sungen aus den Bereichen HOME (Garagentore), PROFESSIONAL (Funktionst\u00fcren), INDUSTRIAL (Industrietore).<\/p>\n<p>Heute verbindet das 1932 gegr\u00fcndete Unternehmen Tradition mit Fortschritt und das stets \u201emade in Germany\u201c. Zahlreiche internatio\u00adnale Zertifizierungen sind die Basis f\u00fcr einen weltweit erfolgreichen Vertrieb der Produkte. Gesellschaftliche Verantwortung \u00fcbernimmt Teckentrup unter anderem durch die Erf\u00fcllung der \u201eCharta der Vielfalt\u201c.<\/p>\n<hr \/>\n<p>Abdruck honorarfrei, Belegexemplar erbeten an<\/p>\n","protected":false},"excerpt":{"rendered":"<p>BAU 2019: CarTeck-Tore mit Smart Home Funktion Torsteuerung mit dem Smartphone, besseres Licht in und vor der Garage, eingebunden in ein anbieterunabh\u00e4ngige Smart Home Konzept: Teckentrup macht die Garage \u201esmart\u201c. Das verbessert den Komfort deutlich und steigert das Sicherheitsgef\u00fchl. \u00a0\u201eKundenbefragungen zeigen deutlich, dass sich smarte, komfor\u00adtable Steuersysteme nur durchsetzen, wenn alle Funktionen \u00fcber eine einzige [&hellip;]<\/p>\n","protected":false},"author":8,"featured_media":9573,"comment_status":"closed","ping_status":"open","sticky":false,"template":"","format":"standard","meta":{"footnotes":""},"categories":[18],"tags":[],"class_list":["post-9572","post","type-post","status-publish","format-standard","has-post-thumbnail","hentry","category-teckentrup"],"_links":{"self":[{"href":"https:\/\/www.pr-neu.de\/newsroom\/wp-json\/wp\/v2\/posts\/9572","targetHints":{"allow":["GET"]}}],"collection":[{"href":"https:\/\/www.pr-neu.de\/newsroom\/wp-json\/wp\/v2\/posts"}],"about":[{"href":"https:\/\/www.pr-neu.de\/newsroom\/wp-json\/wp\/v2\/types\/post"}],"author":[{"embeddable":true,"href":"https:\/\/www.pr-neu.de\/newsroom\/wp-json\/wp\/v2\/users\/8"}],"replies":[{"embeddable":true,"href":"https:\/\/www.pr-neu.de\/newsroom\/wp-json\/wp\/v2\/comments?post=9572"}],"version-history":[{"count":4,"href":"https:\/\/www.pr-neu.de\/newsroom\/wp-json\/wp\/v2\/posts\/9572\/revisions"}],"predecessor-version":[{"id":11432,"href":"https:\/\/www.pr-neu.de\/newsroom\/wp-json\/wp\/v2\/posts\/9572\/revisions\/11432"}],"wp:featuredmedia":[{"embeddable":true,"href":"https:\/\/www.pr-neu.de\/newsroom\/wp-json\/wp\/v2\/media\/9573"}],"wp:attachment":[{"href":"https:\/\/www.pr-neu.de\/newsroom\/wp-json\/wp\/v2\/media?parent=9572"}],"wp:term":[{"taxonomy":"category","embeddable":true,"href":"https:\/\/www.pr-neu.de\/newsroom\/wp-json\/wp\/v2\/categories?post=9572"},{"taxonomy":"post_tag","embeddable":true,"href":"https:\/\/www.pr-neu.de\/newsroom\/wp-json\/wp\/v2\/tags?post=9572"}],"curies":[{"name":"wp","href":"https:\/\/api.w.org\/{rel}","templated":true}]}}