{"id":9552,"date":"2019-01-14T02:00:35","date_gmt":"2019-01-14T01:00:35","guid":{"rendered":"http:\/\/www.pr-nord.de\/newsroom\/?p=9552"},"modified":"2020-05-18T14:32:49","modified_gmt":"2020-05-18T12:32:49","slug":"neue-produkte-neue-services","status":"publish","type":"post","link":"https:\/\/www.pr-neu.de\/newsroom\/neue-produkte-neue-services\/","title":{"rendered":"Neue Produkte, neue Services"},"content":{"rendered":"<p><u>BAU 2019<\/u><u>: Teckentrup setzt auf Kundenzentriertheit<\/u><\/p>\n<p><strong>\u201eKundenorientierung f\u00fchrt zu besseren Produkten und besseren Services\u201c, sagt Teckentrup-Chef Kai Teckentrup. Auf der BAU 2019 war zu sehen, was dahinter steckt: Entsprechend dem Motto \u201eImmer die beste L\u00f6sung \u2013 Ihre L\u00f6sung\u201c pr\u00e4sentierte das Unternehmen Produkt\u00adinnovationen, bedarfsgerechte digitale Angebote sowie Services f\u00fcr Planer und Verarbeiter, die ihnen die Arbeit erleichtern und zu effizienteren Prozessen f\u00fchren. <\/strong><\/p>\n<p><strong>\u00a0<\/strong>Seit rund zwei Jahren hat sich der Verler Bauelemente-Spezialist konsequent kundenzentriert entwickelt. In einem umfassenden Workshop in Telfs wurden 2017 gemeinsam mit H\u00e4ndlern, Planern und Verarbeitern konkrete Vorgaben an den Hersteller definiert. Diese flossen in die Weiterentwicklung der Unternehmens-Services und Produktentwicklungen ein, die in weiteren Abstimmungsrunden mit den Partnern immer wieder auf den Pr\u00fcfstand kamen. Zur BAU stellte das Unternehmen nun umfassend Ergebnisse vor.<\/p>\n<p><strong>Digitale Vorreiter: TEO und Smart Home<\/strong><\/p>\n<p><strong>\u00a0<\/strong>\u201eTEO \u2013 Teckentrup einfach online\u201c hei\u00dft der intuitiv bedienbare T\u00fcren- und Torkonfigurator von Teckentrup. Er sorgt daf\u00fcr, dass bei der Auswahl einer T\u00fcr oder eines Tors kein relevantes Detail vergessen wird und stellt sicher, dass sie widerspruchs\u00adfrei konfiguriert werden. Fehler \u2013 beispielsweise eine nicht zugelassene Dr\u00fcckergarnitur bei einer Feuerschutzt\u00fcr \u2013 sind so ausgeschlossen. \u201eWir haben uns mit der Entwicklung Zeit gelassen und immer wieder Anwender mit dem System arbeiten lassen. Dadurch k\u00f6nnen wir heute einen Konfigurator anbieten, der genau auf die Bed\u00fcrfnisse der Profis zugeschnitten ist\u201c, erkl\u00e4rt Firmenchef Kai Teckentrup. Das umfasst den Aufbau im Ganzen und reicht bis zu den Details \u2013 zum Beispiel die Option, die Auswahl \u201eRechts- \/ Links-T\u00fcr\u201c erst sp\u00e4ter zu treffen, die weiteren Daten aber schon komplett zu hinterlegen, um so einen Angebotspreis ermitteln zu k\u00f6nnen. \u201eDie Resonanz der Kunden war bisher durchweg ausgesprochen gut\u201c, zieht Teckentrup ein positives Fazit.<\/p>\n<p>Neue digitale L\u00f6sungen pr\u00e4sentierte Teckentrup zudem f\u00fcr Smart-Home-Anwendungen: Tor und Beleuchtung lassen sich jetzt via Smartphone steuern. So kann die Garage von au\u00dfer\u00adhalb ge\u00f6ffnet werden (bspw. f\u00fcr einen Paketboten). Weitere Bausteine sind Kamerasteuerung oder Feuchte- und Tempe\u00adratur-\u00dcberwachung. Mit dem umfassenden Beleuchtungspaket l\u00e4sst sich ein optimal ausgeleuchtetes Feld vor und in der Garage schaffen. Durch die Anbindung an das System \u201eHomee\u201c ist daf\u00fcr keine zus\u00e4tzliche App erforderlich: die Funktions\u00adsteuerung f\u00fcr die Garage erfolgt einfach und bequem \u00fcber eine zentrale Anwendung.<\/p>\n<p><strong>Produktverbesserung en Detail<\/strong><\/p>\n<p><strong>\u00a0<\/strong>Fl\u00e4chenb\u00fcndige T\u00fcren sind im Trend \u2013 das best\u00e4tigten die Kunden-Workshops mit Architekten und Planern. Ebenso wurde dabei deutlich, dass die Fl\u00e4chenb\u00fcndigkeit insbesondere zur Zarge gew\u00fcnscht ist. Zugleich hat sich in den letzten Jahren der Einsatz von Stahlt\u00fcren deutlich erweitert. \u201eModerne Stahlblech-Multifunktionst\u00fcren mit ihrer gro\u00dfen Zulassungsvielfalt erf\u00fcllen l\u00e4ngst gehobene gestalterische Anspr\u00fcche im modernen Bauen. Mit unserer fl\u00e4chenb\u00fcndigen Variante \u201eDesignprofil-FB\u201c \u00a0bauen wir auf dem bew\u00e4hrten Baukastenprinzip der 62-er T\u00fcrenserie auf, nutzen deren konstruktive Produktvorteile und gehen mit der attraktiven Verblendung im Trend der Zeit zu mehr \u00c4sthetik bei Stahlt\u00fcren\u201c, erkl\u00e4rt Sven Diembeck, Gesch\u00e4ftsleitung technische Bereiche bei Teckentrup. Die L\u00f6sung ist also keine komplett neue Zarge, sondern ein Designprofil, das mit den Standardzargen kombiniert wird \u2013 somit ist diese attraktive L\u00f6sung auch wirtschaftlich. In Kombination mit Eck- oder Umfassungszargen erfolgt der Einbau fl\u00e4chenb\u00fcndig mit der Fu\u00dfleiste, mit Blockzargen entsteht sogar eine wandb\u00fcndige Optik.<\/p>\n<p><strong>Service-Offensive mit 360-Grad-Blick<\/strong><\/p>\n<p><strong>\u00a0<\/strong>\u201eEine Erkenntnis unserer Gespr\u00e4chsrunden war auch, dass wir als Partner mehr bieten m\u00fcssen als Produkte: Ein Miteinander f\u00fchrt zu neu gedachten Services \u2013 von denen unsere Kunden sofort profitieren, die zudem unser Kundenverst\u00e4ndnis verbessern und unser Portfolio erweitern\u201c, sagt Teckentrup. Ein zentrales neues Angebot, das aus dieser kundenzentrierten Sicht entwickelt wurde, ist der \u201eT\u00fcren-Vertrage-Service\u201c: Anstatt die Bauelemente nur bis zur Baustelle zu liefern, bietet Teckentrup nun auch an, diese bis zum Einbauort zu transportieren. Dadurch k\u00f6nnen sich die Monteure auf ihre Kernarbeit konzentrieren. \u201eJe gr\u00f6\u00dfer das Objekt ist, desto mehr lohnt es sich, diesen Service zu nutzen\u201c, erkl\u00e4rt Teckentrup.<\/p>\n<p><strong>Kundenzentriertheit bleibt Leitmotiv<\/strong><\/p>\n<p>Aus den ersten Anf\u00e4ngen 2017 ist so ein \u201e360-Grad-Service\u201c entstanden. Dazu geh\u00f6rt schnelle Lieferung, auch von Ersatzteilen und Reparaturservice. Feste Ansprechpartner und eine technische Hotline sorgen f\u00fcr schnelle Beratung, bei pr\u00fcfpflichtigen Einbauten umfasst die Partnerschaft Wartung und Rechtssicherheit. Neben Produkt- und Verkaufsseminaren bietet Teckentrup Montage-Unterst\u00fctzung vor Ort, insbesondere bei technischen Sonderl\u00f6sungen. Diese Philosophie hat sich durchgesetzt und wird die Angebotspalette weiter verbessern. Davon ist Kai Teckentrup \u00fcberzeugt: \u201eDer konstruktive Austausch hat uns nach vorn gebracht \u2013 und findet immer mehr Akzeptanz. Das haben verschiedene agile Projekte best\u00e4tigt. Da die Bauprofis viel besser als wir wissen, was sie brauchen, ist dieser Dialog so fruchtbar \u2013 wir werden diesen Weg konsequent weiter gehen\u201c.<\/p>\n<hr \/>\n<p><a href=\"http:\/\/www.pr-neu.de\/newsroom\/wordpress\/wp-content\/uploads\/2018\/12\/19_02_Teckentrup_G-1.jpg\" target=\"_blank\" rel=\"noopener noreferrer\"><img loading=\"lazy\" decoding=\"async\" class=\"aligncenter wp-image-9555 size-medium\" src=\"http:\/\/www.pr-neu.de\/newsroom\/wordpress\/wp-content\/uploads\/2018\/12\/19_02_Teckentrup_G-1-200x300.jpg\" alt=\"\" width=\"200\" height=\"300\" srcset=\"https:\/\/www.pr-neu.de\/newsroom\/wordpress\/wp-content\/uploads\/2018\/12\/19_02_Teckentrup_G-1-200x300.jpg 200w, https:\/\/www.pr-neu.de\/newsroom\/wordpress\/wp-content\/uploads\/2018\/12\/19_02_Teckentrup_G-1-768x1152.jpg 768w, https:\/\/www.pr-neu.de\/newsroom\/wordpress\/wp-content\/uploads\/2018\/12\/19_02_Teckentrup_G-1-683x1024.jpg 683w, https:\/\/www.pr-neu.de\/newsroom\/wordpress\/wp-content\/uploads\/2018\/12\/19_02_Teckentrup_G-1-73x110.jpg 73w, https:\/\/www.pr-neu.de\/newsroom\/wordpress\/wp-content\/uploads\/2018\/12\/19_02_Teckentrup_G-1-280x420.jpg 280w, https:\/\/www.pr-neu.de\/newsroom\/wordpress\/wp-content\/uploads\/2018\/12\/19_02_Teckentrup_G-1-287x430.jpg 287w, https:\/\/www.pr-neu.de\/newsroom\/wordpress\/wp-content\/uploads\/2018\/12\/19_02_Teckentrup_G-1.jpg 1197w\" sizes=\"auto, (max-width: 200px) 100vw, 200px\" \/><\/a><\/p>\n<p style=\"text-align: center;\">\u201eDer intensive Austausch mit den Nutzern f\u00fchrt schneller<br \/>\nzu besseren Angeboten\u201c. Kai Teckentrup ist<br \/>\nvon der Philosophie der Co-Creation \u00fcberzeugt.<\/p>\n<p style=\"text-align: center;\">Bild: Teckentrup<\/p>\n<p><a href=\"http:\/\/www.pr-neu.de\/newsroom\/wordpress\/wp-content\/uploads\/2018\/12\/19-02_Diembeck__G.jpg\" target=\"_blank\" rel=\"noopener noreferrer\"><img loading=\"lazy\" decoding=\"async\" class=\"aligncenter wp-image-9556 size-medium\" src=\"http:\/\/www.pr-neu.de\/newsroom\/wordpress\/wp-content\/uploads\/2018\/12\/19-02_Diembeck__G-300x200.jpg\" alt=\"\" width=\"300\" height=\"200\" srcset=\"https:\/\/www.pr-neu.de\/newsroom\/wordpress\/wp-content\/uploads\/2018\/12\/19-02_Diembeck__G-300x200.jpg 300w, https:\/\/www.pr-neu.de\/newsroom\/wordpress\/wp-content\/uploads\/2018\/12\/19-02_Diembeck__G-768x512.jpg 768w, https:\/\/www.pr-neu.de\/newsroom\/wordpress\/wp-content\/uploads\/2018\/12\/19-02_Diembeck__G-1024x683.jpg 1024w, https:\/\/www.pr-neu.de\/newsroom\/wordpress\/wp-content\/uploads\/2018\/12\/19-02_Diembeck__G-110x73.jpg 110w, https:\/\/www.pr-neu.de\/newsroom\/wordpress\/wp-content\/uploads\/2018\/12\/19-02_Diembeck__G-420x280.jpg 420w, https:\/\/www.pr-neu.de\/newsroom\/wordpress\/wp-content\/uploads\/2018\/12\/19-02_Diembeck__G-645x430.jpg 645w, https:\/\/www.pr-neu.de\/newsroom\/wordpress\/wp-content\/uploads\/2018\/12\/19-02_Diembeck__G.jpg 1795w\" sizes=\"auto, (max-width: 300px) 100vw, 300px\" \/><\/a><\/p>\n<p style=\"text-align: center;\">\u201eDie Idee, fl\u00e4chenb\u00fcndige Ansichten \u00fcber Anbauteile<br \/>\nf\u00fcr Standardzargen zu schaffen, entstand in einem unserer<br \/>\nCo-Creation-Workshops\u201c, sagt Sven Diembeck,<br \/>\nGesch\u00e4ftsleitung technische Bereiche bei Teckentrup.<\/p>\n<p style=\"text-align: center;\">Bild: Teckentrup<\/p>\n<p><a href=\"http:\/\/www.pr-neu.de\/newsroom\/wordpress\/wp-content\/uploads\/2018\/12\/19-01_Zarge_1_G-1.jpg\" target=\"_blank\" rel=\"noopener noreferrer\"><img loading=\"lazy\" decoding=\"async\" class=\"aligncenter wp-image-9554 size-medium\" src=\"http:\/\/www.pr-neu.de\/newsroom\/wordpress\/wp-content\/uploads\/2018\/12\/19-01_Zarge_1_G-1-200x300.jpg\" alt=\"\" width=\"200\" height=\"300\" srcset=\"https:\/\/www.pr-neu.de\/newsroom\/wordpress\/wp-content\/uploads\/2018\/12\/19-01_Zarge_1_G-1-200x300.jpg 200w, https:\/\/www.pr-neu.de\/newsroom\/wordpress\/wp-content\/uploads\/2018\/12\/19-01_Zarge_1_G-1-768x1152.jpg 768w, https:\/\/www.pr-neu.de\/newsroom\/wordpress\/wp-content\/uploads\/2018\/12\/19-01_Zarge_1_G-1-683x1024.jpg 683w, https:\/\/www.pr-neu.de\/newsroom\/wordpress\/wp-content\/uploads\/2018\/12\/19-01_Zarge_1_G-1-73x110.jpg 73w, https:\/\/www.pr-neu.de\/newsroom\/wordpress\/wp-content\/uploads\/2018\/12\/19-01_Zarge_1_G-1-280x420.jpg 280w, https:\/\/www.pr-neu.de\/newsroom\/wordpress\/wp-content\/uploads\/2018\/12\/19-01_Zarge_1_G-1-287x430.jpg 287w, https:\/\/www.pr-neu.de\/newsroom\/wordpress\/wp-content\/uploads\/2018\/12\/19-01_Zarge_1_G-1.jpg 1197w\" sizes=\"auto, (max-width: 200px) 100vw, 200px\" \/><\/a><\/p>\n<p style=\"text-align: center;\">Architekturtrend fl\u00e4chenb\u00fcndige T\u00fcr:<br \/>\nDer neuen Zargen-Bausatz von Teckentrup<br \/>\nf\u00fchrt zu \u00e4sthetischen T\u00fcr-Zargen-Ansichten<br \/>\n\u2013 unter Einsatz von Standard-Zargen.<\/p>\n<p style=\"text-align: center;\">Bild: Teckentrup<\/p>\n<hr \/>\n<p><strong>Teckentrup: Door Solutions<\/strong><\/p>\n<p>Teckentrup z\u00e4hlt mit den Produktionswerken in Verl-S\u00fcrenheide (Hauptsitz, NRW) und Gro\u00dfz\u00f6beritz (Sachsen-Anhalt) sowie seinen 900 Mitarbeitern zu den gr\u00f6\u00dften Herstellern von T\u00fcren und Toren in Europa.<\/p>\n<p>Das in dritter Generation inhabergef\u00fchrte mittelst\u00e4ndische Familien-unternehmen hat sich insbesondere den Werten Qualit\u00e4t, Design und Service verpflichtet. St\u00e4ndige Verbesserungen der Produkte und die Entwicklung neuer Technologien sind f\u00fcr Teckentrup selbstverst\u00e4nd-lich. F\u00fcr die kontinuierliche Weiterentwicklung wurde im gesamten Unternehmen eine kundenzentrierte Ausrichtung (Customer Centri-city) implementiert. So sorgt das Unternehmen daf\u00fcr, dass gemein-sam mit den Partnern stets die beste L\u00f6sung gefunden wird \u2013 hinsichtlich Design, Sicherheit und Service. Das Angebot umfasst Produktl\u00f6sungen aus den Bereichen HOME (Garagentore), PROFESSIONAL (Funktionst\u00fcren), INDUSTRIAL (Industrietore).<\/p>\n<p>Heute verbindet das 1932 gegr\u00fcndete Unternehmen Tradition mit Fortschritt und das stets \u201emade in Germany\u201c. Zahlreiche internationale Zertifizierungen sind die Basis f\u00fcr einen weltweit erfolgreichen Vertrieb der Produkte. Gesellschaftliche Verantwortung \u00fcbernimmt Teckentrup unter anderem durch die Erf\u00fcllung der \u201eCharta der Vielfalt\u201c.<\/p>\n<hr \/>\n<p>Abdruck honorarfrei, Belegexemplar erbeten an<\/p>\n","protected":false},"excerpt":{"rendered":"<p>BAU 2019: Teckentrup setzt auf Kundenzentriertheit \u201eKundenorientierung f\u00fchrt zu besseren Produkten und besseren Services\u201c, sagt Teckentrup-Chef Kai Teckentrup. Auf der BAU 2019 war zu sehen, was dahinter steckt: Entsprechend dem Motto \u201eImmer die beste L\u00f6sung \u2013 Ihre L\u00f6sung\u201c pr\u00e4sentierte das Unternehmen Produkt\u00adinnovationen, bedarfsgerechte digitale Angebote sowie Services f\u00fcr Planer und Verarbeiter, die ihnen die Arbeit [&hellip;]<\/p>\n","protected":false},"author":8,"featured_media":9556,"comment_status":"closed","ping_status":"open","sticky":false,"template":"","format":"standard","meta":{"footnotes":""},"categories":[18],"tags":[],"class_list":["post-9552","post","type-post","status-publish","format-standard","has-post-thumbnail","hentry","category-teckentrup"],"_links":{"self":[{"href":"https:\/\/www.pr-neu.de\/newsroom\/wp-json\/wp\/v2\/posts\/9552","targetHints":{"allow":["GET"]}}],"collection":[{"href":"https:\/\/www.pr-neu.de\/newsroom\/wp-json\/wp\/v2\/posts"}],"about":[{"href":"https:\/\/www.pr-neu.de\/newsroom\/wp-json\/wp\/v2\/types\/post"}],"author":[{"embeddable":true,"href":"https:\/\/www.pr-neu.de\/newsroom\/wp-json\/wp\/v2\/users\/8"}],"replies":[{"embeddable":true,"href":"https:\/\/www.pr-neu.de\/newsroom\/wp-json\/wp\/v2\/comments?post=9552"}],"version-history":[{"count":5,"href":"https:\/\/www.pr-neu.de\/newsroom\/wp-json\/wp\/v2\/posts\/9552\/revisions"}],"predecessor-version":[{"id":11433,"href":"https:\/\/www.pr-neu.de\/newsroom\/wp-json\/wp\/v2\/posts\/9552\/revisions\/11433"}],"wp:featuredmedia":[{"embeddable":true,"href":"https:\/\/www.pr-neu.de\/newsroom\/wp-json\/wp\/v2\/media\/9556"}],"wp:attachment":[{"href":"https:\/\/www.pr-neu.de\/newsroom\/wp-json\/wp\/v2\/media?parent=9552"}],"wp:term":[{"taxonomy":"category","embeddable":true,"href":"https:\/\/www.pr-neu.de\/newsroom\/wp-json\/wp\/v2\/categories?post=9552"},{"taxonomy":"post_tag","embeddable":true,"href":"https:\/\/www.pr-neu.de\/newsroom\/wp-json\/wp\/v2\/tags?post=9552"}],"curies":[{"name":"wp","href":"https:\/\/api.w.org\/{rel}","templated":true}]}}