{"id":9542,"date":"2019-01-14T02:00:39","date_gmt":"2019-01-14T01:00:39","guid":{"rendered":"http:\/\/www.pr-nord.de\/newsroom\/?p=9542"},"modified":"2020-05-18T14:30:44","modified_gmt":"2020-05-18T12:30:44","slug":"unaufwaendig-flaechenbuendig","status":"publish","type":"post","link":"https:\/\/www.pr-neu.de\/newsroom\/unaufwaendig-flaechenbuendig\/","title":{"rendered":"Unaufw\u00e4ndig fl\u00e4chenb\u00fcndig"},"content":{"rendered":"<p><u>BAU 2019<\/u><u>: Designprofil-FB als \u00e4sthetische Zargenl\u00f6sung<\/u><\/p>\n<p>Auf der Baustelle treffen Gestaltungswunsch und Wirklichkeit aufeinander. Aufwendige Detaill\u00f6sungen k\u00f6nnen hier schnell zum Zeit- und Kostenfresser mit Ausf\u00fchrungsrisiko werden. Um hohe gestalterische \u00c4sthetik auch unaufw\u00e4ndig realisiern zu k\u00f6nnen, hat Teckentrup jetzt das \u201eDesignprofil-FB\u201c entwickelt, mit der Zargenl\u00f6sung wird der einfache Einbau fl\u00e4chenb\u00fcndiger T\u00fcren m\u00f6glich. Das zur BAU 2019 pr\u00e4sentierte Profil, verf\u00fcgbar f\u00fcr Teckentrup-T\u00fcren der 62er Serie, wird einfach mit Standard\u00adzargen kombiniert. Mit Blockzarge ist die T\u00fcr damit fl\u00e4chen\u00adb\u00fcndig in der Wand, mit Eck- oder U-Zargen liegt das T\u00fcrblatt fl\u00e4chenb\u00fcndig in der Zarge und auf einer Ebene mit der Fu\u00dfleiste. Somit steht nun eine baustellengerechte, sichere L\u00f6sung f\u00fcr den aktuellen Architekturtrend nach \u00e4sthetischen Schattenfugen und harmonischen Linien zur Verf\u00fcgung.<\/p>\n<p>Technisch bleiben alle Freiheiten. Die T\u00fcr ist mit Rauchschutz verf\u00fcgbar (DIN 18095 \/ EN 1634-3), sie wird mit den bew\u00e4hrten 3D-B\u00e4ndern (Verzinkt \/ Edelstahl) ausgestattet und erh\u00e4lt optio\u00adnal eine ebenfalls fl\u00e4chenb\u00fcndige Verglasung. Feuerschutz ist bis zur Klasse T90 m\u00f6glich, Einbruchschutz bis zur Klasse RC4.<\/p>\n<hr \/>\n<p><strong>Co-Creation f\u00fchrt zu bedarfsgerechten L\u00f6sungen<\/strong><\/p>\n<p>Das \u201eDesignprofil-FB\u201c ist ein Musterbeispiel f\u00fcr die weitsichtige Produktentwicklung in \u201eCo-Creation\u201c. Bei diesem Ansatz werden die Betroffenen \u2013 Anwender, Planer oder auch H\u00e4ndler \u2013 bereits fr\u00fchzeitig in den Prozess eingebunden. Die Idee f\u00fcr die fl\u00e4chenb\u00fcndige Zarge entstand in einem Workshop mit Architekten: Dabei wurde der Wunsch nach der modernen Optik zu einem wirtschaftlich attraktiven Preis laut \u2013 und die nun serienreife L\u00f6sung entwickelt.<\/p>\n<p><strong>\u00a0<\/strong><\/p>\n<hr \/>\n<p><a href=\"http:\/\/www.pr-neu.de\/newsroom\/wordpress\/wp-content\/uploads\/2018\/12\/19-01_Zarge_1_G.jpg\" target=\"_blank\" rel=\"noopener noreferrer\"><img loading=\"lazy\" decoding=\"async\" class=\"aligncenter wp-image-9543 size-medium\" src=\"http:\/\/www.pr-neu.de\/newsroom\/wordpress\/wp-content\/uploads\/2018\/12\/19-01_Zarge_1_G-200x300.jpg\" alt=\"\" width=\"200\" height=\"300\" srcset=\"https:\/\/www.pr-neu.de\/newsroom\/wordpress\/wp-content\/uploads\/2018\/12\/19-01_Zarge_1_G-200x300.jpg 200w, https:\/\/www.pr-neu.de\/newsroom\/wordpress\/wp-content\/uploads\/2018\/12\/19-01_Zarge_1_G-768x1152.jpg 768w, https:\/\/www.pr-neu.de\/newsroom\/wordpress\/wp-content\/uploads\/2018\/12\/19-01_Zarge_1_G-683x1024.jpg 683w, https:\/\/www.pr-neu.de\/newsroom\/wordpress\/wp-content\/uploads\/2018\/12\/19-01_Zarge_1_G-73x110.jpg 73w, https:\/\/www.pr-neu.de\/newsroom\/wordpress\/wp-content\/uploads\/2018\/12\/19-01_Zarge_1_G-280x420.jpg 280w, https:\/\/www.pr-neu.de\/newsroom\/wordpress\/wp-content\/uploads\/2018\/12\/19-01_Zarge_1_G-287x430.jpg 287w, https:\/\/www.pr-neu.de\/newsroom\/wordpress\/wp-content\/uploads\/2018\/12\/19-01_Zarge_1_G.jpg 1197w\" sizes=\"auto, (max-width: 200px) 100vw, 200px\" \/><\/a><\/p>\n<p style=\"text-align: center;\">Architekturtrend fl\u00e4chenb\u00fcndige T\u00fcr: Das neue \u201eDesignprofil-FB\u201c \u00a0von Teckentrup f\u00fchrt zu \u00e4sthetischen, fl\u00e4chenb\u00fcndigen T\u00fcr-Zargen-Ansichten.<\/p>\n<p style=\"text-align: center;\">Bild: Teckentrup<\/p>\n<p><a href=\"http:\/\/www.pr-neu.de\/newsroom\/wordpress\/wp-content\/uploads\/2018\/12\/19-01_Zarge_2_G.jpg\" target=\"_blank\" rel=\"noopener noreferrer\"><img loading=\"lazy\" decoding=\"async\" class=\"aligncenter wp-image-9544 size-medium\" src=\"http:\/\/www.pr-neu.de\/newsroom\/wordpress\/wp-content\/uploads\/2018\/12\/19-01_Zarge_2_G-282x300.jpg\" alt=\"\" width=\"282\" height=\"300\" srcset=\"https:\/\/www.pr-neu.de\/newsroom\/wordpress\/wp-content\/uploads\/2018\/12\/19-01_Zarge_2_G-282x300.jpg 282w, https:\/\/www.pr-neu.de\/newsroom\/wordpress\/wp-content\/uploads\/2018\/12\/19-01_Zarge_2_G-768x816.jpg 768w, https:\/\/www.pr-neu.de\/newsroom\/wordpress\/wp-content\/uploads\/2018\/12\/19-01_Zarge_2_G-964x1024.jpg 964w, https:\/\/www.pr-neu.de\/newsroom\/wordpress\/wp-content\/uploads\/2018\/12\/19-01_Zarge_2_G-104x110.jpg 104w, https:\/\/www.pr-neu.de\/newsroom\/wordpress\/wp-content\/uploads\/2018\/12\/19-01_Zarge_2_G-395x420.jpg 395w, https:\/\/www.pr-neu.de\/newsroom\/wordpress\/wp-content\/uploads\/2018\/12\/19-01_Zarge_2_G-405x430.jpg 405w, https:\/\/www.pr-neu.de\/newsroom\/wordpress\/wp-content\/uploads\/2018\/12\/19-01_Zarge_2_G.jpg 1690w\" sizes=\"auto, (max-width: 282px) 100vw, 282px\" \/><\/a><\/p>\n<p style=\"text-align: center;\">Architekturtrend fl\u00e4chenb\u00fcndige T\u00fcr: Das neue \u201eDesignprofil-FB\u201c \u00a0von Teckentrup f\u00fchrt zu \u00e4sthetischen, fl\u00e4chenb\u00fcndigen T\u00fcr-Zargen-Ansichten.<\/p>\n<p style=\"text-align: center;\">Bild: Teckentrup<\/p>\n<p><a href=\"http:\/\/www.pr-neu.de\/newsroom\/wordpress\/wp-content\/uploads\/2018\/12\/19-01_Zarge_3_G.jpg\" target=\"_blank\" rel=\"noopener noreferrer\"><img loading=\"lazy\" decoding=\"async\" class=\"aligncenter wp-image-9545 size-medium\" src=\"http:\/\/www.pr-neu.de\/newsroom\/wordpress\/wp-content\/uploads\/2018\/12\/19-01_Zarge_3_G-270x300.jpg\" alt=\"\" width=\"270\" height=\"300\" srcset=\"https:\/\/www.pr-neu.de\/newsroom\/wordpress\/wp-content\/uploads\/2018\/12\/19-01_Zarge_3_G-270x300.jpg 270w, https:\/\/www.pr-neu.de\/newsroom\/wordpress\/wp-content\/uploads\/2018\/12\/19-01_Zarge_3_G-768x852.jpg 768w, https:\/\/www.pr-neu.de\/newsroom\/wordpress\/wp-content\/uploads\/2018\/12\/19-01_Zarge_3_G-923x1024.jpg 923w, https:\/\/www.pr-neu.de\/newsroom\/wordpress\/wp-content\/uploads\/2018\/12\/19-01_Zarge_3_G-99x110.jpg 99w, https:\/\/www.pr-neu.de\/newsroom\/wordpress\/wp-content\/uploads\/2018\/12\/19-01_Zarge_3_G-379x420.jpg 379w, https:\/\/www.pr-neu.de\/newsroom\/wordpress\/wp-content\/uploads\/2018\/12\/19-01_Zarge_3_G-388x430.jpg 388w, https:\/\/www.pr-neu.de\/newsroom\/wordpress\/wp-content\/uploads\/2018\/12\/19-01_Zarge_3_G.jpg 1618w\" sizes=\"auto, (max-width: 270px) 100vw, 270px\" \/><\/a><\/p>\n<p style=\"text-align: center;\">Architekturtrend fl\u00e4chenb\u00fcndige T\u00fcr: Das neue \u201eDesignprofil-FB\u201c \u00a0von Teckentrup f\u00fchrt zu \u00e4sthetischen, fl\u00e4chenb\u00fcndigen T\u00fcr-Zargen-Ansichten.<\/p>\n<p style=\"text-align: center;\">Bild: Teckentrup<\/p>\n<hr \/>\n<p><strong>Teckentrup: Door Solutions<\/strong><\/p>\n<p>Teckentrup z\u00e4hlt mit den Produktionswerken in Verl-S\u00fcrenheide (Hauptsitz, NRW) und Gro\u00dfz\u00f6beritz (Sachsen-Anhalt) sowie seinen 900 Mitarbeitern zu den gr\u00f6\u00dften Herstellern von T\u00fcren und Toren in Europa.<\/p>\n<p>Das in dritter Generation inhabergef\u00fchrte mittelst\u00e4ndische Familien\u00adunternehmen hat sich insbesondere den Werten Qualit\u00e4t, Design und Service verpflichtet. St\u00e4ndige Verbesserungen der Produkte und die Entwicklung neuer Technologien sind f\u00fcr Teckentrup selbstverst\u00e4nd\u00adlich. F\u00fcr die kontinuierliche Weiterentwicklung wurde im gesamten Unternehmen eine kundenzentrierte Ausrichtung (Customer Centri\u00adcity) implementiert. So sorgt das Unternehmen daf\u00fcr, dass gemein\u00adsam mit den Partnern stets die beste L\u00f6sung gefunden wird \u2013 hinsichtlich Design, Sicherheit und Service. Das Angebot umfasst Produktl\u00f6sungen aus den Bereichen HOME (Garagentore), PROFESSIONAL (Funktionst\u00fcren), INDUSTRIAL (Industrietore).<\/p>\n<p>Heute verbindet das 1932 gegr\u00fcndete Unternehmen Tradition mit Fortschritt und das stets \u201emade in Germany\u201c. Zahlreiche internatio\u00adnale Zertifizierungen sind die Basis f\u00fcr einen weltweit erfolgreichen Vertrieb der Produkte. Gesellschaftliche Verantwortung \u00fcbernimmt Teckentrup unter anderem durch die Erf\u00fcllung der \u201eCharta der Vielfalt\u201c.<\/p>\n<hr \/>\n<p>Abdruck honorarfrei, Belegexemplar erbeten an<\/p>\n","protected":false},"excerpt":{"rendered":"<p>BAU 2019: Designprofil-FB als \u00e4sthetische Zargenl\u00f6sung Auf der Baustelle treffen Gestaltungswunsch und Wirklichkeit aufeinander. Aufwendige Detaill\u00f6sungen k\u00f6nnen hier schnell zum Zeit- und Kostenfresser mit Ausf\u00fchrungsrisiko werden. Um hohe gestalterische \u00c4sthetik auch unaufw\u00e4ndig realisiern zu k\u00f6nnen, hat Teckentrup jetzt das \u201eDesignprofil-FB\u201c entwickelt, mit der Zargenl\u00f6sung wird der einfache Einbau fl\u00e4chenb\u00fcndiger T\u00fcren m\u00f6glich. Das zur BAU 2019 [&hellip;]<\/p>\n","protected":false},"author":8,"featured_media":9544,"comment_status":"closed","ping_status":"open","sticky":false,"template":"","format":"standard","meta":{"footnotes":""},"categories":[18],"tags":[],"class_list":["post-9542","post","type-post","status-publish","format-standard","has-post-thumbnail","hentry","category-teckentrup"],"_links":{"self":[{"href":"https:\/\/www.pr-neu.de\/newsroom\/wp-json\/wp\/v2\/posts\/9542","targetHints":{"allow":["GET"]}}],"collection":[{"href":"https:\/\/www.pr-neu.de\/newsroom\/wp-json\/wp\/v2\/posts"}],"about":[{"href":"https:\/\/www.pr-neu.de\/newsroom\/wp-json\/wp\/v2\/types\/post"}],"author":[{"embeddable":true,"href":"https:\/\/www.pr-neu.de\/newsroom\/wp-json\/wp\/v2\/users\/8"}],"replies":[{"embeddable":true,"href":"https:\/\/www.pr-neu.de\/newsroom\/wp-json\/wp\/v2\/comments?post=9542"}],"version-history":[{"count":5,"href":"https:\/\/www.pr-neu.de\/newsroom\/wp-json\/wp\/v2\/posts\/9542\/revisions"}],"predecessor-version":[{"id":11431,"href":"https:\/\/www.pr-neu.de\/newsroom\/wp-json\/wp\/v2\/posts\/9542\/revisions\/11431"}],"wp:featuredmedia":[{"embeddable":true,"href":"https:\/\/www.pr-neu.de\/newsroom\/wp-json\/wp\/v2\/media\/9544"}],"wp:attachment":[{"href":"https:\/\/www.pr-neu.de\/newsroom\/wp-json\/wp\/v2\/media?parent=9542"}],"wp:term":[{"taxonomy":"category","embeddable":true,"href":"https:\/\/www.pr-neu.de\/newsroom\/wp-json\/wp\/v2\/categories?post=9542"},{"taxonomy":"post_tag","embeddable":true,"href":"https:\/\/www.pr-neu.de\/newsroom\/wp-json\/wp\/v2\/tags?post=9542"}],"curies":[{"name":"wp","href":"https:\/\/api.w.org\/{rel}","templated":true}]}}