{"id":9495,"date":"2018-12-04T13:28:16","date_gmt":"2018-12-04T12:28:16","guid":{"rendered":"http:\/\/www.pr-nord.de\/newsroom\/?p=9495"},"modified":"2020-05-18T15:16:39","modified_gmt":"2020-05-18T13:16:39","slug":"smart-building-mit-smart-glass","status":"publish","type":"post","link":"https:\/\/www.pr-neu.de\/newsroom\/smart-building-mit-smart-glass\/","title":{"rendered":"Smart Building mit Smart Glass"},"content":{"rendered":"<p><strong>ECONTROL zur BAU: digitaler Sonnenschutz im Glas (Halle C3, Stand 402)<\/strong><\/p>\n<p>Als Pionier dynamischer, dimmbarer Verglasung bietet EControl eine smarte Antwort auf die Herausforderungen des modernen Sonnenschutzes: Die Gl\u00e4ser \u2013 erh\u00e4ltlich als 2-fach und 3-fach-Isolierglas \u2013 reduzieren die Lichtdurchl\u00e4ssigkeit bis zu 90 Prozent und sperren zugleich die sommerliche Hitze aus. Der g- und der Tv-Wert sind also dynamisch und an die Witterung anpassbar. Das dimmbare Glas sorgt so in Verbindung mit der Geb\u00e4udesteuerung f\u00fcr ein angenehmes Raumklima und der Blick nach drau\u00dfen bleibt dabei stets frei, beispielsweise in B\u00fcros oder Winterg\u00e4rten. Das Unternehmen aus Plauen setzt dabei auf Qualit\u00e4t \u201eMade in Germany\u201c mit kurzen Lieferzeiten sowie eine umfassende Beratung von der Planung bis zum Einbau. Mit diesem Full-Service-Konzept pr\u00e4sentiert EControl seine Gl\u00e4ser und Steuerungssysteme f\u00fcr das smarte Geb\u00e4ude auf der BAU 2019 (Halle C3, Stand 402).<\/p>\n<p>EControl-Gl\u00e4ser lassen sich sowohl vollautomatisch als auch individuell, via Tablett oder Taster, steuern. Zudem besteht jederzeit die M\u00f6glichkeit der intelligenten Verkn\u00fcpfung bis hin zum \u201eIoT\u201c (Internet of Things).<\/p>\n<hr \/>\n<p><a href=\"http:\/\/www.pr-neu.de\/newsroom\/wordpress\/wp-content\/uploads\/2018\/12\/18-07_econtrol-glas_G.jpg\"><img loading=\"lazy\" decoding=\"async\" class=\"aligncenter size-medium wp-image-9498\" src=\"http:\/\/www.pr-neu.de\/newsroom\/wordpress\/wp-content\/uploads\/2018\/12\/18-07_econtrol-glas_G-300x150.jpg\" alt=\"\" width=\"300\" height=\"150\" srcset=\"https:\/\/www.pr-neu.de\/newsroom\/wordpress\/wp-content\/uploads\/2018\/12\/18-07_econtrol-glas_G-300x150.jpg 300w, https:\/\/www.pr-neu.de\/newsroom\/wordpress\/wp-content\/uploads\/2018\/12\/18-07_econtrol-glas_G-768x384.jpg 768w, https:\/\/www.pr-neu.de\/newsroom\/wordpress\/wp-content\/uploads\/2018\/12\/18-07_econtrol-glas_G-1024x512.jpg 1024w, https:\/\/www.pr-neu.de\/newsroom\/wordpress\/wp-content\/uploads\/2018\/12\/18-07_econtrol-glas_G-110x55.jpg 110w, https:\/\/www.pr-neu.de\/newsroom\/wordpress\/wp-content\/uploads\/2018\/12\/18-07_econtrol-glas_G-420x210.jpg 420w, https:\/\/www.pr-neu.de\/newsroom\/wordpress\/wp-content\/uploads\/2018\/12\/18-07_econtrol-glas_G-770x385.jpg 770w, https:\/\/www.pr-neu.de\/newsroom\/wordpress\/wp-content\/uploads\/2018\/12\/18-07_econtrol-glas_G.jpg 1795w\" sizes=\"auto, (max-width: 300px) 100vw, 300px\" \/><\/a><\/p>\n<p style=\"text-align: center;\">Das elektrochrome EControl-Glas l\u00e4sst sich dimmen<br \/>\nund reduziert so den Lichteinfall um bis zu 90 Prozent.<br \/>\nGleichzeitig wird der Energiedurchlass merklich<br \/>\nreduziert, sodass R\u00e4ume nicht so stark aufheizen.<\/p>\n<p style=\"text-align: center;\">Foto: DIGIWORLD.tv\/EControl-Glas GmbH &amp; Co. KG<\/p>\n<hr \/>\n<p><strong>R\u00fcckfragen beantwortet gern<\/strong><\/p>\n<p><strong>EControl-Glas<\/strong> GmbH &amp; Co. KG<br \/>\nThomas Groneick<br \/>\nTel.: + 49 0173 \/ 46 76 22 6<br \/>\nE-Mail: <a href=\"ma&#105;&#108;&#116;&#x6f;&#x3a;&#x76;&#x65;&#x72;tr&#105;&#101;&#98;&#x40;&#x65;&#x63;&#x6f;&#x6e;tr&#111;&#108;&#45;&#x67;&#x6c;&#x61;&#x73;&#x2e;de\">&#x76;&#x65;&#114;&#116;&#114;i&#x65;&#x62;&#x40;&#101;&#99;on&#x74;&#x72;&#x6f;&#108;&#45;g&#x6c;&#x61;&#x73;&#46;&#100;&#101;<\/a><\/p>\n<p>Abdruck honorarfrei, Belegexemplar erbeten an<\/p>\n","protected":false},"excerpt":{"rendered":"<p>ECONTROL zur BAU: digitaler Sonnenschutz im Glas (Halle C3, Stand 402) Als Pionier dynamischer, dimmbarer Verglasung bietet EControl eine smarte Antwort auf die Herausforderungen des modernen Sonnenschutzes: Die Gl\u00e4ser \u2013 erh\u00e4ltlich als 2-fach und 3-fach-Isolierglas \u2013 reduzieren die Lichtdurchl\u00e4ssigkeit bis zu 90 Prozent und sperren zugleich die sommerliche Hitze aus. Der g- und der Tv-Wert [&hellip;]<\/p>\n","protected":false},"author":6,"featured_media":9498,"comment_status":"closed","ping_status":"open","sticky":false,"template":"","format":"standard","meta":{"footnotes":""},"categories":[25],"tags":[],"class_list":["post-9495","post","type-post","status-publish","format-standard","has-post-thumbnail","hentry","category-econtrol"],"_links":{"self":[{"href":"https:\/\/www.pr-neu.de\/newsroom\/wp-json\/wp\/v2\/posts\/9495","targetHints":{"allow":["GET"]}}],"collection":[{"href":"https:\/\/www.pr-neu.de\/newsroom\/wp-json\/wp\/v2\/posts"}],"about":[{"href":"https:\/\/www.pr-neu.de\/newsroom\/wp-json\/wp\/v2\/types\/post"}],"author":[{"embeddable":true,"href":"https:\/\/www.pr-neu.de\/newsroom\/wp-json\/wp\/v2\/users\/6"}],"replies":[{"embeddable":true,"href":"https:\/\/www.pr-neu.de\/newsroom\/wp-json\/wp\/v2\/comments?post=9495"}],"version-history":[{"count":2,"href":"https:\/\/www.pr-neu.de\/newsroom\/wp-json\/wp\/v2\/posts\/9495\/revisions"}],"predecessor-version":[{"id":11528,"href":"https:\/\/www.pr-neu.de\/newsroom\/wp-json\/wp\/v2\/posts\/9495\/revisions\/11528"}],"wp:featuredmedia":[{"embeddable":true,"href":"https:\/\/www.pr-neu.de\/newsroom\/wp-json\/wp\/v2\/media\/9498"}],"wp:attachment":[{"href":"https:\/\/www.pr-neu.de\/newsroom\/wp-json\/wp\/v2\/media?parent=9495"}],"wp:term":[{"taxonomy":"category","embeddable":true,"href":"https:\/\/www.pr-neu.de\/newsroom\/wp-json\/wp\/v2\/categories?post=9495"},{"taxonomy":"post_tag","embeddable":true,"href":"https:\/\/www.pr-neu.de\/newsroom\/wp-json\/wp\/v2\/tags?post=9495"}],"curies":[{"name":"wp","href":"https:\/\/api.w.org\/{rel}","templated":true}]}}