{"id":9464,"date":"2018-12-03T11:15:59","date_gmt":"2018-12-03T10:15:59","guid":{"rendered":"http:\/\/www.pr-nord.de\/newsroom\/?p=9464"},"modified":"2020-05-19T09:49:45","modified_gmt":"2020-05-19T07:49:45","slug":"vorsicht-glaette","status":"publish","type":"post","link":"https:\/\/www.pr-neu.de\/newsroom\/vorsicht-glaette\/","title":{"rendered":"Vorsicht Gl\u00e4tte!"},"content":{"rendered":"<p><u>Perfekte Oberfl\u00e4chen mit Sto-Produkten auf Gipsplatten<\/u><\/p>\n<p><strong>\u00a0<\/strong>Bei der Verarbeitung von Gipsplatten bilden sich Fugen an den St\u00f6\u00dfen und Kanten der Platten. Durch das Verspachteln dieser Fugen entsteht aus den einzeln montierten Platten die eigentliche Wand-\u201eFl\u00e4che\u201c. Je nach Art der Unterkonstruktion sind daf\u00fcr verschiedene Arbeitsschritte notwendig. Ist die Gipsplatte direkt auf einer Metall- oder Holzunterkonstruktion befestigt, ist eine Fugenspachtelung mit Fugendeckstreifen empfehlenswert. Bei einer Befestigung der Gipsplatte auf einer OSB-Platte mit Metall- oder Holzunterkonstruktion sollte die Fugenverspachtelung mit vollfl\u00e4chigem Vlies erfolgen. In diesem Fall kann auf den Fugendeckstreifen verzichtet werden.<\/p>\n<p><strong>Wie glatt ist \u201eglatt\u201c?<\/strong><\/p>\n<p><strong>\u00a0<\/strong>Hinsichtlich der Verspachtelung von Gipsplatten werden vier unterschiedliche Qualit\u00e4tsstufen (Q1 \u2013 Q4) unterschieden. Von Stufe zu Stufe steigen die Anspr\u00fcche an die Ausf\u00fchrung. Gen\u00fcgt es, bei Q1 die Sto\u00dffugen zu verf\u00fcllen und (bei Bedarf) einen Fugenstreifen einzuarbeiten, bevor die Befestigungsmittel \u00fcberzogen werden, kommen bei den Qualit\u00e4ten Q2 bis Q4 weitere Arbeitsschritte hinzu \u2013 bis hin zum vollfl\u00e4chigen \u00dcberziehen der gesamten Plattenoberfl\u00e4che. Alle Q-Stufen k\u00f6nnen mit der Gipsspachtelmasse StoLevell In Fill erreicht werden. Die Fugenspachtelmasse gem\u00e4\u00df DIN EN 13963 Typ 4B ist faserverst\u00e4rkt, was die Risssicherheit erh\u00f6ht. Sie ist gut schleifbar, leicht \u00fcberarbeitbar und kann auf den daf\u00fcr geeigneten Kanten ohne Bewehrungsstreifen verarbeitet werden. Wie die oben genannten Schritte genau und ergebnis\u00adsicher mit dem umfangreichen Sto-Sortiment durchgef\u00fchrt werden, beschreibt die neue Verarbeitungsrichtlinie \u201eGlatte Oberfl\u00e4chen f\u00fcr Gipsplatten\u201c.<\/p>\n<p>Die Richtlinie mit Produktbeschreibungen, Tipps, welche Fugendeckstreifen beziehungsweise Vliese geeignet sind, und mit anschaulichen Schritt-f\u00fcr-Schritt-Fotos kann unter <a href=\"http:\/\/www.stoindustrie.de\">www.stoindustrie.de<\/a> (Produkte\/Innenraum\/Untergrund) einge\u00adsehen werden. Dort finden sich auch zwei anschauliche Ver\u00adarbeitungsfilme.<\/p>\n<hr \/>\n<p><a href=\"http:\/\/www.pr-neu.de\/newsroom\/wordpress\/wp-content\/uploads\/2018\/12\/18-51-Broschuere-Titel_G.jpg\" target=\"_blank\" rel=\"noopener noreferrer\"><img loading=\"lazy\" decoding=\"async\" class=\"aligncenter wp-image-9466 size-medium\" src=\"http:\/\/www.pr-neu.de\/newsroom\/wordpress\/wp-content\/uploads\/2018\/12\/18-51-Broschuere-Titel_G-212x300.jpg\" alt=\"\" width=\"212\" height=\"300\" srcset=\"https:\/\/www.pr-neu.de\/newsroom\/wordpress\/wp-content\/uploads\/2018\/12\/18-51-Broschuere-Titel_G-212x300.jpg 212w, https:\/\/www.pr-neu.de\/newsroom\/wordpress\/wp-content\/uploads\/2018\/12\/18-51-Broschuere-Titel_G-768x1085.jpg 768w, https:\/\/www.pr-neu.de\/newsroom\/wordpress\/wp-content\/uploads\/2018\/12\/18-51-Broschuere-Titel_G-725x1024.jpg 725w, https:\/\/www.pr-neu.de\/newsroom\/wordpress\/wp-content\/uploads\/2018\/12\/18-51-Broschuere-Titel_G-78x110.jpg 78w, https:\/\/www.pr-neu.de\/newsroom\/wordpress\/wp-content\/uploads\/2018\/12\/18-51-Broschuere-Titel_G-297x420.jpg 297w, https:\/\/www.pr-neu.de\/newsroom\/wordpress\/wp-content\/uploads\/2018\/12\/18-51-Broschuere-Titel_G-304x430.jpg 304w, https:\/\/www.pr-neu.de\/newsroom\/wordpress\/wp-content\/uploads\/2018\/12\/18-51-Broschuere-Titel_G.jpg 1270w\" sizes=\"auto, (max-width: 212px) 100vw, 212px\" \/><\/a><\/p>\n<p style=\"text-align: center;\">Die neue Verarbeitungsrichtlinie \u201eGlatte Oberfl\u00e4chen f\u00fcr Gipsplatten\u201c<br \/>\nbeschreibt detailliert und Schritt f\u00fcr Schritt die Bearbeitung von Gipsplattenfugen.<\/p>\n<p style=\"text-align: center;\">Bild: Sto SE &amp; Co. KGaA<\/p>\n<p><a href=\"http:\/\/www.pr-neu.de\/newsroom\/wordpress\/wp-content\/uploads\/2018\/12\/18-51-GlatteFlaechen_G.jpg\" target=\"_blank\" rel=\"noopener noreferrer\"><img loading=\"lazy\" decoding=\"async\" class=\"aligncenter wp-image-9467 size-medium\" src=\"http:\/\/www.pr-neu.de\/newsroom\/wordpress\/wp-content\/uploads\/2018\/12\/18-51-GlatteFlaechen_G-300x201.jpg\" alt=\"\" width=\"300\" height=\"201\" srcset=\"https:\/\/www.pr-neu.de\/newsroom\/wordpress\/wp-content\/uploads\/2018\/12\/18-51-GlatteFlaechen_G-300x201.jpg 300w, https:\/\/www.pr-neu.de\/newsroom\/wordpress\/wp-content\/uploads\/2018\/12\/18-51-GlatteFlaechen_G-768x516.jpg 768w, https:\/\/www.pr-neu.de\/newsroom\/wordpress\/wp-content\/uploads\/2018\/12\/18-51-GlatteFlaechen_G-1024x687.jpg 1024w, https:\/\/www.pr-neu.de\/newsroom\/wordpress\/wp-content\/uploads\/2018\/12\/18-51-GlatteFlaechen_G-110x74.jpg 110w, https:\/\/www.pr-neu.de\/newsroom\/wordpress\/wp-content\/uploads\/2018\/12\/18-51-GlatteFlaechen_G-420x282.jpg 420w, https:\/\/www.pr-neu.de\/newsroom\/wordpress\/wp-content\/uploads\/2018\/12\/18-51-GlatteFlaechen_G-641x430.jpg 641w, https:\/\/www.pr-neu.de\/newsroom\/wordpress\/wp-content\/uploads\/2018\/12\/18-51-GlatteFlaechen_G.jpg 1795w\" sizes=\"auto, (max-width: 300px) 100vw, 300px\" \/><\/a><\/p>\n<p style=\"text-align: center;\">Schnell, wirtschaftlich und sauber sollte die Bearbeitung<br \/>\nvon Fugen zwischen Gipskartonplatten erfolgen: Hier das<br \/>\nEinbetten eines Fugendeckstreifens.<\/p>\n<p style=\"text-align: center;\">Bild: Sto SE &amp; Co. KGaA<\/p>\n<hr \/>\n<p><strong>Von Experten f\u00fcr Experten<\/strong><\/p>\n<p>Seit den 90er-Jahren gibt es bei Sto mit dem Kompetenzcenter Industrie einen eigenen Unternehmensbereich, der sich um besondere W\u00fcnsche und Anforderungen der Kunden aus dem Holzfertigbau k\u00fcmmert. F\u00fcr sie wird ein optimiertes Produkt\u00adsortiment f\u00fcr Fassade und Innenraum gepflegt, die jeweils passende Applikationstechnik definiert und eine leistungsf\u00e4hige Logistik unterhalten. Kann eine Kundenanforderung einmal nicht \u00fcber das umfangreiche Standardsortiment (30.000 Artikel) abgedeckt werden, schl\u00e4gt die Stunde der Entwickler im Kompetenzcenter. Ihre ma\u00dfgeschneiderten L\u00f6sungen haben im Laufe der Jahre das StoPrefa-Spezialsortiment entstehen las\u00adsen. Selbstverst\u00e4ndlich gen\u00fcgen sowohl die Standardprodukte als auch die Individuall\u00f6sungen h\u00f6chsten Umweltstandards \u2013 in der Regel mit Pr\u00fcf- und G\u00fctesiegel unab\u00adh\u00e4ngiger Institute.<\/p>\n<hr \/>\n<p>Abdruck honorarfrei, Belegexemplar erbeten<\/p>\n","protected":false},"excerpt":{"rendered":"<p>Perfekte Oberfl\u00e4chen mit Sto-Produkten auf Gipsplatten \u00a0Bei der Verarbeitung von Gipsplatten bilden sich Fugen an den St\u00f6\u00dfen und Kanten der Platten. Durch das Verspachteln dieser Fugen entsteht aus den einzeln montierten Platten die eigentliche Wand-\u201eFl\u00e4che\u201c. Je nach Art der Unterkonstruktion sind daf\u00fcr verschiedene Arbeitsschritte notwendig. Ist die Gipsplatte direkt auf einer Metall- oder Holzunterkonstruktion befestigt, [&hellip;]<\/p>\n","protected":false},"author":8,"featured_media":9467,"comment_status":"closed","ping_status":"open","sticky":false,"template":"","format":"standard","meta":{"footnotes":""},"categories":[15],"tags":[],"class_list":["post-9464","post","type-post","status-publish","format-standard","has-post-thumbnail","hentry","category-sto"],"_links":{"self":[{"href":"https:\/\/www.pr-neu.de\/newsroom\/wp-json\/wp\/v2\/posts\/9464","targetHints":{"allow":["GET"]}}],"collection":[{"href":"https:\/\/www.pr-neu.de\/newsroom\/wp-json\/wp\/v2\/posts"}],"about":[{"href":"https:\/\/www.pr-neu.de\/newsroom\/wp-json\/wp\/v2\/types\/post"}],"author":[{"embeddable":true,"href":"https:\/\/www.pr-neu.de\/newsroom\/wp-json\/wp\/v2\/users\/8"}],"replies":[{"embeddable":true,"href":"https:\/\/www.pr-neu.de\/newsroom\/wp-json\/wp\/v2\/comments?post=9464"}],"version-history":[{"count":6,"href":"https:\/\/www.pr-neu.de\/newsroom\/wp-json\/wp\/v2\/posts\/9464\/revisions"}],"predecessor-version":[{"id":11782,"href":"https:\/\/www.pr-neu.de\/newsroom\/wp-json\/wp\/v2\/posts\/9464\/revisions\/11782"}],"wp:featuredmedia":[{"embeddable":true,"href":"https:\/\/www.pr-neu.de\/newsroom\/wp-json\/wp\/v2\/media\/9467"}],"wp:attachment":[{"href":"https:\/\/www.pr-neu.de\/newsroom\/wp-json\/wp\/v2\/media?parent=9464"}],"wp:term":[{"taxonomy":"category","embeddable":true,"href":"https:\/\/www.pr-neu.de\/newsroom\/wp-json\/wp\/v2\/categories?post=9464"},{"taxonomy":"post_tag","embeddable":true,"href":"https:\/\/www.pr-neu.de\/newsroom\/wp-json\/wp\/v2\/tags?post=9464"}],"curies":[{"name":"wp","href":"https:\/\/api.w.org\/{rel}","templated":true}]}}