{"id":9427,"date":"2018-11-26T12:59:55","date_gmt":"2018-11-26T11:59:55","guid":{"rendered":"http:\/\/www.pr-nord.de\/newsroom\/?p=9427"},"modified":"2020-05-19T12:55:01","modified_gmt":"2020-05-19T10:55:01","slug":"schutz-nach-aussen-freiraum-nach-innen","status":"publish","type":"post","link":"https:\/\/www.pr-neu.de\/newsroom\/schutz-nach-aussen-freiraum-nach-innen\/","title":{"rendered":"Schutz nach au\u00dfen, Freiraum nach innen"},"content":{"rendered":"<p><u>Grundschule in Gujan-Mestras \/ Frankreich<\/u><\/p>\n<p><strong>Im kleinen Ort Gujan-Mestras am Bassin d\u2019Arcachon, 50 Kilometer s\u00fcdwestlich von Bordeaux, bilden Kindergarten und Schule ein Minizentrum. Benannt sind sie nach Jules Ferry, der 1880 den verp\ufb02ichtenden kostenfreien Grundschulbesuch in Frankreich einf\u00fchrte. Der Gedanke von Schutz und Trennung pr\u00e4gt den gesamten Entwurf \u2013 mit \u00fcberraschend logischem, harmonischem Ergebnis.<\/strong><\/p>\n<p>Trotz umfangreichen Raumprogramms sollte sich die neue Grundschule nicht eng anf\u00fchlen. Also r\u00fcckten WIA Architectes s\u00e4mtliche Bauk\u00f6rper an den Rand des unregelm\u00e4\u00dfig geformten Grundst\u00fccks, sodass sie an den benachbarten Kindergarten andocken. Die Mensa verzahnt die beiden ansonsten voneinander abgewandten Einheiten miteinander. Die Fassaden f\u00fchren die vertikale Holzbekleidung des bestehenden Kindergartens fort \u2013 die feinen Lamellen am Schulbau sind allerdings deutlich eleganter, auch wirkt dieser durch den wei\u00dfen Putz des Obergeschosses frischer. Vermittelt der Schulbau nach au\u00dfen einen eher geschlossenen Eindruck, so ist er innen durchl\u00e4ssig. Von jedem Punkt kommen die Kinder schnell \u00fcberallhin, der Bezug nach drau\u00dfen ist \u00fcberall gegeben: sei es durch gro\u00dfe Fenster\ufb02\u00e4chen oder eine Frei\ufb02\u00e4che, die zum Raum f\u00fcr Bildende Kunst geh\u00f6rt. Auch den Fahrradparkplatz und die \u00fcberdachte Pausenhalle schirmt die Lamellenfassade nur nach au\u00dfen ab. Schulische und au\u00dferschulische Aktivit\u00e4ten sind im selben Geb\u00e4ude vereint, doch klar getrennt: W\u00e4hrend die zw\u00f6lf Klassenzimmer eher in der Tiefe des Grundst\u00fccks liegen, befinden sich in einer Art Gelenk \u2013 mit eigenem Zugang von au\u00dfen \u2013 Bibliothek, Computerraum sowie vier \ufb02exibel bespielbare R\u00e4ume, darunter die \u00f6ffentlich nutzbare Multifunktionshalle.<\/p>\n<hr \/>\n<p><strong><u>Bautafel<\/u><\/strong><\/p>\n<p><strong>Bauherr: <\/strong>Communaut\u00e9 d\u2019Agglom\u00e9ration du Bassin d\u2019Arcachon Sud (COBAS), Arcachon, F<\/p>\n<p><strong>Standort: <\/strong>All\u00e9e des Pivoines, Gujan-Mestras, F<\/p>\n<p><strong>Architekt<\/strong>: WIA Architectes, Latresne, F<\/p>\n<p><strong>Fachhandwerker<\/strong>: M.R. Enduits, Pugnac, F<\/p>\n<p><strong>Sto-Kompetenzen:<\/strong> Fassadend\u00e4mmsystem (StoTherm Vario), Fassadenputz mit Lotus-Effect-Technology (StoLotusan)<\/p>\n<hr \/>\n<p><a href=\"http:\/\/www.pr-neu.de\/newsroom\/wordpress\/wp-content\/uploads\/2018\/11\/18-50_Grundschule_F_01_G.jpg\" target=\"_blank\" rel=\"noopener noreferrer\"><img loading=\"lazy\" decoding=\"async\" class=\"aligncenter wp-image-9428 size-medium\" src=\"http:\/\/www.pr-neu.de\/newsroom\/wordpress\/wp-content\/uploads\/2018\/11\/18-50_Grundschule_F_01_G-300x200.jpg\" alt=\"\" width=\"300\" height=\"200\" srcset=\"https:\/\/www.pr-neu.de\/newsroom\/wordpress\/wp-content\/uploads\/2018\/11\/18-50_Grundschule_F_01_G-300x200.jpg 300w, https:\/\/www.pr-neu.de\/newsroom\/wordpress\/wp-content\/uploads\/2018\/11\/18-50_Grundschule_F_01_G-768x512.jpg 768w, https:\/\/www.pr-neu.de\/newsroom\/wordpress\/wp-content\/uploads\/2018\/11\/18-50_Grundschule_F_01_G-1024x683.jpg 1024w, https:\/\/www.pr-neu.de\/newsroom\/wordpress\/wp-content\/uploads\/2018\/11\/18-50_Grundschule_F_01_G-110x73.jpg 110w, https:\/\/www.pr-neu.de\/newsroom\/wordpress\/wp-content\/uploads\/2018\/11\/18-50_Grundschule_F_01_G-420x280.jpg 420w, https:\/\/www.pr-neu.de\/newsroom\/wordpress\/wp-content\/uploads\/2018\/11\/18-50_Grundschule_F_01_G-645x430.jpg 645w, https:\/\/www.pr-neu.de\/newsroom\/wordpress\/wp-content\/uploads\/2018\/11\/18-50_Grundschule_F_01_G.jpg 1795w\" sizes=\"auto, (max-width: 300px) 100vw, 300px\" \/><\/a><\/p>\n<p style=\"text-align: center;\">Nach au\u00dfen geschlossen, innen durchl\u00e4ssig:<br \/>\nDie Grundsch\u00fcler gelangen aus allen drei Bauk\u00f6rpern<br \/>\nin den gesch\u00fctzten Innenhof.<\/p>\n<p style=\"text-align: center;\">Foto: Manuel Panaget \/ Sto SE &amp; Co. KGaA<\/p>\n<p><a href=\"http:\/\/www.pr-neu.de\/newsroom\/wordpress\/wp-content\/uploads\/2018\/11\/18-50_Grundschule_F_02_G.jpg\" target=\"_blank\" rel=\"noopener noreferrer\"><img loading=\"lazy\" decoding=\"async\" class=\"aligncenter wp-image-9429 size-medium\" src=\"http:\/\/www.pr-neu.de\/newsroom\/wordpress\/wp-content\/uploads\/2018\/11\/18-50_Grundschule_F_02_G-300x200.jpg\" alt=\"\" width=\"300\" height=\"200\" srcset=\"https:\/\/www.pr-neu.de\/newsroom\/wordpress\/wp-content\/uploads\/2018\/11\/18-50_Grundschule_F_02_G-300x200.jpg 300w, https:\/\/www.pr-neu.de\/newsroom\/wordpress\/wp-content\/uploads\/2018\/11\/18-50_Grundschule_F_02_G-768x512.jpg 768w, https:\/\/www.pr-neu.de\/newsroom\/wordpress\/wp-content\/uploads\/2018\/11\/18-50_Grundschule_F_02_G-1024x683.jpg 1024w, https:\/\/www.pr-neu.de\/newsroom\/wordpress\/wp-content\/uploads\/2018\/11\/18-50_Grundschule_F_02_G-110x73.jpg 110w, https:\/\/www.pr-neu.de\/newsroom\/wordpress\/wp-content\/uploads\/2018\/11\/18-50_Grundschule_F_02_G-420x280.jpg 420w, https:\/\/www.pr-neu.de\/newsroom\/wordpress\/wp-content\/uploads\/2018\/11\/18-50_Grundschule_F_02_G-645x430.jpg 645w, https:\/\/www.pr-neu.de\/newsroom\/wordpress\/wp-content\/uploads\/2018\/11\/18-50_Grundschule_F_02_G.jpg 1795w\" sizes=\"auto, (max-width: 300px) 100vw, 300px\" \/><\/a><\/p>\n<p style=\"text-align: center;\">Nach au\u00dfen geschlossen, innen durchl\u00e4ssig:<br \/>\nDie Grundsch\u00fcler gelangen aus allen drei Bauk\u00f6rpern<br \/>\nin den gesch\u00fctzten Innenhof.<\/p>\n<p style=\"text-align: center;\">Foto: Manuel Panaget \/ Sto SE &amp; Co. KGaA<\/p>\n<p><a href=\"http:\/\/www.pr-neu.de\/newsroom\/wordpress\/wp-content\/uploads\/2018\/11\/18-50_Grundschule_F_03_G.jpg\" target=\"_blank\" rel=\"noopener noreferrer\"><img loading=\"lazy\" decoding=\"async\" class=\"aligncenter wp-image-9430 size-medium\" src=\"http:\/\/www.pr-neu.de\/newsroom\/wordpress\/wp-content\/uploads\/2018\/11\/18-50_Grundschule_F_03_G-200x300.jpg\" alt=\"\" width=\"200\" height=\"300\" srcset=\"https:\/\/www.pr-neu.de\/newsroom\/wordpress\/wp-content\/uploads\/2018\/11\/18-50_Grundschule_F_03_G-200x300.jpg 200w, https:\/\/www.pr-neu.de\/newsroom\/wordpress\/wp-content\/uploads\/2018\/11\/18-50_Grundschule_F_03_G-768x1152.jpg 768w, https:\/\/www.pr-neu.de\/newsroom\/wordpress\/wp-content\/uploads\/2018\/11\/18-50_Grundschule_F_03_G-683x1024.jpg 683w, https:\/\/www.pr-neu.de\/newsroom\/wordpress\/wp-content\/uploads\/2018\/11\/18-50_Grundschule_F_03_G-73x110.jpg 73w, https:\/\/www.pr-neu.de\/newsroom\/wordpress\/wp-content\/uploads\/2018\/11\/18-50_Grundschule_F_03_G-280x420.jpg 280w, https:\/\/www.pr-neu.de\/newsroom\/wordpress\/wp-content\/uploads\/2018\/11\/18-50_Grundschule_F_03_G-287x430.jpg 287w, https:\/\/www.pr-neu.de\/newsroom\/wordpress\/wp-content\/uploads\/2018\/11\/18-50_Grundschule_F_03_G.jpg 1197w\" sizes=\"auto, (max-width: 200px) 100vw, 200px\" \/><\/a><\/p>\n<p style=\"text-align: center;\">Nach au\u00dfen geschlossen, innen durchl\u00e4ssig:<br \/>\nDie Grundsch\u00fcler gelangen aus allen drei Bauk\u00f6rpern<br \/>\nin den gesch\u00fctzten Innenhof.<\/p>\n<p style=\"text-align: center;\">Foto: Manuel Panaget \/ Sto SE &amp; Co. KGaA<\/p>\n<hr \/>\n<p>Abdruck honorarfrei, Belegexemplar erbeten<\/p>\n","protected":false},"excerpt":{"rendered":"<p>Grundschule in Gujan-Mestras \/ Frankreich Im kleinen Ort Gujan-Mestras am Bassin d\u2019Arcachon, 50 Kilometer s\u00fcdwestlich von Bordeaux, bilden Kindergarten und Schule ein Minizentrum. Benannt sind sie nach Jules Ferry, der 1880 den verp\ufb02ichtenden kostenfreien Grundschulbesuch in Frankreich einf\u00fchrte. Der Gedanke von Schutz und Trennung pr\u00e4gt den gesamten Entwurf \u2013 mit \u00fcberraschend logischem, harmonischem Ergebnis. Trotz [&hellip;]<\/p>\n","protected":false},"author":8,"featured_media":9429,"comment_status":"closed","ping_status":"open","sticky":false,"template":"","format":"standard","meta":{"footnotes":""},"categories":[15],"tags":[],"class_list":["post-9427","post","type-post","status-publish","format-standard","has-post-thumbnail","hentry","category-sto"],"_links":{"self":[{"href":"https:\/\/www.pr-neu.de\/newsroom\/wp-json\/wp\/v2\/posts\/9427","targetHints":{"allow":["GET"]}}],"collection":[{"href":"https:\/\/www.pr-neu.de\/newsroom\/wp-json\/wp\/v2\/posts"}],"about":[{"href":"https:\/\/www.pr-neu.de\/newsroom\/wp-json\/wp\/v2\/types\/post"}],"author":[{"embeddable":true,"href":"https:\/\/www.pr-neu.de\/newsroom\/wp-json\/wp\/v2\/users\/8"}],"replies":[{"embeddable":true,"href":"https:\/\/www.pr-neu.de\/newsroom\/wp-json\/wp\/v2\/comments?post=9427"}],"version-history":[{"count":3,"href":"https:\/\/www.pr-neu.de\/newsroom\/wp-json\/wp\/v2\/posts\/9427\/revisions"}],"predecessor-version":[{"id":11815,"href":"https:\/\/www.pr-neu.de\/newsroom\/wp-json\/wp\/v2\/posts\/9427\/revisions\/11815"}],"wp:featuredmedia":[{"embeddable":true,"href":"https:\/\/www.pr-neu.de\/newsroom\/wp-json\/wp\/v2\/media\/9429"}],"wp:attachment":[{"href":"https:\/\/www.pr-neu.de\/newsroom\/wp-json\/wp\/v2\/media?parent=9427"}],"wp:term":[{"taxonomy":"category","embeddable":true,"href":"https:\/\/www.pr-neu.de\/newsroom\/wp-json\/wp\/v2\/categories?post=9427"},{"taxonomy":"post_tag","embeddable":true,"href":"https:\/\/www.pr-neu.de\/newsroom\/wp-json\/wp\/v2\/tags?post=9427"}],"curies":[{"name":"wp","href":"https:\/\/api.w.org\/{rel}","templated":true}]}}