{"id":9411,"date":"2018-11-22T13:48:08","date_gmt":"2018-11-22T12:48:08","guid":{"rendered":"http:\/\/www.pr-nord.de\/newsroom\/?p=9411"},"modified":"2020-05-19T09:11:37","modified_gmt":"2020-05-19T07:11:37","slug":"professionelle-loesungen-fuer-industrieboeden","status":"publish","type":"post","link":"https:\/\/www.pr-neu.de\/newsroom\/professionelle-loesungen-fuer-industrieboeden\/","title":{"rendered":"Professionelle L\u00f6sungen f\u00fcr Industrieb\u00f6den"},"content":{"rendered":"<p><u>StoCretec auf der Industriemesse ie in Freiburg: Halle 3, Stand O 103 \/ 30.1. \u2013 1.2.2019<\/u><\/p>\n<p>Vom 30. Januar bis 1. Februar 2019 stellt der Beton- und Boden-Spezialist StoCretec (Kriftel) auf der Industriemesse \u201eie\u201c in Freiburg seine Beschichtungs-L\u00f6sungen f\u00fcr Industrieb\u00f6den vor. Im Fokus stehen unter anderem die gepr\u00fcften WHG Systeme, die als Dichtfl\u00e4chen f\u00fcr Betonb\u00f6den in Anlagen zum Umgang mit wassergef\u00e4hrdenden Medien zum Einsatz kommen. Weitere Schwerpunkte sind Beschichtungssysteme f\u00fcr Reinr\u00e4ume sowie leitf\u00e4hige Beschichtungen f\u00fcr den Explosions- und ESD-Schutz. Mit der Zwischenbeschichtung \u201eStoCrete EH 200\u201c hat StoCretec zudem eine Neuheit im Gep\u00e4ck, die aufgrund ihrer kurzen Aush\u00e4rtungszeit wirtschaftliche und z\u00fcgige Sanierungen erm\u00f6glicht.<\/p>\n<p>Neben StoCretec zeigt auch Sto ausgew\u00e4hlte Industrie-L\u00f6sungen am Messestand. Hier liegt der Schwerpunkt auf den Akustik-Systemen StoSilent Direct sowie StoSilent Modular.<\/p>\n<p style=\"text-align: left;\"><strong>Industriemesse \u201eie\u201c, 30.1. \u2013 1.2.2019, Freiburg<\/strong><\/p>\n<p style=\"text-align: left;\">Die Fachmesse \u201eie\u201c richtet sich an Fabrikausr\u00fcster, Automatisierer und Zulieferer der Industrie. Mehr als 350 Aussteller pr\u00e4sentieren auf dem rund 6000 Quadratmeter gro\u00dfen Gel\u00e4nde in Freiburg ihre L\u00f6sungen, erwartet werden mehr als 10.000 Besucher.<\/p>\n<p style=\"text-align: left;\">Mehr Infos unter <a href=\"http:\/\/www.ie-messe.de\">www.ie-messe.de<\/a><\/p>\n<p style=\"text-align: left;\"><strong>Fachvortrag \u201eLeitf\u00e4hige Bodenbeschichtungssysteme: Anforderungen und Technologien\u201c<\/strong><\/p>\n<p style=\"text-align: left;\">Als Spezialist f\u00fcr leitf\u00e4hige Bodensysteme h\u00e4lt Gerhard Kraus, Produktmanager international bei der StoCretec GmbH, am zweiten Messetag einen Fachvortrag.<\/p>\n<p style=\"text-align: left;\">Wann: Donnerstag, 31. Januar 2019<\/p>\n<p style=\"text-align: left;\">Wo:\u00a0 \u00a0 \u00a0Raum K2<\/p>\n<p style=\"text-align: left;\">Wer:\u00a0 \u00a0 Gerhard Kraus, Produktmanager international StoCretec GmbH<\/p>\n<p style=\"text-align: left;\"><strong>\u00a0<\/strong><\/p>\n<hr \/>\n<p style=\"text-align: left;\"><strong>\u00a0<\/strong><\/p>\n<p><a href=\"http:\/\/www.pr-neu.de\/newsroom\/wordpress\/wp-content\/uploads\/2018\/11\/18-15-ESD_Objekt_G.jpg\" target=\"_blank\" rel=\"noopener noreferrer\"><img loading=\"lazy\" decoding=\"async\" class=\"aligncenter wp-image-9416 size-medium\" src=\"http:\/\/www.pr-neu.de\/newsroom\/wordpress\/wp-content\/uploads\/2018\/11\/18-15-ESD_Objekt_G-300x225.jpg\" alt=\"\" width=\"300\" height=\"225\" srcset=\"https:\/\/www.pr-neu.de\/newsroom\/wordpress\/wp-content\/uploads\/2018\/11\/18-15-ESD_Objekt_G-300x225.jpg 300w, https:\/\/www.pr-neu.de\/newsroom\/wordpress\/wp-content\/uploads\/2018\/11\/18-15-ESD_Objekt_G-768x575.jpg 768w, https:\/\/www.pr-neu.de\/newsroom\/wordpress\/wp-content\/uploads\/2018\/11\/18-15-ESD_Objekt_G-1024x767.jpg 1024w, https:\/\/www.pr-neu.de\/newsroom\/wordpress\/wp-content\/uploads\/2018\/11\/18-15-ESD_Objekt_G-110x82.jpg 110w, https:\/\/www.pr-neu.de\/newsroom\/wordpress\/wp-content\/uploads\/2018\/11\/18-15-ESD_Objekt_G-420x314.jpg 420w, https:\/\/www.pr-neu.de\/newsroom\/wordpress\/wp-content\/uploads\/2018\/11\/18-15-ESD_Objekt_G-574x430.jpg 574w, https:\/\/www.pr-neu.de\/newsroom\/wordpress\/wp-content\/uploads\/2018\/11\/18-15-ESD_Objekt_G.jpg 1795w\" sizes=\"auto, (max-width: 300px) 100vw, 300px\" \/><\/a><\/p>\n<p style=\"text-align: center;\">Leitf\u00e4hige Beschichtungen f\u00fcr den Explosions- und ESD-Schutz \u2013 eine<br \/>\nKompetenz von StoCretec, zu sehen auf der Industrie\u00admesse \u201eie\u201c in Freiburg.<\/p>\n<p style=\"text-align: center;\">Bild: StoCretec<\/p>\n<hr \/>\n<p>Abdruck honorarfrei, Belegexemplar erbeten<\/p>\n<p><strong>\u00a0<\/strong><\/p>\n","protected":false},"excerpt":{"rendered":"<p>StoCretec auf der Industriemesse ie in Freiburg: Halle 3, Stand O 103 \/ 30.1. \u2013 1.2.2019 Vom 30. Januar bis 1. Februar 2019 stellt der Beton- und Boden-Spezialist StoCretec (Kriftel) auf der Industriemesse \u201eie\u201c in Freiburg seine Beschichtungs-L\u00f6sungen f\u00fcr Industrieb\u00f6den vor. Im Fokus stehen unter anderem die gepr\u00fcften WHG Systeme, die als Dichtfl\u00e4chen f\u00fcr Betonb\u00f6den [&hellip;]<\/p>\n","protected":false},"author":8,"featured_media":9416,"comment_status":"closed","ping_status":"open","sticky":false,"template":"","format":"standard","meta":{"footnotes":""},"categories":[16],"tags":[],"class_list":["post-9411","post","type-post","status-publish","format-standard","has-post-thumbnail","hentry","category-stocretec"],"_links":{"self":[{"href":"https:\/\/www.pr-neu.de\/newsroom\/wp-json\/wp\/v2\/posts\/9411","targetHints":{"allow":["GET"]}}],"collection":[{"href":"https:\/\/www.pr-neu.de\/newsroom\/wp-json\/wp\/v2\/posts"}],"about":[{"href":"https:\/\/www.pr-neu.de\/newsroom\/wp-json\/wp\/v2\/types\/post"}],"author":[{"embeddable":true,"href":"https:\/\/www.pr-neu.de\/newsroom\/wp-json\/wp\/v2\/users\/8"}],"replies":[{"embeddable":true,"href":"https:\/\/www.pr-neu.de\/newsroom\/wp-json\/wp\/v2\/comments?post=9411"}],"version-history":[{"count":5,"href":"https:\/\/www.pr-neu.de\/newsroom\/wp-json\/wp\/v2\/posts\/9411\/revisions"}],"predecessor-version":[{"id":11660,"href":"https:\/\/www.pr-neu.de\/newsroom\/wp-json\/wp\/v2\/posts\/9411\/revisions\/11660"}],"wp:featuredmedia":[{"embeddable":true,"href":"https:\/\/www.pr-neu.de\/newsroom\/wp-json\/wp\/v2\/media\/9416"}],"wp:attachment":[{"href":"https:\/\/www.pr-neu.de\/newsroom\/wp-json\/wp\/v2\/media?parent=9411"}],"wp:term":[{"taxonomy":"category","embeddable":true,"href":"https:\/\/www.pr-neu.de\/newsroom\/wp-json\/wp\/v2\/categories?post=9411"},{"taxonomy":"post_tag","embeddable":true,"href":"https:\/\/www.pr-neu.de\/newsroom\/wp-json\/wp\/v2\/tags?post=9411"}],"curies":[{"name":"wp","href":"https:\/\/api.w.org\/{rel}","templated":true}]}}