{"id":9395,"date":"2018-11-20T11:20:13","date_gmt":"2018-11-20T10:20:13","guid":{"rendered":"http:\/\/www.pr-nord.de\/newsroom\/?p=9395"},"modified":"2020-05-19T08:39:49","modified_gmt":"2020-05-19T06:39:49","slug":"melaminvlies-sicher-gedaemmt","status":"publish","type":"post","link":"https:\/\/www.pr-neu.de\/newsroom\/melaminvlies-sicher-gedaemmt\/","title":{"rendered":"Melaminvlies: Sicher ged\u00e4mmt"},"content":{"rendered":"<p><u>Hanno \u201eFiber M\u201c: Neues Melaminvlies zur Schall- und W\u00e4rmed\u00e4mmung<\/u><\/p>\n<p>F\u00fcr industrielle Anwendungen, bei denen neben exzellenter Schall- und W\u00e4rmed\u00e4mmung auch zuverl\u00e4ssiger Brandschutz gefragt ist, pr\u00e4sentiert Hanno (Laatzen) jetzt sein neues \u201eFiber M\u201c. Das innovative Vlies aus dem Hochleistungswerkstoff Melamin wird im Meltblown-Verfahren erzeugt: Dabei wird das Ausgangsmaterial geschmolzen und durch hohen Druck und Hitze in Vliesform gepresst. Das Resultat zeichnet sich durch hervorragende Produkteigenschaften aus: Es kann weder brennen noch schmelzen, schrumpft und tropft nicht und bleibt auch bei hohen Temperaturen formstabil \u2013 so erf\u00fcllt es selbst strengste Sicherheitsanforderungen. Zudem ist das leichte Vlies UV-best\u00e4ndig und chemisch hoch widerstandsf\u00e4hig. Mit seiner W\u00e4rmeleitf\u00e4higkeit von 0,028 Wm\/K erm\u00f6glicht \u201eFiber M\u201c d\u00fcnnere D\u00e4mmschichtdicken als konventionelle Materialien und eignet sich optimal als thermischer und akustischer Isolator.<\/p>\n<p>\u201eFiber M\u201c empfiehlt sich insbesondere f\u00fcr den Einsatz in der Personenbef\u00f6rderung, denn hier ist Brandschutz besonders bedeutsam. St\u00f6rende Fahrger\u00e4usche in Auto, Nutzfahrzeugen, Bus, Bahn oder Zug werden reduziert, Luftsch\u00e4chte effizient ged\u00e4mmt. Auch individuelle technische Probleml\u00f6sungen lassen sich unkompliziert realiseren, denn das Hanno-Vlies ist 3D-verformbar sowie hydrophob einstellbar und l\u00e4sst sich so flexibel an Kundenw\u00fcnsche anpassen.<\/p>\n<hr \/>\n<p><a href=\"http:\/\/www.pr-neu.de\/newsroom\/wordpress\/wp-content\/uploads\/2018\/11\/18-09_Melaminvlies_G.jpg\" target=\"_blank\" rel=\"noopener noreferrer\"><img loading=\"lazy\" decoding=\"async\" class=\"aligncenter wp-image-9401 size-medium\" src=\"http:\/\/www.pr-neu.de\/newsroom\/wordpress\/wp-content\/uploads\/2018\/11\/18-09_Melaminvlies_G-300x300.jpg\" alt=\"\" width=\"300\" height=\"300\" srcset=\"https:\/\/www.pr-neu.de\/newsroom\/wordpress\/wp-content\/uploads\/2018\/11\/18-09_Melaminvlies_G-300x300.jpg 300w, https:\/\/www.pr-neu.de\/newsroom\/wordpress\/wp-content\/uploads\/2018\/11\/18-09_Melaminvlies_G-150x150.jpg 150w, https:\/\/www.pr-neu.de\/newsroom\/wordpress\/wp-content\/uploads\/2018\/11\/18-09_Melaminvlies_G-768x768.jpg 768w, https:\/\/www.pr-neu.de\/newsroom\/wordpress\/wp-content\/uploads\/2018\/11\/18-09_Melaminvlies_G-1024x1024.jpg 1024w, https:\/\/www.pr-neu.de\/newsroom\/wordpress\/wp-content\/uploads\/2018\/11\/18-09_Melaminvlies_G-250x250.jpg 250w, https:\/\/www.pr-neu.de\/newsroom\/wordpress\/wp-content\/uploads\/2018\/11\/18-09_Melaminvlies_G-125x125.jpg 125w, https:\/\/www.pr-neu.de\/newsroom\/wordpress\/wp-content\/uploads\/2018\/11\/18-09_Melaminvlies_G-110x110.jpg 110w, https:\/\/www.pr-neu.de\/newsroom\/wordpress\/wp-content\/uploads\/2018\/11\/18-09_Melaminvlies_G-420x420.jpg 420w, https:\/\/www.pr-neu.de\/newsroom\/wordpress\/wp-content\/uploads\/2018\/11\/18-09_Melaminvlies_G-430x430.jpg 430w, https:\/\/www.pr-neu.de\/newsroom\/wordpress\/wp-content\/uploads\/2018\/11\/18-09_Melaminvlies_G.jpg 1795w\" sizes=\"auto, (max-width: 300px) 100vw, 300px\" \/><\/a><\/p>\n<p style=\"text-align: center;\">Das neue Hanno-Melaminvlies \u201eFiber M\u201c erf\u00fcllt<br \/>\nh\u00f6chste Sicherheitsanforderungen: Es kann weder<br \/>\nbrennen noch schmelzen und bleibt auch bei hohen<br \/>\nTemperaturen formstabil.<\/p>\n<p style=\"text-align: center;\">Bild: Hanno Werk GmbH &amp; Co.KG<\/p>\n<hr \/>\n<p>Abdruck honorarfrei, Belegexemplar erbeten<\/p>\n","protected":false},"excerpt":{"rendered":"<p>Hanno \u201eFiber M\u201c: Neues Melaminvlies zur Schall- und W\u00e4rmed\u00e4mmung F\u00fcr industrielle Anwendungen, bei denen neben exzellenter Schall- und W\u00e4rmed\u00e4mmung auch zuverl\u00e4ssiger Brandschutz gefragt ist, pr\u00e4sentiert Hanno (Laatzen) jetzt sein neues \u201eFiber M\u201c. Das innovative Vlies aus dem Hochleistungswerkstoff Melamin wird im Meltblown-Verfahren erzeugt: Dabei wird das Ausgangsmaterial geschmolzen und durch hohen Druck und Hitze in [&hellip;]<\/p>\n","protected":false},"author":8,"featured_media":9401,"comment_status":"closed","ping_status":"open","sticky":false,"template":"","format":"standard","meta":{"footnotes":""},"categories":[655],"tags":[],"class_list":["post-9395","post","type-post","status-publish","format-standard","has-post-thumbnail","hentry","category-hanno"],"_links":{"self":[{"href":"https:\/\/www.pr-neu.de\/newsroom\/wp-json\/wp\/v2\/posts\/9395","targetHints":{"allow":["GET"]}}],"collection":[{"href":"https:\/\/www.pr-neu.de\/newsroom\/wp-json\/wp\/v2\/posts"}],"about":[{"href":"https:\/\/www.pr-neu.de\/newsroom\/wp-json\/wp\/v2\/types\/post"}],"author":[{"embeddable":true,"href":"https:\/\/www.pr-neu.de\/newsroom\/wp-json\/wp\/v2\/users\/8"}],"replies":[{"embeddable":true,"href":"https:\/\/www.pr-neu.de\/newsroom\/wp-json\/wp\/v2\/comments?post=9395"}],"version-history":[{"count":4,"href":"https:\/\/www.pr-neu.de\/newsroom\/wp-json\/wp\/v2\/posts\/9395\/revisions"}],"predecessor-version":[{"id":11584,"href":"https:\/\/www.pr-neu.de\/newsroom\/wp-json\/wp\/v2\/posts\/9395\/revisions\/11584"}],"wp:featuredmedia":[{"embeddable":true,"href":"https:\/\/www.pr-neu.de\/newsroom\/wp-json\/wp\/v2\/media\/9401"}],"wp:attachment":[{"href":"https:\/\/www.pr-neu.de\/newsroom\/wp-json\/wp\/v2\/media?parent=9395"}],"wp:term":[{"taxonomy":"category","embeddable":true,"href":"https:\/\/www.pr-neu.de\/newsroom\/wp-json\/wp\/v2\/categories?post=9395"},{"taxonomy":"post_tag","embeddable":true,"href":"https:\/\/www.pr-neu.de\/newsroom\/wp-json\/wp\/v2\/tags?post=9395"}],"curies":[{"name":"wp","href":"https:\/\/api.w.org\/{rel}","templated":true}]}}