{"id":9365,"date":"2018-11-19T14:13:27","date_gmt":"2018-11-19T13:13:27","guid":{"rendered":"http:\/\/www.pr-nord.de\/newsroom\/?p=9365"},"modified":"2020-05-19T12:55:10","modified_gmt":"2020-05-19T10:55:10","slug":"wahlhelfer","status":"publish","type":"post","link":"https:\/\/www.pr-neu.de\/newsroom\/wahlhelfer\/","title":{"rendered":"Wahlhelfer"},"content":{"rendered":"<p><u>Innenrauml\u00f6sungen f\u00fcr den Holzfertigbau<\/u><\/p>\n<p><strong>Die perfekten \u201evier W\u00e4nde\u201c haben Bauherren im Sinn, wenn sie an die Gestaltung der Innenr\u00e4ume gehen. Dann gilt es, ebenso wirtschaftliche wie \u00fcberzeugende Ge\u00adstaltungsl\u00f6sungen anzubieten. Eine vielf\u00e4ltige Auswahl ist aber nur dann Trumpf, wenn sie \u00fcbersichtlich und mit allen relevanten Informationen pr\u00e4sentiert wird. Sto unterst\u00fctzt seine Partner mit einer \u00fcbersichtlichen Brosch\u00fcre zum Thema \u201eInnenrauml\u00f6sungen\u201c sowie mit umfangreichen Be\u00admusterungen f\u00fcr inspirierende Ausstellungsr\u00e4ume.<\/strong><\/p>\n<p>Bei der Gestaltung von Innenr\u00e4umen spielen Geschmack und Stil eine gro\u00dfe Rolle, aber auch ein behagliches Wohlf\u00fchlklima und gesundheitliche Aspekte. Um den Geschmack der Bauherren zu treffen und ihren Anspr\u00fcchen gerecht zu werden, ben\u00f6tigt man ein umfangreiches Sortiment mit aufeinander abgestimmten Produkten, die vielf\u00e4ltig kombinierbar und streng gepr\u00fcft sind. Das Sto-Kompetenzcenter Industrie hat f\u00fcr den Holzfertigbau ein solches Sortiment f\u00fcr seine Partner entwickelt. Die Bandbreite reicht dabei von Spachtelmassen, Grundierungen und Zwischenbeschichtungen \u00fcber verschiedene Putze und Wand- oder Deckenbel\u00e4ge bis hin zu unz\u00e4hligen Farben sowie Effekt- und Strukturbeschichtungen; erg\u00e4nzt um die passenden Werkzeuge, Silos und Maschinen.<\/p>\n<p>Allen Produkten gemeinsam ist, dass sie h\u00f6chste Standards in puncto Umwelt- und Gesundheitsvertr\u00e4glichkeit erf\u00fcllen. Dies best\u00e4tigen Gutachten unabh\u00e4ngiger Institute. So sind die meisten Innenraumprodukte von Sto T\u00dcV-zertifiziert \u2013 als Beleg daf\u00fcr, dass sie besonders emissionsarm sind und frei von L\u00f6semitteln und Weichmachern. Einige von ihnen wurden zus\u00e4tzlich mit dem Umweltzeichen \u201eDer Blaue Engel\u201c oder gem\u00e4\u00df den strengen natureplus-Kriterien ausgezeichnet.<\/p>\n<p>Eine neue Leistungs\u00fcbersicht \u201eInnenrauml\u00f6sungen f\u00fcr den Holz und Fertigbau\u201c fasst die vielf\u00e4ltigen M\u00f6glichkeiten zusammen, Innenr\u00e4ume zu gestalten. \u00dcbersichtliche Darstellungen machen deutlich, welches Produkt \u00fcber welche Eigenschaften verf\u00fcgt, f\u00fcr welchen Einsatz es geeignet ist, welche Untergrund\u00advorbehandlungen erforderlich sind und welchen Zusatznutzen es besitzt (z.B. Schimmel hemmen, Raumklima verbessern, Innenraumluft reinigen). Um mit dieser Vielfalt auch die Bauherren zu \u00fcberzeugen, bedarf es jedoch mehr als einer Brosch\u00fcre. Innenraumprodukte wollen mit allen Sinnen wahrgenommen werden; Fingerspitzen, Augen und nicht zuletzt Nasen sind an der Auswahl beteiligt. Sto unterst\u00fctzt darum seine Partner bei der Entwicklung ma\u00dfgeschneiderter Ausstellungskonzepte, die alle Produktbereiche abdecken, sich an aktuellen Wohntrends orientieren und mit vielf\u00e4ltigen Farbt\u00f6nen und Oberfl\u00e4chen eine ansprechende Bemusterung bieten. Gemeinsam definierte Muster werden f\u00fcr den jeweiligen Showroom gefertigt und mit Informationsmaterial f\u00fcr Bauherren kombiniert. Die Berater aus dem Expertenteam f\u00fcr Holzfertig\u00adbau informieren gerne \u00fcber die M\u00f6glichkeiten, ein inspirieren\u00addes Ausstellungssystem zu kreieren. Die Brosch\u00fcre sowie viele weitere Informationen rund um die Dienstleistungen des Kompetenzcenters sind auf der Website www.stoindustrie.de (Medien\/Brosch\u00fcren) zu finden.<\/p>\n<hr \/>\n<p><a href=\"http:\/\/www.pr-neu.de\/newsroom\/wordpress\/wp-content\/uploads\/2018\/11\/18-52_titelseite-innenraum_RAHMEN_G_Neu-1.jpg\" target=\"_blank\" rel=\"noopener noreferrer\"><img loading=\"lazy\" decoding=\"async\" class=\"aligncenter wp-image-9377 size-medium\" src=\"http:\/\/www.pr-neu.de\/newsroom\/wordpress\/wp-content\/uploads\/2018\/11\/18-52_titelseite-innenraum_RAHMEN_G_Neu-1-212x300.jpg\" alt=\"\" width=\"212\" height=\"300\" srcset=\"https:\/\/www.pr-neu.de\/newsroom\/wordpress\/wp-content\/uploads\/2018\/11\/18-52_titelseite-innenraum_RAHMEN_G_Neu-1-212x300.jpg 212w, https:\/\/www.pr-neu.de\/newsroom\/wordpress\/wp-content\/uploads\/2018\/11\/18-52_titelseite-innenraum_RAHMEN_G_Neu-1-768x1086.jpg 768w, https:\/\/www.pr-neu.de\/newsroom\/wordpress\/wp-content\/uploads\/2018\/11\/18-52_titelseite-innenraum_RAHMEN_G_Neu-1-724x1024.jpg 724w, https:\/\/www.pr-neu.de\/newsroom\/wordpress\/wp-content\/uploads\/2018\/11\/18-52_titelseite-innenraum_RAHMEN_G_Neu-1-78x110.jpg 78w, https:\/\/www.pr-neu.de\/newsroom\/wordpress\/wp-content\/uploads\/2018\/11\/18-52_titelseite-innenraum_RAHMEN_G_Neu-1-297x420.jpg 297w, https:\/\/www.pr-neu.de\/newsroom\/wordpress\/wp-content\/uploads\/2018\/11\/18-52_titelseite-innenraum_RAHMEN_G_Neu-1-304x430.jpg 304w, https:\/\/www.pr-neu.de\/newsroom\/wordpress\/wp-content\/uploads\/2018\/11\/18-52_titelseite-innenraum_RAHMEN_G_Neu-1.jpg 1269w\" sizes=\"auto, (max-width: 212px) 100vw, 212px\" \/><\/a><\/p>\n<p style=\"text-align: center;\">Die neue Brosch\u00fcre f\u00fcr den Innenraum pr\u00e4sentiert<br \/>\nOberfl\u00e4che\u00adnideen und die erforderlichen Untergrundvorbehandlungen.<br \/>\nBild: Sto SE &amp; Co. KGaA<\/p>\n<p><a href=\"http:\/\/www.pr-neu.de\/newsroom\/wordpress\/wp-content\/uploads\/2018\/11\/18-52_Sto_Beratung_G.jpg\" target=\"_blank\" rel=\"noopener noreferrer\"><img loading=\"lazy\" decoding=\"async\" class=\"aligncenter wp-image-9369 size-medium\" src=\"http:\/\/www.pr-neu.de\/newsroom\/wordpress\/wp-content\/uploads\/2018\/11\/18-52_Sto_Beratung_G-200x300.jpg\" alt=\"\" width=\"200\" height=\"300\" srcset=\"https:\/\/www.pr-neu.de\/newsroom\/wordpress\/wp-content\/uploads\/2018\/11\/18-52_Sto_Beratung_G-200x300.jpg 200w, https:\/\/www.pr-neu.de\/newsroom\/wordpress\/wp-content\/uploads\/2018\/11\/18-52_Sto_Beratung_G-768x1152.jpg 768w, https:\/\/www.pr-neu.de\/newsroom\/wordpress\/wp-content\/uploads\/2018\/11\/18-52_Sto_Beratung_G-683x1024.jpg 683w, https:\/\/www.pr-neu.de\/newsroom\/wordpress\/wp-content\/uploads\/2018\/11\/18-52_Sto_Beratung_G-73x110.jpg 73w, https:\/\/www.pr-neu.de\/newsroom\/wordpress\/wp-content\/uploads\/2018\/11\/18-52_Sto_Beratung_G-280x420.jpg 280w, https:\/\/www.pr-neu.de\/newsroom\/wordpress\/wp-content\/uploads\/2018\/11\/18-52_Sto_Beratung_G-287x430.jpg 287w, https:\/\/www.pr-neu.de\/newsroom\/wordpress\/wp-content\/uploads\/2018\/11\/18-52_Sto_Beratung_G.jpg 1197w\" sizes=\"auto, (max-width: 200px) 100vw, 200px\" \/><\/a><\/p>\n<p style=\"text-align: center;\">Das modulare Ausstellungssystem von Sto l\u00e4sst sich individuell<br \/>\nauf die Bed\u00fcrfnisse und Platzanforderungen abstimmen \u2013 in der<br \/>\npers\u00f6nlichen Beratung werden gemeinsam stilvolle Oberfl\u00e4chen,<br \/>\nFarbt\u00f6ne und Trends definiert.<\/p>\n<p style=\"text-align: center;\">Bild: Sto SE &amp; Co. KGaA<\/p>\n<hr \/>\n<p>Abdruck honorarfrei, Belegexemplar erbeten<\/p>\n","protected":false},"excerpt":{"rendered":"<p>Innenrauml\u00f6sungen f\u00fcr den Holzfertigbau Die perfekten \u201evier W\u00e4nde\u201c haben Bauherren im Sinn, wenn sie an die Gestaltung der Innenr\u00e4ume gehen. Dann gilt es, ebenso wirtschaftliche wie \u00fcberzeugende Ge\u00adstaltungsl\u00f6sungen anzubieten. Eine vielf\u00e4ltige Auswahl ist aber nur dann Trumpf, wenn sie \u00fcbersichtlich und mit allen relevanten Informationen pr\u00e4sentiert wird. Sto unterst\u00fctzt seine Partner mit einer \u00fcbersichtlichen Brosch\u00fcre [&hellip;]<\/p>\n","protected":false},"author":8,"featured_media":9386,"comment_status":"closed","ping_status":"open","sticky":false,"template":"","format":"standard","meta":{"footnotes":""},"categories":[15],"tags":[],"class_list":["post-9365","post","type-post","status-publish","format-standard","has-post-thumbnail","hentry","category-sto"],"_links":{"self":[{"href":"https:\/\/www.pr-neu.de\/newsroom\/wp-json\/wp\/v2\/posts\/9365","targetHints":{"allow":["GET"]}}],"collection":[{"href":"https:\/\/www.pr-neu.de\/newsroom\/wp-json\/wp\/v2\/posts"}],"about":[{"href":"https:\/\/www.pr-neu.de\/newsroom\/wp-json\/wp\/v2\/types\/post"}],"author":[{"embeddable":true,"href":"https:\/\/www.pr-neu.de\/newsroom\/wp-json\/wp\/v2\/users\/8"}],"replies":[{"embeddable":true,"href":"https:\/\/www.pr-neu.de\/newsroom\/wp-json\/wp\/v2\/comments?post=9365"}],"version-history":[{"count":9,"href":"https:\/\/www.pr-neu.de\/newsroom\/wp-json\/wp\/v2\/posts\/9365\/revisions"}],"predecessor-version":[{"id":11816,"href":"https:\/\/www.pr-neu.de\/newsroom\/wp-json\/wp\/v2\/posts\/9365\/revisions\/11816"}],"wp:featuredmedia":[{"embeddable":true,"href":"https:\/\/www.pr-neu.de\/newsroom\/wp-json\/wp\/v2\/media\/9386"}],"wp:attachment":[{"href":"https:\/\/www.pr-neu.de\/newsroom\/wp-json\/wp\/v2\/media?parent=9365"}],"wp:term":[{"taxonomy":"category","embeddable":true,"href":"https:\/\/www.pr-neu.de\/newsroom\/wp-json\/wp\/v2\/categories?post=9365"},{"taxonomy":"post_tag","embeddable":true,"href":"https:\/\/www.pr-neu.de\/newsroom\/wp-json\/wp\/v2\/tags?post=9365"}],"curies":[{"name":"wp","href":"https:\/\/api.w.org\/{rel}","templated":true}]}}