{"id":9331,"date":"2018-11-13T11:09:33","date_gmt":"2018-11-13T10:09:33","guid":{"rendered":"http:\/\/www.pr-nord.de\/newsroom\/?p=9331"},"modified":"2020-05-19T12:55:17","modified_gmt":"2020-05-19T10:55:17","slug":"urbanitaet-und-stadtgeschichte","status":"publish","type":"post","link":"https:\/\/www.pr-neu.de\/newsroom\/urbanitaet-und-stadtgeschichte\/","title":{"rendered":"Urbanit\u00e4t und Stadtgeschichte"},"content":{"rendered":"<p><u>Wohngeb\u00e4ude in Mailand<\/u><\/p>\n<p>Neu und alt, Ruhe und Metropole: Gleichzeitig mit den Wohnh\u00e4usern \u201eResidenze Gorani\u201c planten Cecchi &amp; Lima Architetti Associati einen \u00f6ffentlichen Platz, der einen Ort der Ruhe im Herzen von Mailand bietet. Wie Kulissen rahmen die bl\u00fctenwei\u00dfen Fassaden der beiden keilf\u00f6rmig zueinander platzierten Wohnbauten den Platz ein. Sie lenken den Blick auf den zentralen Turm, der als Relikt an den im 11. Jahrhundert erbauten Palazzo Gorani erinnert, der den Bomben des Zweiten Weltkriegs zum Opfer fiel. Unweit verweisen Mauerreste und weitere Ruinen auf die r\u00f6mische Vergangen\u00adheit der Stadt. In ihrer einheitlichen monolithischen Erscheinung treten die Neubauten in Dialog mit den Relikten. Gro\u00dfz\u00fcgige Fensterfronten auf Stra\u00dfenebene bieten direkte Aussichten auf die historische St\u00e4tte. Runde, in den Gehweg geschnittene Glas\u00f6ffnungen geben den Blick auf Fragmente von Mosaiken frei, die hier zwischen 2009 und 2011 arch\u00e4ologische Ausgra\u00adbungen zutage f\u00f6rderten. In den Eingangsbereichen der Neubauten erinnern ornamental verzierte Kupferpaneele an die Funde. Die neu angelegten Gr\u00fcn\ufb02\u00e4chen komplettieren den neuen Platz und wirken als verbindendes Element an einem sensiblen Ort, der Urbanit\u00e4t und Stadtgeschichte miteinander in Einklang bringt.<\/p>\n<p>Stilpr\u00e4gend sind die Fassaden, die zugleich vor der mediterranen Sonne und vor k\u00e4lteren Temperarturen in Norditalien sch\u00fctzen: Ausgef\u00fchrt als VHF (StoVentec R) bieten sie W\u00e4rme- und K\u00e4lteschutz, als Putzfassade (Stolit Milano) zeigen sie einen klassischen regionalen Fassadenwerkstoff und durch die Endbeschichtung mit einer Farbe mit Lotuseffekt (StoColor Lotusan) bleiben die strahlend wei\u00dfen Fl\u00e4chen sehr lange sauber.<\/p>\n<hr \/>\n<p><strong>BAUTAFEL<\/strong><\/p>\n<p><strong>Bau<\/strong><strong>herr<br \/>\n<\/strong>Finaval S.p.A., Immobiliare, Mailand<\/p>\n<p><strong>Architekt<br \/>\n<\/strong>Cecchi &amp; Lima Architetti Associati, Mailand<\/p>\n<p><strong>Generalunternehmer<br \/>\n<\/strong>Impresa Minotti, Mailand<\/p>\n<p><strong>Standort<br \/>\n<\/strong>Via Brisa, Via Gorani, Mailand<\/p>\n<p><strong>Sto-Kompetenzen<br \/>\n<\/strong>Vorgeh\u00e4ngtes hinterl\u00fcftetes Fassadensystem (StoVentec R), Oberputz (Stolit Milano), Fassadenfarbe mit<br \/>\nLotus-Effect-Technology (Lotusan\/StoColor Lotusan)<\/p>\n<p><strong>Fachhandwerker<br \/>\n<\/strong>B Construction Technology S.r.l., Mailand, IT<\/p>\n<hr \/>\n<p><a href=\"http:\/\/www.pr-neu.de\/newsroom\/wordpress\/wp-content\/uploads\/2018\/11\/18-46_1_G-2.jpg\" target=\"_blank\" rel=\"noopener noreferrer\"><img loading=\"lazy\" decoding=\"async\" class=\"aligncenter wp-image-9336 size-medium\" src=\"http:\/\/www.pr-neu.de\/newsroom\/wordpress\/wp-content\/uploads\/2018\/11\/18-46_1_G-2-300x146.jpg\" alt=\"\" width=\"300\" height=\"146\" srcset=\"https:\/\/www.pr-neu.de\/newsroom\/wordpress\/wp-content\/uploads\/2018\/11\/18-46_1_G-2-300x146.jpg 300w, https:\/\/www.pr-neu.de\/newsroom\/wordpress\/wp-content\/uploads\/2018\/11\/18-46_1_G-2-768x373.jpg 768w, https:\/\/www.pr-neu.de\/newsroom\/wordpress\/wp-content\/uploads\/2018\/11\/18-46_1_G-2-1024x497.jpg 1024w, https:\/\/www.pr-neu.de\/newsroom\/wordpress\/wp-content\/uploads\/2018\/11\/18-46_1_G-2-110x53.jpg 110w, https:\/\/www.pr-neu.de\/newsroom\/wordpress\/wp-content\/uploads\/2018\/11\/18-46_1_G-2-420x204.jpg 420w, https:\/\/www.pr-neu.de\/newsroom\/wordpress\/wp-content\/uploads\/2018\/11\/18-46_1_G-2-770x374.jpg 770w, https:\/\/www.pr-neu.de\/newsroom\/wordpress\/wp-content\/uploads\/2018\/11\/18-46_1_G-2.jpg 1795w\" sizes=\"auto, (max-width: 300px) 100vw, 300px\" \/><\/a><\/p>\n<p style=\"text-align: center;\">Schon 1984 begannen die Architekten Cecchi &amp; Lima Architetti Associati<br \/>\nmit dem Entwurf zweier Wohngeb\u00e4ude im Herzen der Mail\u00e4nder Altstadt.<br \/>\nArch\u00e4ologische Funde brachten das Projekt zwischenzeitlich zum Erliegen,<br \/>\ndas 2016 im Rahmen einer Neugestaltung des Platzes als Dialog zwischen<br \/>\nAlt und Neu vollendet wurde.<br \/>\nBild: Matteo Piazza\/Sto \/Sto SE &amp; Co. KGaA<\/p>\n<p><a href=\"http:\/\/www.pr-neu.de\/newsroom\/wordpress\/wp-content\/uploads\/2018\/11\/18-46_2_G.jpg\" target=\"_blank\" rel=\"noopener noreferrer\"><img loading=\"lazy\" decoding=\"async\" class=\"aligncenter wp-image-9334 size-medium\" src=\"http:\/\/www.pr-neu.de\/newsroom\/wordpress\/wp-content\/uploads\/2018\/11\/18-46_2_G-300x300.jpg\" alt=\"\" width=\"300\" height=\"300\" srcset=\"https:\/\/www.pr-neu.de\/newsroom\/wordpress\/wp-content\/uploads\/2018\/11\/18-46_2_G-300x300.jpg 300w, https:\/\/www.pr-neu.de\/newsroom\/wordpress\/wp-content\/uploads\/2018\/11\/18-46_2_G-150x150.jpg 150w, https:\/\/www.pr-neu.de\/newsroom\/wordpress\/wp-content\/uploads\/2018\/11\/18-46_2_G-768x768.jpg 768w, https:\/\/www.pr-neu.de\/newsroom\/wordpress\/wp-content\/uploads\/2018\/11\/18-46_2_G-1024x1024.jpg 1024w, https:\/\/www.pr-neu.de\/newsroom\/wordpress\/wp-content\/uploads\/2018\/11\/18-46_2_G-250x250.jpg 250w, https:\/\/www.pr-neu.de\/newsroom\/wordpress\/wp-content\/uploads\/2018\/11\/18-46_2_G-125x125.jpg 125w, https:\/\/www.pr-neu.de\/newsroom\/wordpress\/wp-content\/uploads\/2018\/11\/18-46_2_G-110x110.jpg 110w, https:\/\/www.pr-neu.de\/newsroom\/wordpress\/wp-content\/uploads\/2018\/11\/18-46_2_G-420x420.jpg 420w, https:\/\/www.pr-neu.de\/newsroom\/wordpress\/wp-content\/uploads\/2018\/11\/18-46_2_G-430x430.jpg 430w, https:\/\/www.pr-neu.de\/newsroom\/wordpress\/wp-content\/uploads\/2018\/11\/18-46_2_G.jpg 1795w\" sizes=\"auto, (max-width: 300px) 100vw, 300px\" \/><\/a><\/p>\n<p style=\"text-align: center;\">Die beiden Wohngeb\u00e4ude entstanden in direkter Nachbarschaft zu<br \/>\neinem Turm aus dem 11. Jahrhundert und \ufb02ankieren den neu<br \/>\ngeschaffenen innerst\u00e4dtischen Platz.<br \/>\nBild: Matteo Piazza\/Sto \/Sto SE &amp; Co. KGaA<\/p>\n<p><a href=\"http:\/\/www.pr-neu.de\/newsroom\/wordpress\/wp-content\/uploads\/2018\/11\/18-46_3_G.jpg\" target=\"_blank\" rel=\"noopener noreferrer\"><img loading=\"lazy\" decoding=\"async\" class=\"aligncenter wp-image-9335 size-medium\" src=\"http:\/\/www.pr-neu.de\/newsroom\/wordpress\/wp-content\/uploads\/2018\/11\/18-46_3_G-300x225.jpg\" alt=\"\" width=\"300\" height=\"225\" srcset=\"https:\/\/www.pr-neu.de\/newsroom\/wordpress\/wp-content\/uploads\/2018\/11\/18-46_3_G-300x225.jpg 300w, https:\/\/www.pr-neu.de\/newsroom\/wordpress\/wp-content\/uploads\/2018\/11\/18-46_3_G-768x576.jpg 768w, https:\/\/www.pr-neu.de\/newsroom\/wordpress\/wp-content\/uploads\/2018\/11\/18-46_3_G-1024x768.jpg 1024w, https:\/\/www.pr-neu.de\/newsroom\/wordpress\/wp-content\/uploads\/2018\/11\/18-46_3_G-110x82.jpg 110w, https:\/\/www.pr-neu.de\/newsroom\/wordpress\/wp-content\/uploads\/2018\/11\/18-46_3_G-420x315.jpg 420w, https:\/\/www.pr-neu.de\/newsroom\/wordpress\/wp-content\/uploads\/2018\/11\/18-46_3_G-573x430.jpg 573w, https:\/\/www.pr-neu.de\/newsroom\/wordpress\/wp-content\/uploads\/2018\/11\/18-46_3_G.jpg 1795w\" sizes=\"auto, (max-width: 300px) 100vw, 300px\" \/><\/a><\/p>\n<p style=\"text-align: center;\">Bild: Matteo Piazza\/Sto \/Sto SE &amp; Co. KGaA<\/p>\n<hr \/>\n<p>Abdruck honorarfrei, Belegexemplar erbeten<\/p>\n","protected":false},"excerpt":{"rendered":"<p>Wohngeb\u00e4ude in Mailand Neu und alt, Ruhe und Metropole: Gleichzeitig mit den Wohnh\u00e4usern \u201eResidenze Gorani\u201c planten Cecchi &amp; Lima Architetti Associati einen \u00f6ffentlichen Platz, der einen Ort der Ruhe im Herzen von Mailand bietet. Wie Kulissen rahmen die bl\u00fctenwei\u00dfen Fassaden der beiden keilf\u00f6rmig zueinander platzierten Wohnbauten den Platz ein. Sie lenken den Blick auf den [&hellip;]<\/p>\n","protected":false},"author":8,"featured_media":9336,"comment_status":"closed","ping_status":"open","sticky":false,"template":"","format":"standard","meta":{"footnotes":""},"categories":[15],"tags":[],"class_list":["post-9331","post","type-post","status-publish","format-standard","has-post-thumbnail","hentry","category-sto"],"_links":{"self":[{"href":"https:\/\/www.pr-neu.de\/newsroom\/wp-json\/wp\/v2\/posts\/9331","targetHints":{"allow":["GET"]}}],"collection":[{"href":"https:\/\/www.pr-neu.de\/newsroom\/wp-json\/wp\/v2\/posts"}],"about":[{"href":"https:\/\/www.pr-neu.de\/newsroom\/wp-json\/wp\/v2\/types\/post"}],"author":[{"embeddable":true,"href":"https:\/\/www.pr-neu.de\/newsroom\/wp-json\/wp\/v2\/users\/8"}],"replies":[{"embeddable":true,"href":"https:\/\/www.pr-neu.de\/newsroom\/wp-json\/wp\/v2\/comments?post=9331"}],"version-history":[{"count":12,"href":"https:\/\/www.pr-neu.de\/newsroom\/wp-json\/wp\/v2\/posts\/9331\/revisions"}],"predecessor-version":[{"id":11817,"href":"https:\/\/www.pr-neu.de\/newsroom\/wp-json\/wp\/v2\/posts\/9331\/revisions\/11817"}],"wp:featuredmedia":[{"embeddable":true,"href":"https:\/\/www.pr-neu.de\/newsroom\/wp-json\/wp\/v2\/media\/9336"}],"wp:attachment":[{"href":"https:\/\/www.pr-neu.de\/newsroom\/wp-json\/wp\/v2\/media?parent=9331"}],"wp:term":[{"taxonomy":"category","embeddable":true,"href":"https:\/\/www.pr-neu.de\/newsroom\/wp-json\/wp\/v2\/categories?post=9331"},{"taxonomy":"post_tag","embeddable":true,"href":"https:\/\/www.pr-neu.de\/newsroom\/wp-json\/wp\/v2\/tags?post=9331"}],"curies":[{"name":"wp","href":"https:\/\/api.w.org\/{rel}","templated":true}]}}