{"id":9298,"date":"2018-11-01T12:17:06","date_gmt":"2018-11-01T11:17:06","guid":{"rendered":"http:\/\/www.pr-nord.de\/newsroom\/?p=9298"},"modified":"2020-05-18T15:17:12","modified_gmt":"2020-05-18T13:17:12","slug":"sonnenschutz-im-glas-freie-sicht-auch-bei-tropischen-temperaturen","status":"publish","type":"post","link":"https:\/\/www.pr-neu.de\/newsroom\/sonnenschutz-im-glas-freie-sicht-auch-bei-tropischen-temperaturen\/","title":{"rendered":"Sonnenschutz im Glas: Freie Sicht auch bei tropischen Temperaturen"},"content":{"rendered":"<p><u>Das ganze Jahr freie Sicht: Dimmbares Glas sperrt Hitze aus und sch\u00fctzt vor unangenehmer Blendung<\/u><\/p>\n<p><strong>Ausblick statt Schotten dicht: Eine dimmbare Verglasung macht das m\u00f6glich. Die Hitze-Sommer reihen sich aneinander und die intensive Sonneneinstrahlung mit tropischen Temperaturen fordert leistungsf\u00e4hige Verschattung. Ideal, wenn dann auch noch die freie Sicht nach drau\u00dfen m\u00f6glich ist. Die Gl\u00e4ser von EControl (Plauen) zum Beispiel lassen sich bis zu 90 Prozent eindunkeln \u2013 und liefern so <\/strong><strong>\u201eMade in Germany\u201c-Sonnenschutz und Verschattung im Glas. Ein Wintergarten wird damit zum Ganzjahresgarten und gro\u00dfe Fensterfronten bieten auch im Hochsommer freie Sicht. Eingebunden in ein Smart-Home-Konzept l\u00e4sst sich diese ideale Sonnenschutz-L\u00f6sung kinderleicht bedienen.<\/strong><\/p>\n<p>Die Funktionsweise der dimmbaren Verglasung von EControl ist einfach: Mit dem stufenlosen Eindunkeln der Gl\u00e4ser in einem angenehmen Blau-Ton wird der Eintrag an Sonnen\u00adenergie gesteuert. Daf\u00fcr sorgt eine elektrochrome Verbundglasscheibe.<\/p>\n<p>Die Wirkung ist maximal: Bis zu 90 Prozent der Sonneneinstrahlung wird bei h\u00f6chster Dimmung reflektiert, die Strahlungsw\u00e4rme gelangt nicht ins Innere. Dabei bleibt die Sicht nach drau\u00dfen frei, anders als bei der klassischen mechanischen Verschattung, und die Temperatur im Inneren angenehm. Im Winter vermindert der exzellente D\u00e4mmwert Heizw\u00e4rmeverluste \u2013 wenn es drau\u00dfen kalt ist, bleibt es drinnen warm. Weiterer Vorteil: Die tiefstehende Sonne in der kalten Jahreszeit blendet nicht, wenn die Gl\u00e4ser gedimmt sind.<\/p>\n<p><strong>Smartes Glas, smarte Steuerung<\/strong><\/p>\n<p>Gesteuert werden die Scheiben entweder automatisch via Lichtsensor oder \u00fcber das moderne Touch-Bedienfeld \u201eECmaster&#8220;\u00a0 wodurch die Einbindung in ein Smart-Home-Konzept problemlos m\u00f6glich ist. Die Scheiben lassen sich einzeln oder kombiniert dimmen. Neben dem Einsatz im Neubau ist dimmbares EControl-Glas auch ideal geeignet f\u00fcr die Renovierung und Nachr\u00fcstung. Bundesweit arbeitet das Unternehmen aus Plauen mit Systempartnern zusammen. Mehr dazu auf der Website: <a href=\"https:\/\/www.econtrol-glas.de\/\">www.econtrol-glas.de.<\/a><\/p>\n<hr \/>\n<p><a href=\"http:\/\/www.pr-neu.de\/newsroom\/wordpress\/wp-content\/uploads\/2018\/11\/11-01_50und100prozent_G.jpg\"><img loading=\"lazy\" decoding=\"async\" class=\"aligncenter size-medium wp-image-9300\" src=\"http:\/\/www.pr-neu.de\/newsroom\/wordpress\/wp-content\/uploads\/2018\/11\/11-01_50und100prozent_G-300x228.jpg\" alt=\"\" width=\"300\" height=\"228\" srcset=\"https:\/\/www.pr-neu.de\/newsroom\/wordpress\/wp-content\/uploads\/2018\/11\/11-01_50und100prozent_G-300x228.jpg 300w, https:\/\/www.pr-neu.de\/newsroom\/wordpress\/wp-content\/uploads\/2018\/11\/11-01_50und100prozent_G-768x583.jpg 768w, https:\/\/www.pr-neu.de\/newsroom\/wordpress\/wp-content\/uploads\/2018\/11\/11-01_50und100prozent_G-1024x777.jpg 1024w, https:\/\/www.pr-neu.de\/newsroom\/wordpress\/wp-content\/uploads\/2018\/11\/11-01_50und100prozent_G-110x84.jpg 110w, https:\/\/www.pr-neu.de\/newsroom\/wordpress\/wp-content\/uploads\/2018\/11\/11-01_50und100prozent_G-420x319.jpg 420w, https:\/\/www.pr-neu.de\/newsroom\/wordpress\/wp-content\/uploads\/2018\/11\/11-01_50und100prozent_G-566x430.jpg 566w\" sizes=\"auto, (max-width: 300px) 100vw, 300px\" \/><\/a><\/p>\n<p style=\"text-align: center;\">Das dimmbare Glas von EControl sperrt W\u00e4rme aus und erm\u00f6glicht den freien Blick nach drau\u00dfen.<br \/>\nFoto: EControl-Glas<\/p>\n<p><a href=\"http:\/\/www.pr-neu.de\/newsroom\/wordpress\/wp-content\/uploads\/2018\/11\/18-06-Penthouse_G.jpg\"><img loading=\"lazy\" decoding=\"async\" class=\"aligncenter size-medium wp-image-9301\" src=\"http:\/\/www.pr-neu.de\/newsroom\/wordpress\/wp-content\/uploads\/2018\/11\/18-06-Penthouse_G-300x201.jpg\" alt=\"\" width=\"300\" height=\"201\" srcset=\"https:\/\/www.pr-neu.de\/newsroom\/wordpress\/wp-content\/uploads\/2018\/11\/18-06-Penthouse_G-300x201.jpg 300w, https:\/\/www.pr-neu.de\/newsroom\/wordpress\/wp-content\/uploads\/2018\/11\/18-06-Penthouse_G-768x516.jpg 768w, https:\/\/www.pr-neu.de\/newsroom\/wordpress\/wp-content\/uploads\/2018\/11\/18-06-Penthouse_G-1024x687.jpg 1024w, https:\/\/www.pr-neu.de\/newsroom\/wordpress\/wp-content\/uploads\/2018\/11\/18-06-Penthouse_G-110x74.jpg 110w, https:\/\/www.pr-neu.de\/newsroom\/wordpress\/wp-content\/uploads\/2018\/11\/18-06-Penthouse_G-420x282.jpg 420w, https:\/\/www.pr-neu.de\/newsroom\/wordpress\/wp-content\/uploads\/2018\/11\/18-06-Penthouse_G-641x430.jpg 641w, https:\/\/www.pr-neu.de\/newsroom\/wordpress\/wp-content\/uploads\/2018\/11\/18-06-Penthouse_G.jpg 1795w\" sizes=\"auto, (max-width: 300px) 100vw, 300px\" \/><\/a><\/p>\n<p style=\"text-align: center;\">Die dimmbaren Gl\u00e4ser von EControl erm\u00f6glichen den freien Blick nach drau\u00dfen auch bei hohen Temperaturen.<br \/>\nFoto: EControl-Glas<\/p>\n<hr \/>\n<p><strong>R\u00fcckfragen beantwortet gern<\/strong><\/p>\n<p><strong>EControl-Glas<\/strong> GmbH &amp; Co. KG<br \/>\nThomas Groneick<br \/>\nTel.: + 49 0173 \/ 46 76 22 6<br \/>\nE-Mail: <a href=\"&#109;&#x61;&#105;&#x6c;&#116;&#x6f;&#58;&#x76;&#101;&#x72;&#116;&#x72;&#105;&#x65;&#98;&#x40;&#101;&#x63;&#111;&#x6e;&#116;&#x72;&#111;&#x6c;&#45;&#x67;&#108;&#x61;&#115;&#x2e;&#100;&#x65;\">&#118;&#x65;&#114;&#x74;r&#105;&#x65;&#98;&#x40;e&#x63;o&#110;&#x74;&#114;&#x6f;l&#x2d;&#x67;&#108;&#x61;s&#x2e;d&#101;<\/a><\/p>\n<p>Abdruck honorarfrei, Belegexemplar erbeten an<\/p>\n","protected":false},"excerpt":{"rendered":"<p>Ausblick statt Schotten dicht: Eine dimmbare Verglasung macht das m\u00f6glich. Die Hitze-Sommer reihen sich aneinander und die intensive Sonneneinstrahlung mit tropischen Temperaturen fordert leistungsf\u00e4hige Verschattung. Ideal, wenn dann auch noch die freie Sicht nach drau\u00dfen m\u00f6glich ist. Die Gl\u00e4ser von EControl (Plauen) zum Beispiel lassen sich bis zu 90 Prozent eindunkeln \u2013 und liefern so \u201eMade in Germany\u201c-Sonnenschutz und Verschattung im Glas. <\/p>\n","protected":false},"author":6,"featured_media":9300,"comment_status":"closed","ping_status":"open","sticky":false,"template":"","format":"standard","meta":{"footnotes":""},"categories":[25,3],"tags":[],"class_list":["post-9298","post","type-post","status-publish","format-standard","has-post-thumbnail","hentry","category-econtrol","category-kundenmeldungen"],"_links":{"self":[{"href":"https:\/\/www.pr-neu.de\/newsroom\/wp-json\/wp\/v2\/posts\/9298","targetHints":{"allow":["GET"]}}],"collection":[{"href":"https:\/\/www.pr-neu.de\/newsroom\/wp-json\/wp\/v2\/posts"}],"about":[{"href":"https:\/\/www.pr-neu.de\/newsroom\/wp-json\/wp\/v2\/types\/post"}],"author":[{"embeddable":true,"href":"https:\/\/www.pr-neu.de\/newsroom\/wp-json\/wp\/v2\/users\/6"}],"replies":[{"embeddable":true,"href":"https:\/\/www.pr-neu.de\/newsroom\/wp-json\/wp\/v2\/comments?post=9298"}],"version-history":[{"count":8,"href":"https:\/\/www.pr-neu.de\/newsroom\/wp-json\/wp\/v2\/posts\/9298\/revisions"}],"predecessor-version":[{"id":11529,"href":"https:\/\/www.pr-neu.de\/newsroom\/wp-json\/wp\/v2\/posts\/9298\/revisions\/11529"}],"wp:featuredmedia":[{"embeddable":true,"href":"https:\/\/www.pr-neu.de\/newsroom\/wp-json\/wp\/v2\/media\/9300"}],"wp:attachment":[{"href":"https:\/\/www.pr-neu.de\/newsroom\/wp-json\/wp\/v2\/media?parent=9298"}],"wp:term":[{"taxonomy":"category","embeddable":true,"href":"https:\/\/www.pr-neu.de\/newsroom\/wp-json\/wp\/v2\/categories?post=9298"},{"taxonomy":"post_tag","embeddable":true,"href":"https:\/\/www.pr-neu.de\/newsroom\/wp-json\/wp\/v2\/tags?post=9298"}],"curies":[{"name":"wp","href":"https:\/\/api.w.org\/{rel}","templated":true}]}}