{"id":9236,"date":"2018-10-24T15:56:24","date_gmt":"2018-10-24T13:56:24","guid":{"rendered":"http:\/\/www.pr-nord.de\/newsroom\/?p=9236"},"modified":"2020-05-19T08:39:58","modified_gmt":"2020-05-19T06:39:58","slug":"die-ganze-band-breite","status":"publish","type":"post","link":"https:\/\/www.pr-neu.de\/newsroom\/die-ganze-band-breite\/","title":{"rendered":"Die ganze Band-Breite"},"content":{"rendered":"<p><strong>Hanno auf der BAU, Halle B6, Stand 324<\/strong><\/p>\n<p>Hanno, der Spezialist f\u00fcr Fugenabdichtung und Schalld\u00e4mmung, pr\u00e4sentiert zur BAU 2019 (Halle B6, Stand 324) neben seinem bew\u00e4hrten Abdichtungs-Portfolio die neuesten Varianten seines \u201eHannoband\u201c-Klassikers: Das \u201eHannoband BG-R\u201c f\u00fcr den luftdichten inneren Anschluss und das neue Fugenband \u201eHannoband Therm\u201c \u2013 eine leistungsf\u00e4hige und leicht zu verarbeitende Alternative zu PU-Montageschaum. Zudem hat der Experte das Multi\u00adfunktions-Fugendichtband \u201eHannoband-3E Passiv BG1\u201c mit innovativer Membrantechnik im Gep\u00e4ck \u2013 speziell entwickelt als All-in-One-Abdichtung. Es erf\u00fcllt alle DIN-, EnEV- und RAL-Anforderungen und garantiert so hochwertige, zuverl\u00e4ssige Bauteilabdichtung selbst im Passivhaus.<\/p>\n<p><strong>Gepr\u00fcfte Fensterabdichtung<\/strong><\/p>\n<p>F\u00fcr alle Komponenten des Hanno-3E-Systems rund um die Abdichtung von Fensteranschlussfugen liegen zudem aktuelle Qualit\u00e4tsnachweise und Pr\u00fcfzeugnisse vor \u2013 so kann das Unternehmen beispielsweise Zertifikate sowie neutral gepr\u00fcfte Schalld\u00e4mm-Ma\u00dfe des ift Rosenheim vorweisen. Mit einer projektbezogenen Funktionsgew\u00e4hrleistung \u00fcber 15 Jahre unterstreicht Hanno seinen hohen Qualit\u00e4tsanspruch an die Systemprodukte f\u00fcr den Fensteranschluss.<\/p>\n<p>Seit mehr als 120 Jahren entwickelt das Laatzener Unternehmen hochleistungsf\u00e4hige Bauprodukte, insbesondere f\u00fcr dichte Fugen sowie schall- und w\u00e4rmeged\u00e4mmte Bauteilanschl\u00fcsse. Einen Schwerpunkt hat Hanno im Marktfeld Fenster\u00adabdichtung. \u201eZur Serviceorientierung geh\u00f6rt f\u00fcr uns insbesondere der direkte Dialog mit Handel, Verarbeitern und Planern. Daher ist die BAU f\u00fcr uns schon lange ein Pflichttermin und wieder ein Highlight f\u00fcr 2019\u201c, erkl\u00e4rt Prokurist und Vertriebsleiter Markus Fehrmann.<\/p>\n<p>Die Hanno-Vito-Gruppe pr\u00e4sentiert sich auch 2019 geschlossen auf der BAU: Neben Hanno Deutschland stellen am Messestand auch die Schwesterunternehmen Hanno \u00d6sterreich (Hirnberg) und VITO-Irmen (Remagen) ihr Portfolio vor. Das auf den Profi ausgerichtete Leistungsspektrum der Unternehmensgruppe reicht von der Fugenabdichtung im Hochbau \u00fcber den technischen Schallschutz bis hin zu einem umfassenden Sortiment aus der Selbstklebetechnik.<\/p>\n<hr \/>\n<p><a href=\"http:\/\/www.pr-neu.de\/newsroom\/wordpress\/wp-content\/uploads\/2018\/10\/18-10-BAU_Sortiment_G.jpg\" target=\"_blank\" rel=\"noopener noreferrer\"><img loading=\"lazy\" decoding=\"async\" class=\"aligncenter wp-image-9237 size-medium\" src=\"http:\/\/www.pr-neu.de\/newsroom\/wordpress\/wp-content\/uploads\/2018\/10\/18-10-BAU_Sortiment_G-300x201.jpg\" alt=\"\" width=\"300\" height=\"201\" srcset=\"https:\/\/www.pr-neu.de\/newsroom\/wordpress\/wp-content\/uploads\/2018\/10\/18-10-BAU_Sortiment_G-300x201.jpg 300w, https:\/\/www.pr-neu.de\/newsroom\/wordpress\/wp-content\/uploads\/2018\/10\/18-10-BAU_Sortiment_G-768x516.jpg 768w, https:\/\/www.pr-neu.de\/newsroom\/wordpress\/wp-content\/uploads\/2018\/10\/18-10-BAU_Sortiment_G-1024x687.jpg 1024w, https:\/\/www.pr-neu.de\/newsroom\/wordpress\/wp-content\/uploads\/2018\/10\/18-10-BAU_Sortiment_G-110x74.jpg 110w, https:\/\/www.pr-neu.de\/newsroom\/wordpress\/wp-content\/uploads\/2018\/10\/18-10-BAU_Sortiment_G-420x282.jpg 420w, https:\/\/www.pr-neu.de\/newsroom\/wordpress\/wp-content\/uploads\/2018\/10\/18-10-BAU_Sortiment_G-641x430.jpg 641w, https:\/\/www.pr-neu.de\/newsroom\/wordpress\/wp-content\/uploads\/2018\/10\/18-10-BAU_Sortiment_G.jpg 1795w\" sizes=\"auto, (max-width: 300px) 100vw, 300px\" \/><\/a><\/p>\n<p style=\"text-align: center;\">Volle Bandbreite: Hanno pr\u00e4sentiert auf der BAU sein<br \/>\nbew\u00e4hrtes Portfolio sowie die neuesten Entwicklungen.<br \/>\nBild: Hanno Werk GmbH &amp; Co. KG<\/p>\n<hr \/>\n<h5><\/h5>\n<p>Abdruck honorarfrei, Belegexemplar erbeten<\/p>\n","protected":false},"excerpt":{"rendered":"<p>Hanno auf der BAU, Halle B6, Stand 324 Hanno, der Spezialist f\u00fcr Fugenabdichtung und Schalld\u00e4mmung, pr\u00e4sentiert zur BAU 2019 (Halle B6, Stand 324) neben seinem bew\u00e4hrten Abdichtungs-Portfolio die neuesten Varianten seines \u201eHannoband\u201c-Klassikers: Das \u201eHannoband BG-R\u201c f\u00fcr den luftdichten inneren Anschluss und das neue Fugenband \u201eHannoband Therm\u201c \u2013 eine leistungsf\u00e4hige und leicht zu verarbeitende Alternative zu [&hellip;]<\/p>\n","protected":false},"author":8,"featured_media":9237,"comment_status":"closed","ping_status":"open","sticky":false,"template":"","format":"standard","meta":{"footnotes":""},"categories":[655],"tags":[],"class_list":["post-9236","post","type-post","status-publish","format-standard","has-post-thumbnail","hentry","category-hanno"],"_links":{"self":[{"href":"https:\/\/www.pr-neu.de\/newsroom\/wp-json\/wp\/v2\/posts\/9236","targetHints":{"allow":["GET"]}}],"collection":[{"href":"https:\/\/www.pr-neu.de\/newsroom\/wp-json\/wp\/v2\/posts"}],"about":[{"href":"https:\/\/www.pr-neu.de\/newsroom\/wp-json\/wp\/v2\/types\/post"}],"author":[{"embeddable":true,"href":"https:\/\/www.pr-neu.de\/newsroom\/wp-json\/wp\/v2\/users\/8"}],"replies":[{"embeddable":true,"href":"https:\/\/www.pr-neu.de\/newsroom\/wp-json\/wp\/v2\/comments?post=9236"}],"version-history":[{"count":7,"href":"https:\/\/www.pr-neu.de\/newsroom\/wp-json\/wp\/v2\/posts\/9236\/revisions"}],"predecessor-version":[{"id":11585,"href":"https:\/\/www.pr-neu.de\/newsroom\/wp-json\/wp\/v2\/posts\/9236\/revisions\/11585"}],"wp:featuredmedia":[{"embeddable":true,"href":"https:\/\/www.pr-neu.de\/newsroom\/wp-json\/wp\/v2\/media\/9237"}],"wp:attachment":[{"href":"https:\/\/www.pr-neu.de\/newsroom\/wp-json\/wp\/v2\/media?parent=9236"}],"wp:term":[{"taxonomy":"category","embeddable":true,"href":"https:\/\/www.pr-neu.de\/newsroom\/wp-json\/wp\/v2\/categories?post=9236"},{"taxonomy":"post_tag","embeddable":true,"href":"https:\/\/www.pr-neu.de\/newsroom\/wp-json\/wp\/v2\/tags?post=9236"}],"curies":[{"name":"wp","href":"https:\/\/api.w.org\/{rel}","templated":true}]}}