{"id":9229,"date":"2018-10-25T15:00:17","date_gmt":"2018-10-25T13:00:17","guid":{"rendered":"http:\/\/www.pr-nord.de\/newsroom\/?p=9229"},"modified":"2020-05-19T08:54:49","modified_gmt":"2020-05-19T06:54:49","slug":"konstruktive-meisterleistungen-in-glas","status":"publish","type":"post","link":"https:\/\/www.pr-neu.de\/newsroom\/konstruktive-meisterleistungen-in-glas\/","title":{"rendered":"Konstruktive Meisterleistungen in Glas"},"content":{"rendered":"<p>sedak auf der BAU 2019 \/ Halle C3, Stand 100:<br \/>\nIntegrale Glas-Konstruktionen, die das Machbare ausreizen<\/p>\n<p><strong>Extreme und au\u00dfergew\u00f6hnliche Glaskonstruktionen, die aus dem technologischen Vorsprung resultieren: Auf der BAU 2019 zeigt sedak (Halle C3\/Stand 100), zu welchen Leistungen der transparente Werkstoff imstande ist. Die ungew\u00f6hnlichen Exponate umfassen unter anderem einen 20 Meter langen Glasfin, der sich \u00fcber den Stand streckt, eine Zehn-Meter-Glaswippe und eine Ganzglasbr\u00fcstung mit besonderem Kniff. Mit dem Einstieg beim italienischen Spezialisten Sunglass Industry geh\u00f6rt nun au\u00dferdem das Warmbiegen zum sedak-Portfolio \u2013dazu gibt es ein f\u00fcnf Meter hohes Exponat. <\/strong><\/p>\n<p>Den sedak-Stand \u00fcberspannt eine filigrane Konstruktion, die das Knowhow des Unternehmens im Umgang mit Gl\u00e4sern im \u00dcberformat belegt: ein 20 Meter langer und 60 Zentimeter breiter Glasfin. Gehalten wird das 1,6 Tonnen schwere F\u00fcnffach-Laminat lediglich von zwei 30 Zentimeter langen Edelstahlarmen mit einem Durchmesser von nur 38 Millimetern, die in den Fin einlaminiert sind.<\/p>\n<p>Wie belastbar der Werkstoff ist, demonstriert eine Wippe ganz aus Glas. Das zehn Meter lange Bauteil balanciert auf einem einzigen Plexiglas-Stab. M\u00fchelos bewegt sich das 0,6 Tonnen schwere 11fach-Laminat um seine zentrale Achse und steht f\u00fcr die au\u00dfergew\u00f6hnliche Tragf\u00e4higkeit von Glas \u2013 jede Seite kann mit 150 Kilogramm belastet werden. Entstanden ist die komplett transparente Wippe in einer Kollaboration zwischen dem Ingenieurb\u00fcro Eckersley O\u2019Callaghan (London) und sedak.<\/p>\n<p><strong>Neuste Kompetenz: Warmbiegen<\/strong><\/p>\n<p>Beim Kaltbiegen werden Einzelscheiben abwechselnd mit SG-Folien in einer Biegevorrichtung zu einem Glaspaket zusammen gelegt und anschlie\u00dfend im Autoklaven bei zirka 140 Grad Celsius zu einem Glasverbund verschmolzen. Die Folien sorgen f\u00fcr die notwendige Schubsteifigkeit, damit das gebogene Glaspaket nach der Lamination im Autoklaven eigenst\u00e4ndig in der gekr\u00fcmmten Form bleibt. Beim Warmbiegen hingegen (auch Schwerkraftbiegen genannt) werden die Gl\u00e4ser bis zum Transformationspunkt auf etwa 600 Grad erhitzt. So passen sie sich durch die Schwerkraft einer vorher definierten Form an, anschlie\u00dfend werden sie kontrolliert abgek\u00fchlt.<\/p>\n<p>Durch den Einstieg beim italienischen Unternehmen Sunglass Industry s.r.l., das einer der Marktf\u00fchrer f\u00fcr gebogenes Architekturglas ist, hat sedak sein Portfolio um die Technologie des Warmbiegens erweitert. Ein warmgebogenes Glaslaminat, bestehend aus zwei jeweils 1,35 x 5,0 Meter gro\u00dfen Paneelen, demonstriert die Technik am sedak-Stand. Die zwei acht Millimeter dicken Gl\u00e4ser wurden zylindrisch gebogen und im Anschluss laminiert. Sie sind eine Replik der Gl\u00e4ser, die in die Fassade des neuen Firmensitzes von Sunglass Industry in Villafranca eingesetzt wurden. Der moderne Neubau wird im Hintergrund gro\u00dffl\u00e4chig gezeigt und erm\u00f6glicht die Skalierung des Exponates auf eine gr\u00f6\u00dfere Dimension.<\/p>\n<p><strong>Spezialist f\u00fcr Gr\u00f6\u00dfe mit Blick f\u00fcr Details<\/strong><\/p>\n<p>Neben den Gro\u00dfglas-Produkten bis zu 3,51 x 20 Meter entwickelt sedak auch gl\u00e4serne Details, die mit gro\u00dfer Wirkung neue Architekturwelten er\u00f6ffnen. So stellen die Gersthofener einen innovativen Abschluss f\u00fcr offene Glaskanten aus, wie er z.B. bei Glasbr\u00fcstungen oder Handl\u00e4ufen Verwendung finden kann: Eine auflaminierte Glasscheibe schlie\u00dft die Glasbr\u00fcstung sauber ab. Mit 17 Millimeter Breite, 6 Millimetern H\u00f6he und 2,5 Metern L\u00e4nge bildet die filigrane Meisterleistung mit hochpolierten Seiten einen absolut planen Abschluss aus Glas, der \u00e4sthetische Akzente setzt und funktional ist: Die sonst offene Glaskante des Glasverbunds ist so vor Witterungseinfl\u00fcssen gesch\u00fctzt. Zus\u00e4tzlich wirkt das auflaminierte Glas auch als Schlagschutz und erm\u00f6glicht Zweifach-Laminate, wo bislang gem\u00e4\u00df Bauvorschriften Dreifach-Laminate eingesetzt werden mussten.<\/p>\n<hr \/>\n<p><a href=\"http:\/\/www.pr-neu.de\/newsroom\/wordpress\/wp-content\/uploads\/2018\/10\/18-13_Glaswippe_G.jpg\"><img loading=\"lazy\" decoding=\"async\" class=\"size-medium wp-image-9294 aligncenter\" src=\"http:\/\/www.pr-neu.de\/newsroom\/wordpress\/wp-content\/uploads\/2018\/10\/18-13_Glaswippe_G-300x200.jpg\" alt=\"\" width=\"300\" height=\"200\" srcset=\"https:\/\/www.pr-neu.de\/newsroom\/wordpress\/wp-content\/uploads\/2018\/10\/18-13_Glaswippe_G-300x200.jpg 300w, https:\/\/www.pr-neu.de\/newsroom\/wordpress\/wp-content\/uploads\/2018\/10\/18-13_Glaswippe_G-768x512.jpg 768w, https:\/\/www.pr-neu.de\/newsroom\/wordpress\/wp-content\/uploads\/2018\/10\/18-13_Glaswippe_G-1024x683.jpg 1024w, https:\/\/www.pr-neu.de\/newsroom\/wordpress\/wp-content\/uploads\/2018\/10\/18-13_Glaswippe_G-110x73.jpg 110w, https:\/\/www.pr-neu.de\/newsroom\/wordpress\/wp-content\/uploads\/2018\/10\/18-13_Glaswippe_G-420x280.jpg 420w, https:\/\/www.pr-neu.de\/newsroom\/wordpress\/wp-content\/uploads\/2018\/10\/18-13_Glaswippe_G-645x430.jpg 645w, https:\/\/www.pr-neu.de\/newsroom\/wordpress\/wp-content\/uploads\/2018\/10\/18-13_Glaswippe_G.jpg 1795w\" sizes=\"auto, (max-width: 300px) 100vw, 300px\" \/><\/a><\/p>\n<p style=\"text-align: center;\">Eine Wippe ganz aus Glas, zehn Meter lang und je Seite mit 150 Kilogramm belastbar, symbolisiert in \u00e4sthetischer Vollendung die M\u00f6glichkeiten, die sedak-Glas im konstruktiven Bau er\u00f6ffnet.<br \/>\nFoto: sedak GmbH &amp; Co. KG<\/p>\n<p><a href=\"http:\/\/www.pr-neu.de\/newsroom\/wordpress\/wp-content\/uploads\/2018\/10\/18-13_Abschluss_G.jpg\" target=\"_blank\" rel=\"noopener noreferrer\"><img loading=\"lazy\" decoding=\"async\" class=\"aligncenter wp-image-9270 size-medium\" src=\"http:\/\/www.pr-neu.de\/newsroom\/wordpress\/wp-content\/uploads\/2018\/10\/18-13_Abschluss_G-201x300.jpg\" alt=\"\" width=\"201\" height=\"300\" srcset=\"https:\/\/www.pr-neu.de\/newsroom\/wordpress\/wp-content\/uploads\/2018\/10\/18-13_Abschluss_G-201x300.jpg 201w, https:\/\/www.pr-neu.de\/newsroom\/wordpress\/wp-content\/uploads\/2018\/10\/18-13_Abschluss_G-768x1144.jpg 768w, https:\/\/www.pr-neu.de\/newsroom\/wordpress\/wp-content\/uploads\/2018\/10\/18-13_Abschluss_G-687x1024.jpg 687w, https:\/\/www.pr-neu.de\/newsroom\/wordpress\/wp-content\/uploads\/2018\/10\/18-13_Abschluss_G-74x110.jpg 74w, https:\/\/www.pr-neu.de\/newsroom\/wordpress\/wp-content\/uploads\/2018\/10\/18-13_Abschluss_G-282x420.jpg 282w, https:\/\/www.pr-neu.de\/newsroom\/wordpress\/wp-content\/uploads\/2018\/10\/18-13_Abschluss_G-289x430.jpg 289w, https:\/\/www.pr-neu.de\/newsroom\/wordpress\/wp-content\/uploads\/2018\/10\/18-13_Abschluss_G.jpg 1205w\" sizes=\"auto, (max-width: 201px) 100vw, 201px\" \/><\/a><\/p>\n<p style=\"text-align: center;\">Detail mit gro\u00dfer Wirkung: Der absolut plane Abschluss<br \/>\nvon Glasbr\u00fcstungen mit einem extrem d\u00fcnnen, an den<br \/>\nSeiten hochpolierten und auflamierten Glas.<br \/>\nFoto: sedak GmbH &amp; Co. KG<\/p>\n<p><a href=\"http:\/\/www.pr-neu.de\/newsroom\/wordpress\/wp-content\/uploads\/2018\/10\/18-13_Fertigung_Glasfins_G-1.jpg\" target=\"_blank\" rel=\"noopener noreferrer\"><img loading=\"lazy\" decoding=\"async\" class=\"wp-image-9269 size-medium aligncenter\" src=\"http:\/\/www.pr-neu.de\/newsroom\/wordpress\/wp-content\/uploads\/2018\/10\/18-13_Fertigung_Glasfins_G-1-300x201.jpg\" alt=\"\" width=\"300\" height=\"201\" srcset=\"https:\/\/www.pr-neu.de\/newsroom\/wordpress\/wp-content\/uploads\/2018\/10\/18-13_Fertigung_Glasfins_G-1-300x201.jpg 300w, https:\/\/www.pr-neu.de\/newsroom\/wordpress\/wp-content\/uploads\/2018\/10\/18-13_Fertigung_Glasfins_G-1-768x516.jpg 768w, https:\/\/www.pr-neu.de\/newsroom\/wordpress\/wp-content\/uploads\/2018\/10\/18-13_Fertigung_Glasfins_G-1-1024x687.jpg 1024w, https:\/\/www.pr-neu.de\/newsroom\/wordpress\/wp-content\/uploads\/2018\/10\/18-13_Fertigung_Glasfins_G-1-110x74.jpg 110w, https:\/\/www.pr-neu.de\/newsroom\/wordpress\/wp-content\/uploads\/2018\/10\/18-13_Fertigung_Glasfins_G-1-420x282.jpg 420w, https:\/\/www.pr-neu.de\/newsroom\/wordpress\/wp-content\/uploads\/2018\/10\/18-13_Fertigung_Glasfins_G-1-641x430.jpg 641w, https:\/\/www.pr-neu.de\/newsroom\/wordpress\/wp-content\/uploads\/2018\/10\/18-13_Fertigung_Glasfins_G-1.jpg 1795w\" sizes=\"auto, (max-width: 300px) 100vw, 300px\" \/><\/a><\/p>\n<p style=\"text-align: center;\">Glasfins, von sedak bis zu einer L\u00e4nge von 20 Metern lieferbar,<br \/>\nsind tragende Elemente von Ganzglasfassaden. Einen 20 Meter<br \/>\nlangen und 1,6 Tonnen schweren Glasfin zeigt sedak auf<br \/>\nder BAU (Halle C3, Stand 100)<br \/>\nFoto: sedak GmbH &amp; Co. KG<\/p>\n<hr \/>\n<p><strong>R\u00fcckfragen beantwortet gern<\/strong><\/p>\n<table>\n<tbody>\n<tr>\n<td valign=\"top\" width=\"260\" height=\"25\"><strong>sedak GmbH &amp; Co. KG<br \/>\n<\/strong>Tatjana Vinkovic<br \/>\nTel.: +49(0)821\/2494-823<br \/>\nFax: +49(0)821\/2494-777<br \/>\nE-Mail: <a href=\"&#x6d;&#x61;&#x69;&#x6c;&#116;&#111;&#58;&#116;atj&#x61;&#x6e;&#x61;&#x2e;&#x76;&#105;&#110;&#107;ovi&#x63;&#x40;&#x73;&#x65;&#x64;&#97;&#107;&#46;com\">&#116;&#x61;t&#106;&#x61;n&#x61;&#x2e;&#118;&#x69;n&#107;&#x6f;v&#105;&#x63;&#64;&#x73;e&#100;&#x61;k&#46;&#x63;&#111;&#x6d;<\/a><\/td>\n<td colspan=\"3\" valign=\"top\" width=\"260\" height=\"21\"><\/td>\n<\/tr>\n<\/tbody>\n<\/table>\n<hr noshade=\"noshade\" size=\"1\" \/>\n<p><strong>Leading glass<\/strong><\/p>\n<p>Der Glasveredler sedak (Gersthofen), gegr\u00fcndet 2007, hat sich mit mittlerweile 170 Mitarbeitern zum weltweiten Technologie- und Innovationsf\u00fchrer f\u00fcr gro\u00dfformatige Isolier- und Sicherheitsgl\u00e4ser entwickelt. Nach zehnj\u00e4hriger Erfahrung in der Produktion von Scheiben in \u00dcbergr\u00f6\u00dfen und dem kontinuierlichen Ausbau der Automatisierung, gilt sedak als wegweisender Spezialist in diesem know-how-intensiven Segment. Die Scheiben reichen bis 3,51 x 20 Meter \u2013 bearbeitet, vorgespannt, laminiert, bedruckt, beschichtet und laminationsgebogen. Kernkompetenzen sind Glaslamination, Kantenbearbeitung und das Spezialwissen bei der Produktion von Glasbauteilen mit zus\u00e4tzlichen funktionalen und dekorativen Elementen. Die Fertigung ist auf die extremen Glasgr\u00f6\u00dfen und -gewichte optimiert, s\u00e4mtliche Veredelungsschritte erfolgen inhouse und hochautomatisiert. Als Full-Supplier f\u00fcr Gl\u00e4ser bis 20 Meter versteht sich sedak als Partner f\u00fcr Architekten, Planer und Fassadenbauer. Herausragende Referenzen sind u. a. das Haus der Europ\u00e4ischen Geschichte in Br\u00fcssel, die medizinische Fakult\u00e4t in Montpellier, der Torre Europa in Madrid, der Brookfield Place New York, die UNO Genf, der Apple Park in Cupertino, der Apple-Cube New York, die Experimenta in Heilbronn sowie zahlreiche eindrucksvolle Premium-Flagship-Stores weltweit.<\/p>\n<hr noshade=\"noshade\" size=\"1\" \/>\n<p><strong>Anwendungsgebiete<\/strong><\/p>\n<ul>\n<li>Glasfassaden<\/li>\n<li>Glasd\u00e4cher<\/li>\n<li>Glastreppen<\/li>\n<li>Glasbr\u00fcstungen<\/li>\n<li>Schiffsbau<\/li>\n<li>Sicherheitsverglasungen<\/li>\n<li>Ganzglaskonstruktionen<\/li>\n<li>Innenarchitektur<\/li>\n<li>Sonderanfertigung<\/li>\n<\/ul>\n","protected":false},"excerpt":{"rendered":"<p>Extreme und au\u00dfergew\u00f6hnliche Glaskonstruktionen, die aus dem technologischen Vorsprung resultieren: Auf der BAU 2019 zeigt sedak (Halle C3 \/ Stand 100), zu welchen Leistungen der transparente Werkstoff imstande ist.<\/p>\n<table border=\"0\" width=\"95%\">\n<tbody>\n<tr>\n<td><!-- AddThis Button BEGIN --><\/p>\n<div class=\"addthis_toolbox addthis_default_style\">\n<div><a class=\"addthis_button_compact\" href=\"http:\/\/www.addthis.com\/bookmark.php?v=250&amp;username=xa-4bcef6844aa77bdd\">Share<\/a><span class=\"addthis_separator\">|<\/span><a class=\"addthis_button_facebook\"><\/a><a class=\"addthis_button_myspace\"><\/a><a class=\"addthis_button_google\"><\/a><a class=\"addthis_button_twitter\"><\/a><\/div>\n<\/div>\n<p><script src=\"http:\/\/s7.addthis.com\/js\/250\/addthis_widget.js#username=xa-4bcef6844aa77bdd\" type=\"text\/javascript\"><\/script><!-- AddThis Button END --><\/td>\n<\/tr>\n<\/tbody>\n<\/table>\n","protected":false},"author":6,"featured_media":9269,"comment_status":"closed","ping_status":"open","sticky":false,"template":"","format":"standard","meta":{"footnotes":""},"categories":[12],"tags":[],"class_list":["post-9229","post","type-post","status-publish","format-standard","has-post-thumbnail","hentry","category-sedak"],"_links":{"self":[{"href":"https:\/\/www.pr-neu.de\/newsroom\/wp-json\/wp\/v2\/posts\/9229","targetHints":{"allow":["GET"]}}],"collection":[{"href":"https:\/\/www.pr-neu.de\/newsroom\/wp-json\/wp\/v2\/posts"}],"about":[{"href":"https:\/\/www.pr-neu.de\/newsroom\/wp-json\/wp\/v2\/types\/post"}],"author":[{"embeddable":true,"href":"https:\/\/www.pr-neu.de\/newsroom\/wp-json\/wp\/v2\/users\/6"}],"replies":[{"embeddable":true,"href":"https:\/\/www.pr-neu.de\/newsroom\/wp-json\/wp\/v2\/comments?post=9229"}],"version-history":[{"count":8,"href":"https:\/\/www.pr-neu.de\/newsroom\/wp-json\/wp\/v2\/posts\/9229\/revisions"}],"predecessor-version":[{"id":11613,"href":"https:\/\/www.pr-neu.de\/newsroom\/wp-json\/wp\/v2\/posts\/9229\/revisions\/11613"}],"wp:featuredmedia":[{"embeddable":true,"href":"https:\/\/www.pr-neu.de\/newsroom\/wp-json\/wp\/v2\/media\/9269"}],"wp:attachment":[{"href":"https:\/\/www.pr-neu.de\/newsroom\/wp-json\/wp\/v2\/media?parent=9229"}],"wp:term":[{"taxonomy":"category","embeddable":true,"href":"https:\/\/www.pr-neu.de\/newsroom\/wp-json\/wp\/v2\/categories?post=9229"},{"taxonomy":"post_tag","embeddable":true,"href":"https:\/\/www.pr-neu.de\/newsroom\/wp-json\/wp\/v2\/tags?post=9229"}],"curies":[{"name":"wp","href":"https:\/\/api.w.org\/{rel}","templated":true}]}}