{"id":9199,"date":"2018-10-25T15:00:16","date_gmt":"2018-10-25T13:00:16","guid":{"rendered":"http:\/\/www.pr-nord.de\/newsroom\/?p=9199"},"modified":"2020-05-19T08:55:38","modified_gmt":"2020-05-19T06:55:38","slug":"individuelle-glasvielfalt-mit-extremen-sondermassen","status":"publish","type":"post","link":"https:\/\/www.pr-neu.de\/newsroom\/individuelle-glasvielfalt-mit-extremen-sondermassen\/","title":{"rendered":"Individuelle Glasvielfalt mit extremen Sonderma\u00dfen"},"content":{"rendered":"<p>Neue Lobby des Torre Europa: Ma\u00dfarbeit am Rande des Machbaren<\/p>\n<p><strong>Stolze 121 Meter ragt der Torre Europa in Madrid in Richtung Himmel. Das 33 Jahre alte Bauwerk in der spanischen Hauptstadt wurde jetzt aufwendig saniert und modernisiert: Am Fu\u00dfe des Turms bildet ein neuer Glas-Kubus aus 55 sedak-Gl\u00e4sern den repr\u00e4sentativen Eingang in den B\u00fcroturm. Der 10 x 10 x 12 Meter gro\u00dfe W\u00fcrfel schmiegt sich an das Geb\u00e4ude und bietet durch zwei tragende Glasfassaden freien Blick auf das schr\u00e4g gegen\u00fcber liegende, altehrw\u00fcrdige Santiago-Bernabeu-Stadion und die zentrale Nord-S\u00fcd-Achse der Stadt. Zugleich verleiht die transparente Lobby dem aus der Ferne verschlossen anmutenden Koloss aus der N\u00e4he einen einladenden, offenen Charakter. Stilistisch greifen die bis zu zehn Meter hohen Gl\u00e4ser von sedak (Gersthofen) das \u00fcberragende Wesen des Turms auf. Eine ungew\u00f6hnliche Aufgabe f\u00fcr die Gro\u00dfglasspezialisten: Die tragenden Glasbeams im Kubus-Dach erreichen ein Seitenverh\u00e4ltnis bis zu 1:84.<\/strong><\/p>\n<p>Der ikonische Torre Europa thront seit 1985 inmitten von Madrid. Das f\u00fcr kurze Zeit h\u00f6chste Geb\u00e4ude der Stadt erinnert mit seinen schmalen Fenstern und der lamellenartig durchzogenen Fassade an das World Trade Center. Die strenge Architektur des B\u00fcroturms wird jetzt durch die neue Lobby an der Nordseite des Geb\u00e4udes aufgebrochen. Die Architekten von Callison RTKL formulierten einen ger\u00e4umigen Kubus, der sich an den Torre Europa lehnt und zur Prachtstra\u00dfe hin mit Ganzglasfassaden einladend \u00f6ffnet. Sein konstruktives Ger\u00fcst bilden sedak-Glasfins. Die Glasfassade aus 3,0 mal knapp 10 Meter gro\u00dfen Paneelen wird von bis zu 60 Zentimeter schmalen Fins getragen. Die feinen St\u00fctzen wahren die maximale Transparenz des Kubus. In diese laminierten die Gersthofener als Halterungen bis zu acht Titan-Fittings, die vom Auftraggeber Bellapart bereitgestellt wurden. Um die nicht rechtwinklige Grundfl\u00e4che zu erm\u00f6glichen, realisierte sedak zudem Kantengehrungen bis 39 Grad.<\/p>\n<p>Die Fins verbinden die Glasfassade mit der feingliedrigen Glas-Stahlkonstruktion der Dachkonstruktion. In der sind Glas-Beams mit au\u00dfergew\u00f6hnlichen Seitenverh\u00e4ltnissen eingesetzt, die die sonst \u00fcblichen Relationen bis maximal 1:20 um ein Vielfaches \u00fcbertreffen: Die Beams verengen sich, bei einer L\u00e4nge von knapp zw\u00f6lf Metern, von 35 Zentimetern an der breitesten Stelle auf gerade einmal 15 Zentimeter \u2013 ein Seitenverh\u00e4ltnis von 1:84! Trotz extremer Relationen garantiert sedak auch f\u00fcr Mehrfachlaminate eine best\u00e4ndige optische Qualit\u00e4t und die Ma\u00dfhaltigkeit des Kantenversatzes sowie die Geradlinigkeit der Gl\u00e4ser. Die Beams erf\u00fcllen die h\u00f6chsten Anspr\u00fcche der transparenten Architektur. So gibt das gl\u00e4serne Dach den Blick bis zur Spitze des immer noch siebth\u00f6chsten Geb\u00e4ude Madrids frei \u2013 mitgetragen wird es von den Fassadenfins.<\/p>\n<p>Das sich nach Norden hin \u00f6ffnende Entr\u00e9e kommt dabei ohne zus\u00e4tzliche Verschattungsl\u00f6sungen aus und kann sich in seiner Wirkung voll entfalten. Die acht Isoliergl\u00e4ser f\u00fcr das Kubus-Dach wurden von sedak mit einem feinen keramischen Streifendruck dekorativ veredelt. Erg\u00e4nzend wurde eine Sonnenschutzbeschichtung aufgetragen. Die horizontal verbauten Gl\u00e4ser messen bis zu zw\u00f6lf Meter und gehen nahtlos in die auskragende Dachkonstruktion \u00fcber. Die schwingt sich um das Geb\u00e4ude und unterstreicht die filigrane Kubus-Konstruktion wie mit einem Federstrich gesetzt.<\/p>\n<hr \/>\n<p><strong>Bautafel<\/strong><\/p>\n<p><strong>Architekten:<\/strong> Callison RTKL<br \/>\n<strong>Fassadenbauer:<\/strong> Bellapart<br \/>\n<strong>Ort:<\/strong> Madrid, Spanien<br \/>\n<strong>Realisation:<\/strong> M\u00e4rz 2018<br \/>\n<strong>Verbaute Glaselemente:<\/strong> 55 Gl\u00e4ser<\/p>\n<p><strong>Glasdach<\/strong><\/p>\n<p><em>Tragende Glasbeams<\/em><br \/>\nMaximall\u00e4nge von 11,71m<br \/>\nMinimalbreite von 0,35m, die sich auf 0,15m verj\u00fcngt<br \/>\nMaximales Seitenverh\u00e4ltnis dadurch 1:84<\/p>\n<p><em>\u00dcberdachung<br \/>\n<\/em>Gl\u00e4ser mit Maximall\u00e4nge von 12m<br \/>\nAcht Isoliergl\u00e4ser, versehen mit digitalem Streifendruck und W\u00e4rme- und Sonnenschutzbeschichtung<br \/>\nAbsch\u00fcssige Konstruktion des Dachs f\u00fcr den Wasserablauf<\/p>\n<p><strong>Glasfassade<\/strong><\/p>\n<p>Gl\u00e4ser mit Maximalh\u00f6he von 9,7m mit einlaminierten Titan-Fittings (bereitgestellt von Bellapart)<br \/>\nTragende Glasfins mit Ma\u00dfen bis 9,7m x 0,6m<\/p>\n<hr \/>\n<p style=\"text-align: center;\"><a href=\"http:\/\/www.pr-neu.de\/newsroom\/wordpress\/wp-content\/uploads\/2018\/10\/18-11_Torre_Front_G.jpg\" target=\"_blank\" rel=\"noopener noreferrer\"><img loading=\"lazy\" decoding=\"async\" class=\"aligncenter wp-image-9202 size-medium\" src=\"http:\/\/www.pr-neu.de\/newsroom\/wordpress\/wp-content\/uploads\/2018\/10\/18-11_Torre_Front_G-294x300.jpg\" alt=\"\" width=\"294\" height=\"300\" srcset=\"https:\/\/www.pr-neu.de\/newsroom\/wordpress\/wp-content\/uploads\/2018\/10\/18-11_Torre_Front_G-294x300.jpg 294w, https:\/\/www.pr-neu.de\/newsroom\/wordpress\/wp-content\/uploads\/2018\/10\/18-11_Torre_Front_G-768x785.jpg 768w, https:\/\/www.pr-neu.de\/newsroom\/wordpress\/wp-content\/uploads\/2018\/10\/18-11_Torre_Front_G-1002x1024.jpg 1002w, https:\/\/www.pr-neu.de\/newsroom\/wordpress\/wp-content\/uploads\/2018\/10\/18-11_Torre_Front_G-108x110.jpg 108w, https:\/\/www.pr-neu.de\/newsroom\/wordpress\/wp-content\/uploads\/2018\/10\/18-11_Torre_Front_G-411x420.jpg 411w, https:\/\/www.pr-neu.de\/newsroom\/wordpress\/wp-content\/uploads\/2018\/10\/18-11_Torre_Front_G-421x430.jpg 421w, https:\/\/www.pr-neu.de\/newsroom\/wordpress\/wp-content\/uploads\/2018\/10\/18-11_Torre_Front_G.jpg 1795w\" sizes=\"auto, (max-width: 294px) 100vw, 294px\" \/><\/a><br \/>\nDer gl\u00e4serene Kubus fungiert als repr\u00e4sentativer<br \/>\nEingangsbereich in den B\u00fcroturm \u201eTorre Europa\u201c.<br \/>\nFoto: Bellapart<\/p>\n<p style=\"text-align: center;\"><a href=\"http:\/\/www.pr-neu.de\/newsroom\/wordpress\/wp-content\/uploads\/2018\/10\/18-11_Lobby_innen_G.jpg\" target=\"_blank\" rel=\"noopener noreferrer\"><img loading=\"lazy\" decoding=\"async\" class=\"aligncenter wp-image-9203 size-medium\" src=\"http:\/\/www.pr-neu.de\/newsroom\/wordpress\/wp-content\/uploads\/2018\/10\/18-11_Lobby_innen_G-300x210.jpg\" alt=\"\" width=\"300\" height=\"210\" srcset=\"https:\/\/www.pr-neu.de\/newsroom\/wordpress\/wp-content\/uploads\/2018\/10\/18-11_Lobby_innen_G-300x210.jpg 300w, https:\/\/www.pr-neu.de\/newsroom\/wordpress\/wp-content\/uploads\/2018\/10\/18-11_Lobby_innen_G-768x539.jpg 768w, https:\/\/www.pr-neu.de\/newsroom\/wordpress\/wp-content\/uploads\/2018\/10\/18-11_Lobby_innen_G-1024x718.jpg 1024w, https:\/\/www.pr-neu.de\/newsroom\/wordpress\/wp-content\/uploads\/2018\/10\/18-11_Lobby_innen_G-110x77.jpg 110w, https:\/\/www.pr-neu.de\/newsroom\/wordpress\/wp-content\/uploads\/2018\/10\/18-11_Lobby_innen_G-420x295.jpg 420w, https:\/\/www.pr-neu.de\/newsroom\/wordpress\/wp-content\/uploads\/2018\/10\/18-11_Lobby_innen_G-613x430.jpg 613w, https:\/\/www.pr-neu.de\/newsroom\/wordpress\/wp-content\/uploads\/2018\/10\/18-11_Lobby_innen_G.jpg 1795w\" sizes=\"auto, (max-width: 300px) 100vw, 300px\" \/><\/a><br \/>\nDie Glasfassade erlaubt einen freien Blick<br \/>\nauf die zentrale Nord-S\u00fcd-Achse Madrids und<br \/>\nschafft eine einladende Atmosph\u00e4re.<br \/>\nFoto: Bellapart<\/p>\n<p style=\"text-align: center;\"><a href=\"http:\/\/www.pr-neu.de\/newsroom\/wordpress\/wp-content\/uploads\/2018\/10\/18-11_Torre_Eingang_G.jpg\" target=\"_blank\" rel=\"noopener noreferrer\"><img loading=\"lazy\" decoding=\"async\" class=\"aligncenter wp-image-9201 size-medium\" src=\"http:\/\/www.pr-neu.de\/newsroom\/wordpress\/wp-content\/uploads\/2018\/10\/18-11_Torre_Eingang_G-300x217.jpg\" alt=\"\" width=\"300\" height=\"217\" srcset=\"https:\/\/www.pr-neu.de\/newsroom\/wordpress\/wp-content\/uploads\/2018\/10\/18-11_Torre_Eingang_G-300x217.jpg 300w, https:\/\/www.pr-neu.de\/newsroom\/wordpress\/wp-content\/uploads\/2018\/10\/18-11_Torre_Eingang_G-768x557.jpg 768w, https:\/\/www.pr-neu.de\/newsroom\/wordpress\/wp-content\/uploads\/2018\/10\/18-11_Torre_Eingang_G-1024x742.jpg 1024w, https:\/\/www.pr-neu.de\/newsroom\/wordpress\/wp-content\/uploads\/2018\/10\/18-11_Torre_Eingang_G-110x80.jpg 110w, https:\/\/www.pr-neu.de\/newsroom\/wordpress\/wp-content\/uploads\/2018\/10\/18-11_Torre_Eingang_G-420x304.jpg 420w, https:\/\/www.pr-neu.de\/newsroom\/wordpress\/wp-content\/uploads\/2018\/10\/18-11_Torre_Eingang_G-593x430.jpg 593w, https:\/\/www.pr-neu.de\/newsroom\/wordpress\/wp-content\/uploads\/2018\/10\/18-11_Torre_Eingang_G.jpg 1795w\" sizes=\"auto, (max-width: 300px) 100vw, 300px\" \/><\/a><br \/>\nDer modernisierte Eingangsbereich des Torre<br \/>\nEuropas greift die Architektur des B\u00fcroturms auf.<br \/>\nFoto: Bellapart<\/p>\n<hr \/>\n<p><strong>R\u00fcckfragen beantworten gern<\/strong><\/p>\n<table>\n<tbody>\n<tr>\n<td valign=\"top\" width=\"260\" height=\"25\"><strong>sedak GmbH &amp; Co. KG<br \/>\n<\/strong>Tatjana Vinkovic<br \/>\nTel.: +49(0)821\/2494-823<br \/>\nFax: +49(0)821\/2494-777<br \/>\nE-Mail: <a href=\"&#x6d;&#x61;&#105;l&#x74;&#x6f;&#58;ta&#x74;&#x6a;&#97;n&#x61;&#x2e;&#118;&#105;n&#x6b;&#x6f;&#118;i&#x63;&#x40;&#115;&#101;d&#x61;&#x6b;&#46;c&#x6f;&#x6d;\">&#x74;&#x61;&#x74;&#x6a;&#x61;&#x6e;&#x61;&#x2e;&#118;&#105;&#110;&#107;&#111;&#118;&#105;c&#64;se&#x64;&#x61;&#x6b;&#x2e;&#x63;&#x6f;&#x6d;<\/a><\/td>\n<td colspan=\"3\" valign=\"top\" width=\"260\" height=\"21\"><\/td>\n<\/tr>\n<\/tbody>\n<\/table>\n<p>Abdruck honorarfrei, Belegexemplar erbeten<\/p>\n<hr noshade=\"noshade\" size=\"1\" \/>\n<p><strong>Leading glass<\/strong><\/p>\n<p>Der Glasveredler sedak (Gersthofen), gegr\u00fcndet 2007, hat sich mit mittlerweile 170 Mitarbeitern zum weltweiten Technologie- und Innovationsf\u00fchrer f\u00fcr gro\u00dfformatige Isolier- und Sicherheitsgl\u00e4ser entwickelt. Nach zehnj\u00e4hriger Erfahrung in der Produktion von Scheiben in \u00dcbergr\u00f6\u00dfen und dem kontinuierlichen Ausbau der Automatisierung, gilt sedak als wegweisender Spezialist in diesem know-how-intensiven Segment. Die Scheiben reichen bis 3,51 x 20 Meter \u2013 bearbeitet, vorgespannt, laminiert, bedruckt, beschichtet und laminationsgebogen. Kernkompetenzen sind Glaslamination, Kantenbearbeitung und das Spezialwissen bei der Produktion von Glasbauteilen mit zus\u00e4tzlichen funktionalen und dekorativen Elementen. Die Fertigung ist auf die extremen Glasgr\u00f6\u00dfen und -gewichte optimiert, s\u00e4mtliche Veredelungsschritte erfolgen inhouse und hochautomatisiert. Als Full-Supplier f\u00fcr Gl\u00e4ser bis 20 Meter versteht sich sedak als Partner f\u00fcr Architekten, Planer und Fassadenbauer. Herausragende Referenzen sind u. a. das Haus der Europ\u00e4ischen Geschichte in Br\u00fcssel, die medizinische Fakult\u00e4t in Montpellier, der Torre Europa in Madrid, der Brookfield Place New York, die UNO Genf, der Apple Park in Cupertino, der Apple-Cube New York, die Experimenta in Heilbronn sowie zahlreiche eindrucksvolle Premium-Flagship-Stores weltweit.<\/p>\n<hr noshade=\"noshade\" size=\"1\" \/>\n<p><strong>Anwendungsgebiete<\/strong><\/p>\n<ul>\n<li>Glasfassaden<\/li>\n<li>Glasd\u00e4cher<\/li>\n<li>Glastreppen<\/li>\n<li>Glasbr\u00fcstungen<\/li>\n<li>Schiffsbau<\/li>\n<li>Sicherheitsverglasungen<\/li>\n<li>Ganzglaskonstruktionen<\/li>\n<li>Innenarchitektur<\/li>\n<li>Sonderanfertigung<\/li>\n<\/ul>\n","protected":false},"excerpt":{"rendered":"<p>Stolze 121 Meter ragt der Torre Europa in Madrid in Richtung Himmel. Das 33 Jahre alte Bauwerk in der spanischen Hauptstadt wurde jetzt aufwendig saniert und modernisiert.<\/p>\n<table border=\"0\" width=\"95%\">\n<tbody>\n<tr>\n<td><!-- AddThis Button BEGIN --><\/p>\n<div class=\"addthis_toolbox addthis_default_style\">\n<div><a class=\"addthis_button_compact\" href=\"http:\/\/www.addthis.com\/bookmark.php?v=250&amp;username=xa-4bcef6844aa77bdd\">Share<\/a><span class=\"addthis_separator\">|<\/span><a class=\"addthis_button_facebook\"><\/a><a class=\"addthis_button_myspace\"><\/a><a class=\"addthis_button_google\"><\/a><a class=\"addthis_button_twitter\"><\/a><\/div>\n<\/div>\n<p><script src=\"http:\/\/s7.addthis.com\/js\/250\/addthis_widget.js#username=xa-4bcef6844aa77bdd\" type=\"text\/javascript\"><\/script><!-- AddThis Button END --><\/td>\n<\/tr>\n<\/tbody>\n<\/table>\n","protected":false},"author":6,"featured_media":9203,"comment_status":"closed","ping_status":"open","sticky":false,"template":"","format":"standard","meta":{"footnotes":""},"categories":[12],"tags":[],"class_list":["post-9199","post","type-post","status-publish","format-standard","has-post-thumbnail","hentry","category-sedak"],"_links":{"self":[{"href":"https:\/\/www.pr-neu.de\/newsroom\/wp-json\/wp\/v2\/posts\/9199","targetHints":{"allow":["GET"]}}],"collection":[{"href":"https:\/\/www.pr-neu.de\/newsroom\/wp-json\/wp\/v2\/posts"}],"about":[{"href":"https:\/\/www.pr-neu.de\/newsroom\/wp-json\/wp\/v2\/types\/post"}],"author":[{"embeddable":true,"href":"https:\/\/www.pr-neu.de\/newsroom\/wp-json\/wp\/v2\/users\/6"}],"replies":[{"embeddable":true,"href":"https:\/\/www.pr-neu.de\/newsroom\/wp-json\/wp\/v2\/comments?post=9199"}],"version-history":[{"count":3,"href":"https:\/\/www.pr-neu.de\/newsroom\/wp-json\/wp\/v2\/posts\/9199\/revisions"}],"predecessor-version":[{"id":11614,"href":"https:\/\/www.pr-neu.de\/newsroom\/wp-json\/wp\/v2\/posts\/9199\/revisions\/11614"}],"wp:featuredmedia":[{"embeddable":true,"href":"https:\/\/www.pr-neu.de\/newsroom\/wp-json\/wp\/v2\/media\/9203"}],"wp:attachment":[{"href":"https:\/\/www.pr-neu.de\/newsroom\/wp-json\/wp\/v2\/media?parent=9199"}],"wp:term":[{"taxonomy":"category","embeddable":true,"href":"https:\/\/www.pr-neu.de\/newsroom\/wp-json\/wp\/v2\/categories?post=9199"},{"taxonomy":"post_tag","embeddable":true,"href":"https:\/\/www.pr-neu.de\/newsroom\/wp-json\/wp\/v2\/tags?post=9199"}],"curies":[{"name":"wp","href":"https:\/\/api.w.org\/{rel}","templated":true}]}}