{"id":9182,"date":"2018-10-25T15:00:17","date_gmt":"2018-10-25T13:00:17","guid":{"rendered":"http:\/\/www.pr-nord.de\/newsroom\/?p=9182"},"modified":"2020-05-19T08:54:36","modified_gmt":"2020-05-19T06:54:36","slug":"imposante-verbindung-zwischen-tradition-und-moderne","status":"publish","type":"post","link":"https:\/\/www.pr-neu.de\/newsroom\/imposante-verbindung-zwischen-tradition-und-moderne\/","title":{"rendered":"Imposante Verbindung zwischen Tradition und Moderne"},"content":{"rendered":"<p>Tragende Glasfins f\u00fcr die Universit\u00e4t Montpellier<\/p>\n<p><strong>Kompromisslose Transparenz auf 780 Quadratmetern \u2013 diese ist bei der zw\u00f6lf Meter hohen, 65 Meter breiten Ganzglasfassade der Medizinischen Fakult\u00e4t der Universit\u00e4t Montpellier vor allem den tragenden Glasfins zu verdanken. Mit ihnen lie\u00df sich die architektonische Leitidee von Fran\u00e7ois Fontes optimal realisieren: Der Neubau versinnbildlicht Tradition und Exzellenz der Fakult\u00e4t. Beispielhaft gel\u00f6st zudem das Miteinander der Baubeteiligten. Auch durch ihr professionelles Agieren f\u00fcgen sich hochkomplexe Bauteile wie in einem Puzzle zu einem harmonischen Ganzen. F\u00fcr den konstruktiven Glasbau der Hauptfassade und dreier Nebenfassaden lieferte sedak insgesamt 28 Glasfins bis zu 12,68 Meter H\u00f6he.<\/strong><\/p>\n<p>Die Universit\u00e4t in der franz\u00f6sischen Mittelmeer-Metropole Montpellier blickt auf eine Geschichte bis in das 13. Jahrhundert zur\u00fcck. Die Medizinische Fakult\u00e4t, 1220 gegr\u00fcndet, ist gar die \u00e4lteste bestehende weltweit. Und sie wendet sich selbstbewusst der Zukunft zu. Daf\u00fcr steht der rund 46 Millionen Euro teure Neubau: Ein in Frankreich in dieser Form einzigartiger, hochmoderner Zusammenschluss von Instituten diverser Fachbereiche unter einem Dach mit Platz f\u00fcr f\u00fcnf H\u00f6rs\u00e4le sowie 25 Lehr- und Arbeitsr\u00e4umen, in denen 3.600 Studenten ausgebildet werden.<\/p>\n<p>Die imposante Ganzglasfassade bildet das Gesicht des modernen Geb\u00e4udes. Glasfins aus Gersthofen tragen die 780 Quadratmeter: Vierfach-Laminate aus 10 Millimeter Wei\u00dfglas (sedak GlasCobond) und 1,52 Millimeter SG-Folie zwischen den Laminaten erstrecken sich vom Boden bis zur Decke. Mit dieser Transparenz wird ein unverstellter Blick in den Geb\u00e4udekorpus gew\u00e4hrt, der mit zahlreichen S\u00e4ulen skelettal durchzogen ist. Jeder der bis zu 4,8 Tonnen schweren Fins wurde mit jeweils f\u00fcnf Titan-Fittings zwischen Layer zwei und drei versehen. Die Anschlussteile wurden (ebenso wie die Stahl-Ober- und -U-Profile) vom Auftraggeber geliefert und von sedak im Produktionsprozess in die Gl\u00e4ser eingearbeitet. \u201eWir produzierten den gesamten Auftrag in nur zw\u00f6lf Wochen und hielten somit die Vorgaben deutlich ein. Insgesamt lief das gesamte Projekt reibungslos und alle Puzzleteile haben perfekt zueinander gepasst\u201c, bilanzierte sedak-Gesch\u00e4ftsf\u00fchrer Bernhard Veh zufrieden.<\/p>\n<hr \/>\n<p><strong>Bautafel<\/strong><\/p>\n<p><strong>Standort:<\/strong> 75 Rue Professeurs Truc, 34090 Montpellier, Frankreich<br \/>\n<strong>Architekt:<\/strong> Fran\u00e7ois Fontes (SARL Fontes Architecture)<br \/>\n<strong>Bauherr:<\/strong> Medizinische Fakult\u00e4t, Universit\u00e4t Montpellier<br \/>\n<strong>Fertigstellung:<\/strong> 09\/2017<\/p>\n<p><strong>sedak-Leistungen:<\/strong><br \/>\n28 Glasfins bis 0,7 x 12,68 Meter<\/p>\n<hr \/>\n<p><a href=\"http:\/\/www.pr-neu.de\/newsroom\/wordpress\/wp-content\/uploads\/2018\/10\/18-06_Montpellier_01_G.jpg\" target=\"_blank\" rel=\"noopener noreferrer\"><img loading=\"lazy\" decoding=\"async\" class=\"aligncenter wp-image-9183 size-medium\" src=\"http:\/\/www.pr-neu.de\/newsroom\/wordpress\/wp-content\/uploads\/2018\/10\/18-06_Montpellier_01_G-300x200.jpg\" alt=\"\" width=\"300\" height=\"200\" srcset=\"https:\/\/www.pr-neu.de\/newsroom\/wordpress\/wp-content\/uploads\/2018\/10\/18-06_Montpellier_01_G-300x200.jpg 300w, https:\/\/www.pr-neu.de\/newsroom\/wordpress\/wp-content\/uploads\/2018\/10\/18-06_Montpellier_01_G-768x512.jpg 768w, https:\/\/www.pr-neu.de\/newsroom\/wordpress\/wp-content\/uploads\/2018\/10\/18-06_Montpellier_01_G-1024x683.jpg 1024w, https:\/\/www.pr-neu.de\/newsroom\/wordpress\/wp-content\/uploads\/2018\/10\/18-06_Montpellier_01_G-110x73.jpg 110w, https:\/\/www.pr-neu.de\/newsroom\/wordpress\/wp-content\/uploads\/2018\/10\/18-06_Montpellier_01_G-420x280.jpg 420w, https:\/\/www.pr-neu.de\/newsroom\/wordpress\/wp-content\/uploads\/2018\/10\/18-06_Montpellier_01_G-645x430.jpg 645w, https:\/\/www.pr-neu.de\/newsroom\/wordpress\/wp-content\/uploads\/2018\/10\/18-06_Montpellier_01_G.jpg 1795w\" sizes=\"auto, (max-width: 300px) 100vw, 300px\" \/><\/a><\/p>\n<p style=\"text-align: center;\">Mit seiner riesigen Glasfassade l\u00e4dt die Medizinische<br \/>\nFakult\u00e4t der Universit\u00e4t Montpellier ein und bietet einen<br \/>\noffenen Blick in den Geb\u00e4udekorpus.<br \/>\nFoto: Bellapart (Spanien)<\/p>\n<p><a href=\"http:\/\/www.pr-neu.de\/newsroom\/wordpress\/wp-content\/uploads\/2018\/10\/18-06_Montpellier_02_G.jpg\" target=\"_blank\" rel=\"noopener noreferrer\"><img loading=\"lazy\" decoding=\"async\" class=\"aligncenter wp-image-9184 size-medium\" src=\"http:\/\/www.pr-neu.de\/newsroom\/wordpress\/wp-content\/uploads\/2018\/10\/18-06_Montpellier_02_G-200x300.jpg\" alt=\"\" width=\"200\" height=\"300\" srcset=\"https:\/\/www.pr-neu.de\/newsroom\/wordpress\/wp-content\/uploads\/2018\/10\/18-06_Montpellier_02_G-200x300.jpg 200w, https:\/\/www.pr-neu.de\/newsroom\/wordpress\/wp-content\/uploads\/2018\/10\/18-06_Montpellier_02_G-768x1152.jpg 768w, https:\/\/www.pr-neu.de\/newsroom\/wordpress\/wp-content\/uploads\/2018\/10\/18-06_Montpellier_02_G-683x1024.jpg 683w, https:\/\/www.pr-neu.de\/newsroom\/wordpress\/wp-content\/uploads\/2018\/10\/18-06_Montpellier_02_G-73x110.jpg 73w, https:\/\/www.pr-neu.de\/newsroom\/wordpress\/wp-content\/uploads\/2018\/10\/18-06_Montpellier_02_G-280x420.jpg 280w, https:\/\/www.pr-neu.de\/newsroom\/wordpress\/wp-content\/uploads\/2018\/10\/18-06_Montpellier_02_G-287x430.jpg 287w, https:\/\/www.pr-neu.de\/newsroom\/wordpress\/wp-content\/uploads\/2018\/10\/18-06_Montpellier_02_G.jpg 1197w\" sizes=\"auto, (max-width: 200px) 100vw, 200px\" \/><\/a><\/p>\n<p style=\"text-align: center;\">Die bis zu 12,68 Meter hohen Glasfins von sedak tragen<br \/>\ndie Glasfassade \u00fcber werksseitig vormontierte Titan-Fittings,<br \/>\ndie der Auftraggeber anlieferte.<br \/>\nFoto: Bellapart (Spanien)<\/p>\n<p><a href=\"http:\/\/www.pr-neu.de\/newsroom\/wordpress\/wp-content\/uploads\/2018\/10\/18-06_Montpellier_03_G.jpg\" target=\"_blank\" rel=\"noopener noreferrer\"><img loading=\"lazy\" decoding=\"async\" class=\"aligncenter wp-image-9185 size-medium\" src=\"http:\/\/www.pr-neu.de\/newsroom\/wordpress\/wp-content\/uploads\/2018\/10\/18-06_Montpellier_03_G-300x93.jpg\" alt=\"\" width=\"300\" height=\"93\" srcset=\"https:\/\/www.pr-neu.de\/newsroom\/wordpress\/wp-content\/uploads\/2018\/10\/18-06_Montpellier_03_G-300x93.jpg 300w, https:\/\/www.pr-neu.de\/newsroom\/wordpress\/wp-content\/uploads\/2018\/10\/18-06_Montpellier_03_G-768x239.jpg 768w, https:\/\/www.pr-neu.de\/newsroom\/wordpress\/wp-content\/uploads\/2018\/10\/18-06_Montpellier_03_G-1024x319.jpg 1024w, https:\/\/www.pr-neu.de\/newsroom\/wordpress\/wp-content\/uploads\/2018\/10\/18-06_Montpellier_03_G-110x34.jpg 110w, https:\/\/www.pr-neu.de\/newsroom\/wordpress\/wp-content\/uploads\/2018\/10\/18-06_Montpellier_03_G-420x131.jpg 420w, https:\/\/www.pr-neu.de\/newsroom\/wordpress\/wp-content\/uploads\/2018\/10\/18-06_Montpellier_03_G-770x240.jpg 770w, https:\/\/www.pr-neu.de\/newsroom\/wordpress\/wp-content\/uploads\/2018\/10\/18-06_Montpellier_03_G.jpg 1795w\" sizes=\"auto, (max-width: 300px) 100vw, 300px\" \/><\/a><\/p>\n<p style=\"text-align: center;\">Ein imposante Verbindung zwischen Tradition und Moderne:<br \/>\nDie Medizinische Fakult\u00e4t der Universit\u00e4t Montpellier ist die \u00e4lteste<br \/>\nweltweit noch bestehende Fakult\u00e4t. Der moderne Neubau greift die Tradition<br \/>\nauf und schafft einen zukunftsgewandeten Lehr- und Forschungsraum.<br \/>\nFoto: Bellapart (Spanien)<\/p>\n<p><a href=\"http:\/\/www.pr-neu.de\/newsroom\/wordpress\/wp-content\/uploads\/2018\/10\/18-06_Fertigung_Glasfins_G.jpg\" target=\"_blank\" rel=\"noopener noreferrer\"><img loading=\"lazy\" decoding=\"async\" class=\"aligncenter wp-image-9186 size-medium\" src=\"http:\/\/www.pr-neu.de\/newsroom\/wordpress\/wp-content\/uploads\/2018\/10\/18-06_Fertigung_Glasfins_G-300x185.jpg\" alt=\"\" width=\"300\" height=\"185\" srcset=\"https:\/\/www.pr-neu.de\/newsroom\/wordpress\/wp-content\/uploads\/2018\/10\/18-06_Fertigung_Glasfins_G-300x185.jpg 300w, https:\/\/www.pr-neu.de\/newsroom\/wordpress\/wp-content\/uploads\/2018\/10\/18-06_Fertigung_Glasfins_G-768x473.jpg 768w, https:\/\/www.pr-neu.de\/newsroom\/wordpress\/wp-content\/uploads\/2018\/10\/18-06_Fertigung_Glasfins_G-1024x630.jpg 1024w, https:\/\/www.pr-neu.de\/newsroom\/wordpress\/wp-content\/uploads\/2018\/10\/18-06_Fertigung_Glasfins_G-110x68.jpg 110w, https:\/\/www.pr-neu.de\/newsroom\/wordpress\/wp-content\/uploads\/2018\/10\/18-06_Fertigung_Glasfins_G-420x259.jpg 420w, https:\/\/www.pr-neu.de\/newsroom\/wordpress\/wp-content\/uploads\/2018\/10\/18-06_Fertigung_Glasfins_G-699x430.jpg 699w, https:\/\/www.pr-neu.de\/newsroom\/wordpress\/wp-content\/uploads\/2018\/10\/18-06_Fertigung_Glasfins_G.jpg 1795w\" sizes=\"auto, (max-width: 300px) 100vw, 300px\" \/><\/a><\/p>\n<p style=\"text-align: center;\">In der eigenen Produktion fertigt sedak Glasfins, die<br \/>\nals tragende Elemente komplexe Glasfassaden erm\u00f6glichen.<br \/>\nFoto: sedak GmbH &amp; Co. KG<\/p>\n<hr \/>\n<p><strong>R\u00fcckfragen beantwortet gern<\/strong><\/p>\n<table>\n<tbody>\n<tr>\n<td valign=\"top\" width=\"260\" height=\"25\"><strong>sedak GmbH &amp; Co. KG<br \/>\n<\/strong>Tatjana Vinkovic<br \/>\nTel.: +49(0)821\/2494-823<br \/>\nFax: +49(0)821\/2494-777<br \/>\nE-Mail: <a href=\"m&#97;&#x69;&#x6c;t&#111;&#x3a;&#x74;a&#116;&#x6a;&#x61;n&#97;&#x2e;&#x76;i&#110;&#x6b;&#x6f;v&#105;&#99;&#x40;&#x73;e&#100;&#x61;&#x6b;&#46;&#99;&#x6f;&#x6d;\">&#x74;&#x61;&#x74;&#x6a;&#x61;&#x6e;&#x61;&#46;&#118;&#105;&#110;&#107;ovic&#x40;&#x73;&#x65;&#x64;&#x61;&#x6b;&#x2e;&#x63;&#111;&#109;<\/a><\/td>\n<td colspan=\"3\" valign=\"top\" width=\"260\" height=\"21\"><\/td>\n<\/tr>\n<\/tbody>\n<\/table>\n<hr noshade=\"noshade\" size=\"1\" \/>\n<p><strong>Leading glass<\/strong><\/p>\n<p>Der Glasveredler sedak (Gersthofen), gegr\u00fcndet 2007, hat sich mit mittlerweile 170 Mitarbeitern zum weltweiten Technologie- und Innovationsf\u00fchrer f\u00fcr gro\u00dfformatige Isolier- und Sicherheitsgl\u00e4ser entwickelt. Nach zehnj\u00e4hriger Erfahrung in der Produktion von Scheiben in \u00dcbergr\u00f6\u00dfen und dem kontinuierlichen Ausbau der Automatisierung, gilt sedak als wegweisender Spezialist in diesem know-how-intensiven Segment. Die Scheiben reichen bis 3,51 x 20 Meter \u2013 bearbeitet, vorgespannt, laminiert, bedruckt, beschichtet und laminationsgebogen. Kernkompetenzen sind Glaslamination, Kantenbearbeitung und das Spezialwissen bei der Produktion von Glasbauteilen mit zus\u00e4tzlichen funktionalen und dekorativen Elementen. Die Fertigung ist auf die extremen Glasgr\u00f6\u00dfen und -gewichte optimiert, s\u00e4mtliche Veredelungsschritte erfolgen inhouse und hochautomatisiert. Als Full-Supplier f\u00fcr Gl\u00e4ser bis 20 Meter versteht sich sedak als Partner f\u00fcr Architekten, Planer und Fassadenbauer. Herausragende Referenzen sind u. a. das Haus der Europ\u00e4ischen Geschichte in Br\u00fcssel, die medizinische Fakult\u00e4t in Montpellier, der Torre Europa in Madrid, der Brookfield Place New York, die UNO Genf, der Apple Park in Cupertino, der Apple-Cube New York, die Experimenta in Heilbronn sowie zahlreiche eindrucksvolle Premium-Flagship-Stores weltweit.<\/p>\n<hr noshade=\"noshade\" size=\"1\" \/>\n<p><strong>Anwendungsgebiete<\/strong><\/p>\n<ul>\n<li>Glasfassaden<\/li>\n<li>Glasd\u00e4cher<\/li>\n<li>Glastreppen<\/li>\n<li>Glasbr\u00fcstungen<\/li>\n<li>Schiffsbau<\/li>\n<li>Sicherheitsverglasungen<\/li>\n<li>Ganzglaskonstruktionen<\/li>\n<li>Innenarchitektur<\/li>\n<li>Sonderanfertigung<\/li>\n<\/ul>\n","protected":false},"excerpt":{"rendered":"<p>Kompromisslose Transparenz auf 780 Quadratmetern \u2013 diese ist bei der zw\u00f6lf Meter hohen, 65 Meter breiten Ganzglasfassade der Medizinischen Fakult\u00e4t der Universit\u00e4t Montpellier vor allem den tragenden Glasfins zu verdanken.<\/p>\n<table border=\"0\" width=\"95%\">\n<tbody>\n<tr>\n<td><!-- AddThis Button BEGIN --><\/p>\n<div class=\"addthis_toolbox addthis_default_style\">\n<div><a class=\"addthis_button_compact\" href=\"http:\/\/www.addthis.com\/bookmark.php?v=250&amp;username=xa-4bcef6844aa77bdd\">Share<\/a><span class=\"addthis_separator\">|<\/span><a class=\"addthis_button_facebook\"><\/a><a class=\"addthis_button_myspace\"><\/a><a class=\"addthis_button_google\"><\/a><a class=\"addthis_button_twitter\"><\/a><\/div>\n<\/div>\n<p><script src=\"http:\/\/s7.addthis.com\/js\/250\/addthis_widget.js#username=xa-4bcef6844aa77bdd\" type=\"text\/javascript\"><\/script><!-- AddThis Button END --><\/td>\n<\/tr>\n<\/tbody>\n<\/table>\n","protected":false},"author":6,"featured_media":9183,"comment_status":"closed","ping_status":"open","sticky":false,"template":"","format":"standard","meta":{"footnotes":""},"categories":[12],"tags":[],"class_list":["post-9182","post","type-post","status-publish","format-standard","has-post-thumbnail","hentry","category-sedak"],"_links":{"self":[{"href":"https:\/\/www.pr-neu.de\/newsroom\/wp-json\/wp\/v2\/posts\/9182","targetHints":{"allow":["GET"]}}],"collection":[{"href":"https:\/\/www.pr-neu.de\/newsroom\/wp-json\/wp\/v2\/posts"}],"about":[{"href":"https:\/\/www.pr-neu.de\/newsroom\/wp-json\/wp\/v2\/types\/post"}],"author":[{"embeddable":true,"href":"https:\/\/www.pr-neu.de\/newsroom\/wp-json\/wp\/v2\/users\/6"}],"replies":[{"embeddable":true,"href":"https:\/\/www.pr-neu.de\/newsroom\/wp-json\/wp\/v2\/comments?post=9182"}],"version-history":[{"count":3,"href":"https:\/\/www.pr-neu.de\/newsroom\/wp-json\/wp\/v2\/posts\/9182\/revisions"}],"predecessor-version":[{"id":11612,"href":"https:\/\/www.pr-neu.de\/newsroom\/wp-json\/wp\/v2\/posts\/9182\/revisions\/11612"}],"wp:featuredmedia":[{"embeddable":true,"href":"https:\/\/www.pr-neu.de\/newsroom\/wp-json\/wp\/v2\/media\/9183"}],"wp:attachment":[{"href":"https:\/\/www.pr-neu.de\/newsroom\/wp-json\/wp\/v2\/media?parent=9182"}],"wp:term":[{"taxonomy":"category","embeddable":true,"href":"https:\/\/www.pr-neu.de\/newsroom\/wp-json\/wp\/v2\/categories?post=9182"},{"taxonomy":"post_tag","embeddable":true,"href":"https:\/\/www.pr-neu.de\/newsroom\/wp-json\/wp\/v2\/tags?post=9182"}],"curies":[{"name":"wp","href":"https:\/\/api.w.org\/{rel}","templated":true}]}}