{"id":9098,"date":"2018-10-11T12:23:18","date_gmt":"2018-10-11T10:23:18","guid":{"rendered":"http:\/\/www.pr-nord.de\/newsroom\/?p=9098"},"modified":"2020-05-19T08:55:50","modified_gmt":"2020-05-19T06:55:50","slug":"sedak-steigt-bei-sunglass-ein","status":"publish","type":"post","link":"https:\/\/www.pr-neu.de\/newsroom\/sedak-steigt-bei-sunglass-ein\/","title":{"rendered":"Sedak steigt bei Sunglass ein"},"content":{"rendered":"<p>Kompetenz-Portfolio erweitert<\/p>\n<p><b>Gersthofen, 11.10.2018. Sedak (Gersthofen, Bayern) steigt zum 10. Oktober beim Glasspezialisten Sunglass Industry s.r.l. (Villa\u00adfranca, Norditalien) ein. Damit baut der Technologief\u00fchrer f\u00fcr gro\u00dfformatiges Glas seinen Kompetenzvorsprung weiter aus.<\/b><\/p>\n<p>Das italienische Unternehmen Sunglass Industry s.r.l., gegr\u00fcndet 1984, gilt mit seiner Kompetenz im Warmbiegen als einer der Marktf\u00fchrer f\u00fcr gebogenes Architekturglas. Mit diesen Gl\u00e4sern entstanden heraus\u00adragende Solit\u00e4re moderner Architektur wie die Elbphilharmonie in Hamburg und das Geb\u00e4ude der Louis-Vuitton-Foundation in Paris. Der Premium-Hersteller sedak ist Weltmarktf\u00fchrer f\u00fcr gro\u00dfformatige Gl\u00e4ser bis 3,51 x 20 Meter und Spezialist f\u00fcr das sogenannte Kaltbiegen oder auch Laminationsbiegen. \u201eDiese Kompetenzen erg\u00e4nzen sich ideal. Damit runden wir unser Produktportfolio perfekt ab und bauen unsere Spitzenstellung als Full-Supplier aus\u201c, freute sich sedak-Gesch\u00e4ftsf\u00fchrer Bernhard Veh bei der Vertragsunterzeichnung am 8. Oktober im sedak-Stammhaus. Sunglass profitiert von der Kooperation, da dem Unternehmen die Produktions-Vorstufen f\u00fcr \u00fcbergro\u00dfe Gl\u00e4ser jetzt in sedak-Qualit\u00e4t bereit stehen.<\/p>\n<hr noshade=\"noshade\" size=\"1\" \/>\n<p style=\"text-align: center;\"><a href=\"http:\/\/www.pr-neu.de\/newsroom\/wordpress\/wp-content\/uploads\/2018\/10\/18-12-Bergamin_Veh_G.jpg\"><img loading=\"lazy\" decoding=\"async\" class=\"size-medium wp-image-9102 aligncenter\" src=\"http:\/\/www.pr-neu.de\/newsroom\/wordpress\/wp-content\/uploads\/2018\/10\/18-12-Bergamin_Veh_G-300x201.jpg\" alt=\"\" width=\"300\" height=\"201\" srcset=\"https:\/\/www.pr-neu.de\/newsroom\/wordpress\/wp-content\/uploads\/2018\/10\/18-12-Bergamin_Veh_G-300x201.jpg 300w, https:\/\/www.pr-neu.de\/newsroom\/wordpress\/wp-content\/uploads\/2018\/10\/18-12-Bergamin_Veh_G-768x516.jpg 768w, https:\/\/www.pr-neu.de\/newsroom\/wordpress\/wp-content\/uploads\/2018\/10\/18-12-Bergamin_Veh_G-1024x687.jpg 1024w, https:\/\/www.pr-neu.de\/newsroom\/wordpress\/wp-content\/uploads\/2018\/10\/18-12-Bergamin_Veh_G-110x74.jpg 110w, https:\/\/www.pr-neu.de\/newsroom\/wordpress\/wp-content\/uploads\/2018\/10\/18-12-Bergamin_Veh_G-420x282.jpg 420w, https:\/\/www.pr-neu.de\/newsroom\/wordpress\/wp-content\/uploads\/2018\/10\/18-12-Bergamin_Veh_G-641x430.jpg 641w, https:\/\/www.pr-neu.de\/newsroom\/wordpress\/wp-content\/uploads\/2018\/10\/18-12-Bergamin_Veh_G.jpg 1795w\" sizes=\"auto, (max-width: 300px) 100vw, 300px\" \/><\/a>Wollen den weltweiten Markt f\u00fcr au\u00dfergew\u00f6hnliche Glas-Architektur<br \/>\ngemeinsam entwickeln: Giuseppe Bergamin, Gesch\u00e4ftsf\u00fchrer der Sunglass<br \/>\nIndustry s.r.l. (Villafranca\/Region Padua) und Bernhard Veh, Gesch\u00e4ftsf\u00fchrer<br \/>\nder sedak GmbH &amp; Co. KG (Gersthofen\/Bayern).<br \/>\nFoto: sedak GmbH &amp; Co. KG<\/p>\n<p style=\"text-align: center;\"><a href=\"http:\/\/www.pr-neu.de\/newsroom\/wordpress\/wp-content\/uploads\/2018\/10\/18-12_Veh_G.jpg\"><img loading=\"lazy\" decoding=\"async\" class=\"size-medium wp-image-9104 aligncenter\" src=\"http:\/\/www.pr-neu.de\/newsroom\/wordpress\/wp-content\/uploads\/2018\/10\/18-12_Veh_G-300x201.jpg\" alt=\"\" width=\"300\" height=\"201\" srcset=\"https:\/\/www.pr-neu.de\/newsroom\/wordpress\/wp-content\/uploads\/2018\/10\/18-12_Veh_G-300x201.jpg 300w, https:\/\/www.pr-neu.de\/newsroom\/wordpress\/wp-content\/uploads\/2018\/10\/18-12_Veh_G-768x514.jpg 768w, https:\/\/www.pr-neu.de\/newsroom\/wordpress\/wp-content\/uploads\/2018\/10\/18-12_Veh_G-1024x685.jpg 1024w, https:\/\/www.pr-neu.de\/newsroom\/wordpress\/wp-content\/uploads\/2018\/10\/18-12_Veh_G-110x74.jpg 110w, https:\/\/www.pr-neu.de\/newsroom\/wordpress\/wp-content\/uploads\/2018\/10\/18-12_Veh_G-420x281.jpg 420w, https:\/\/www.pr-neu.de\/newsroom\/wordpress\/wp-content\/uploads\/2018\/10\/18-12_Veh_G-643x430.jpg 643w, https:\/\/www.pr-neu.de\/newsroom\/wordpress\/wp-content\/uploads\/2018\/10\/18-12_Veh_G.jpg 1795w\" sizes=\"auto, (max-width: 300px) 100vw, 300px\" \/><\/a>\u201eDurch den Zusammenschluss k\u00f6nnen wir nun die<br \/>\nWarmbiege-Kompetenz schrittweise auf die sedak<br \/>\nGro\u00dfformate ausweiten\u201c, sagt Bernhard Veh.<br \/>\nFoto: sedak GmbH &amp; Co. KG<\/p>\n<p style=\"text-align: center;\"><a href=\"http:\/\/www.pr-neu.de\/newsroom\/wordpress\/wp-content\/uploads\/2018\/10\/18-12-Bergamin_G.jpg\"><img loading=\"lazy\" decoding=\"async\" class=\"size-medium wp-image-9103 aligncenter\" src=\"http:\/\/www.pr-neu.de\/newsroom\/wordpress\/wp-content\/uploads\/2018\/10\/18-12-Bergamin_G-201x300.jpg\" alt=\"\" width=\"201\" height=\"300\" srcset=\"https:\/\/www.pr-neu.de\/newsroom\/wordpress\/wp-content\/uploads\/2018\/10\/18-12-Bergamin_G-201x300.jpg 201w, https:\/\/www.pr-neu.de\/newsroom\/wordpress\/wp-content\/uploads\/2018\/10\/18-12-Bergamin_G-768x1144.jpg 768w, https:\/\/www.pr-neu.de\/newsroom\/wordpress\/wp-content\/uploads\/2018\/10\/18-12-Bergamin_G-687x1024.jpg 687w, https:\/\/www.pr-neu.de\/newsroom\/wordpress\/wp-content\/uploads\/2018\/10\/18-12-Bergamin_G-74x110.jpg 74w, https:\/\/www.pr-neu.de\/newsroom\/wordpress\/wp-content\/uploads\/2018\/10\/18-12-Bergamin_G-282x420.jpg 282w, https:\/\/www.pr-neu.de\/newsroom\/wordpress\/wp-content\/uploads\/2018\/10\/18-12-Bergamin_G-289x430.jpg 289w, https:\/\/www.pr-neu.de\/newsroom\/wordpress\/wp-content\/uploads\/2018\/10\/18-12-Bergamin_G.jpg 1205w\" sizes=\"auto, (max-width: 201px) 100vw, 201px\" \/><\/a>\u201eSunglass hat innovative Technologien f\u00fcr gebogenes Architekturglas<br \/>\nentwickelt. Wir freuen uns, diese Kompetenz gemeinsam mit<br \/>\nsedak auf die neuen Maximalformate zu skalieren\u201c, meint Giuseppe Bergamin.<br \/>\nFoto: sedak GmbH &amp; Co. KG<\/p>\n<hr noshade=\"noshade\" size=\"1\" \/>\n<p><strong>R\u00fcckfragen beantworten gern<\/strong><\/p>\n<table>\n<tbody>\n<tr>\n<td valign=\"top\" width=\"260\" height=\"25\"><strong>sedak GmbH &amp; Co. KG<br \/>\n<\/strong>Tatjana Vinkovic<br \/>\nTel.: +49(0)821\/2494-823<br \/>\nFax: +49(0)821\/2494-777<br \/>\nE-Mail: <a href=\"&#x6d;&#97;&#x69;&#x6c;&#116;&#x6f;&#58;t&#x61;&#116;j&#x61;&#110;a&#x2e;&#118;i&#x6e;&#107;&#x6f;&#x76;&#105;&#x63;&#x40;&#115;&#x65;&#100;a&#x6b;&#46;c&#x6f;&#109;\">&#116;&#x61;&#116;&#x6a;a&#110;&#x61;&#46;&#x76;i&#x6e;k&#111;&#x76;&#105;&#x63;&#64;&#x73;&#x65;&#100;&#x61;k&#x2e;c&#111;&#x6d;<\/a><\/td>\n<td colspan=\"3\" valign=\"top\" width=\"260\" height=\"21\"><\/td>\n<\/tr>\n<\/tbody>\n<\/table>\n<p>Abdruck honorarfrei, Belegexemplar erbeten<\/p>\n<hr noshade=\"noshade\" size=\"1\" \/>\n<p><strong>Leading glass<\/strong><\/p>\n<p>Der Glasveredler sedak (Gersthofen), gegr\u00fcndet 2007, hat sich mit mittlerweile 170 Mitarbeitern zum weltweiten Technologie- und Innovationsf\u00fchrer f\u00fcr gro\u00dfformatige Isolier- und Sicherheitsgl\u00e4ser entwickelt. Nach zehnj\u00e4hriger Erfahrung in der Produktion von Scheiben in \u00dcbergr\u00f6\u00dfen und dem kontinuierlichen Ausbau der Automatisierung, gilt sedak als wegweisender Spezialist in diesem know-how-intensiven Segment. Die Scheiben reichen bis 3,51 x 20 Meter \u2013 bearbeitet, vorgespannt, laminiert, bedruckt, beschichtet und laminationsgebogen. Kernkompetenzen sind Glaslamination, Kantenbearbeitung und das Spezialwissen bei der Produktion von Glasbauteilen mit zus\u00e4tzlichen funktionalen und dekorativen Elementen. Die Fertigung ist auf die extremen Glasgr\u00f6\u00dfen und -gewichte optimiert, s\u00e4mtliche Veredelungsschritte erfolgen inhouse und hochautomatisiert. Als Full-Supplier f\u00fcr Gl\u00e4ser bis 20 Meter versteht sich sedak als Partner f\u00fcr Architekten, Planer und Fassadenbauer. Herausragende Referenzen sind u. a. das Haus der Europ\u00e4ischen Geschichte in Br\u00fcssel, die medizinische Fakult\u00e4t in Montpellier, der Torre Europa in Madrid, der Brookfield Place New York, die UNO Genf, der Apple Park in Cupertino, der Apple-Cube New York, die Experimenta in Heilbronn sowie zahlreiche eindrucksvolle Premium-Flagship-Stores weltweit.<\/p>\n<hr noshade=\"noshade\" size=\"1\" \/>\n<p><strong>Anwendungsgebiete<\/strong><\/p>\n<ul>\n<li>Glasfassaden<\/li>\n<li>Glasd\u00e4cher<\/li>\n<li>Glastreppen<\/li>\n<li>Glasbr\u00fcstungen<\/li>\n<li>Schiffsbau<\/li>\n<li>Sicherheitsverglasungen<\/li>\n<li>Ganzglaskonstruktionen<\/li>\n<li>Innenarchitektur<\/li>\n<li>Sonderanfertigung<\/li>\n<\/ul>\n<table>\n<tbody>\n<tr>\n<td valign=\"top\" width=\"260\" height=\"25\"><\/td>\n<td colspan=\"3\" valign=\"top\" width=\"260\" height=\"21\"><\/td>\n<\/tr>\n<\/tbody>\n<\/table>\n","protected":false},"excerpt":{"rendered":"<p>Gersthofen, 11.10.2018. Sedak (Gersthofen, Bayern) steigt zum 10. Oktober beim Glasspezialisten Sunglass Industry s.r.l. (Villa\u00adfranca, Norditalien) ein. Damit baut der Technologief\u00fchrer f\u00fcr gro\u00dfformatiges Glas seinen Kompetenzvorsprung weiter aus.<\/p>\n<table border=\"0\" width=\"95%\">\n<tbody>\n<tr>\n<td><!-- AddThis Button BEGIN --><\/p>\n<div class=\"addthis_toolbox addthis_default_style\">\n<div><a class=\"addthis_button_compact\" href=\"http:\/\/www.addthis.com\/bookmark.php?v=250&amp;username=xa-4bcef6844aa77bdd\">Share<\/a><span class=\"addthis_separator\">|<\/span><a class=\"addthis_button_facebook\"><\/a><a class=\"addthis_button_myspace\"><\/a><a class=\"addthis_button_google\"><\/a><a class=\"addthis_button_twitter\"><\/a><\/div>\n<\/div>\n<p><script src=\"http:\/\/s7.addthis.com\/js\/250\/addthis_widget.js#username=xa-4bcef6844aa77bdd\" type=\"text\/javascript\"><\/script><!-- AddThis Button END --><\/td>\n<\/tr>\n<\/tbody>\n<\/table>\n","protected":false},"author":6,"featured_media":9102,"comment_status":"closed","ping_status":"open","sticky":false,"template":"","format":"standard","meta":{"footnotes":""},"categories":[12],"tags":[],"class_list":["post-9098","post","type-post","status-publish","format-standard","has-post-thumbnail","hentry","category-sedak"],"_links":{"self":[{"href":"https:\/\/www.pr-neu.de\/newsroom\/wp-json\/wp\/v2\/posts\/9098","targetHints":{"allow":["GET"]}}],"collection":[{"href":"https:\/\/www.pr-neu.de\/newsroom\/wp-json\/wp\/v2\/posts"}],"about":[{"href":"https:\/\/www.pr-neu.de\/newsroom\/wp-json\/wp\/v2\/types\/post"}],"author":[{"embeddable":true,"href":"https:\/\/www.pr-neu.de\/newsroom\/wp-json\/wp\/v2\/users\/6"}],"replies":[{"embeddable":true,"href":"https:\/\/www.pr-neu.de\/newsroom\/wp-json\/wp\/v2\/comments?post=9098"}],"version-history":[{"count":5,"href":"https:\/\/www.pr-neu.de\/newsroom\/wp-json\/wp\/v2\/posts\/9098\/revisions"}],"predecessor-version":[{"id":11615,"href":"https:\/\/www.pr-neu.de\/newsroom\/wp-json\/wp\/v2\/posts\/9098\/revisions\/11615"}],"wp:featuredmedia":[{"embeddable":true,"href":"https:\/\/www.pr-neu.de\/newsroom\/wp-json\/wp\/v2\/media\/9102"}],"wp:attachment":[{"href":"https:\/\/www.pr-neu.de\/newsroom\/wp-json\/wp\/v2\/media?parent=9098"}],"wp:term":[{"taxonomy":"category","embeddable":true,"href":"https:\/\/www.pr-neu.de\/newsroom\/wp-json\/wp\/v2\/categories?post=9098"},{"taxonomy":"post_tag","embeddable":true,"href":"https:\/\/www.pr-neu.de\/newsroom\/wp-json\/wp\/v2\/tags?post=9098"}],"curies":[{"name":"wp","href":"https:\/\/api.w.org\/{rel}","templated":true}]}}