{"id":9070,"date":"2019-01-09T10:00:35","date_gmt":"2019-01-09T09:00:35","guid":{"rendered":"http:\/\/www.pr-nord.de\/newsroom\/?p=9070"},"modified":"2020-05-19T08:54:24","modified_gmt":"2020-05-19T06:54:24","slug":"glas-spacer-mehr-transparenz-fuer-isolierglas-fassaden","status":"publish","type":"post","link":"https:\/\/www.pr-neu.de\/newsroom\/glas-spacer-mehr-transparenz-fuer-isolierglas-fassaden\/","title":{"rendered":"sedak isopure: mehr Transparenz f\u00fcr Isolierglasfugen"},"content":{"rendered":"<p><u>sedak l\u00f6st Fassadenfugen optisch auf<\/u><\/p>\n<p>Bereits vor 25 Jahren gab es erste Versuche in der Glasindustrie, Isoliergl\u00e4ser mit einem Abstandshalter aus Glas zu bauen. Dabei wurden einige wenige Projekte realisiert, die nun sanierungsbed\u00fcrftig sind. Vor diesem Hintergrund begann sedak die Forschung. Das Ergebnis: Die Geb\u00e4ude k\u00f6nnen jetzt mit Isoliergl\u00e4sern ausgestattet werden, die nicht nur die Qualit\u00e4tsanspr\u00fcche in Verarbeitung und Optik erf\u00fcllen, sondern auch \u00fcber zeitgem\u00e4\u00dfe U<sub>g<\/sub>-Werte verf\u00fcgen. Eine zukunftssichere Weiterentwicklung, bei der intensiv an der richtigen Zusammensetzungen und den Materialeigenschaften der einzelnen Komponenten geforscht wurde: Luftdicht verschlie\u00dft ein Spezialklebstoff den Zwischenraum und h\u00e4lt so das Gas dauerhaft im Scheibenzwischenraum. So werden alle erforderlichen D\u00e4mmwerte langfristig erf\u00fcllt \u2013 und die Glas-zu-Glas-Fuge ist kaum sichtbar.Im Stile einer Manufaktur hat sich sedak als Spezialist f\u00fcr Gl\u00e4ser in \u00dcberformaten den Ruf erarbeitet, Sonderl\u00f6sungen mit Poten\u00adzial bis zur Serienreife zu entwickeln. Die neueste Entwicklung: Isoliergl\u00e4ser mit gl\u00e4sernen Abstandshaltern. So l\u00f6sen die Gersthofener die sonst typischen Sto\u00dffugen optisch auf. Statt der konventionellen, bis zu vier Zentimeter breiten schwarzen Fuge bestehend aus Kunststoff-Spacer und Silikon kommt daf\u00fcr an zwei sichtbaren Seiten der neue \u201esedak isopure\u201c zum Einsatz. Im Ergebnis entsteht ein nahezu unterbrechungsfreies Gesamt\u00adbild mit maximaler Transparenz \u2013 bei unver\u00e4nderten tech\u00adnischen Eigenschaften des Isolierglases. Bisher war die nahezu fugenlose Wirkung von gro\u00dffl\u00e4chigen Glasfas\u00adsaden nur mit Ver\u00adbund-Sicherheitsgl\u00e4sern erreichbar. Ein Jahr lang t\u00fcftelte sedak an der zeitgem\u00e4\u00dfen L\u00f6sung, um dem eigenen Qualit\u00e4ts\u00adversprechen gerecht zu werden \u2013 denn hinter der simpel kling\u00adenden L\u00f6sung steht aufwendige Forschung.<\/p>\n<p><strong>Einfache Funktion, maximale Wirkung<\/strong><\/p>\n<p>An den beiden sichtbaren Kanten der Gl\u00e4ser wird der transparente Abstandshalter eingesetzt. An den Sto\u00dffugen zweier Gl\u00e4ser ver\u00adbinden sich dann zwei gl\u00e4serne Abstandshalter zu einer optisch aufgel\u00f6sten Fuge. In den Lagerfugen, die nach der Montage in der Haltekonst\u00adruktion nicht sichtbar sind, kommt ein konventioneller Randverbund f\u00fcr Isolierglas zum Einsatz, der den Scheibenzwischenraum trocken h\u00e4lt. \u201eDie Isoliergl\u00e4ser mit sedak isopure erg\u00e4nzen unser Leistungs\u00adportfolio und bieten zu unseren Laminaten eine spannende Alter\u00adnative mit zeitgem\u00e4\u00dfen Energiewerten\u201c, unterstreicht Ulrich Theisen, Prokurist und Leiter Vertrieb sedak, \u201ediese neue Stufe der Transparenz von Glas\u00adfassaden und -d\u00e4chern erm\u00f6glicht eine noch ehrlichere, offenere Ar\u00adchitektursprache.\u201c<\/p>\n<hr \/>\n<p><a href=\"http:\/\/www.pr-neu.de\/newsroom\/wordpress\/wp-content\/uploads\/2018\/10\/18-09_Glas-Spacer_G.jpg\" target=\"_blank\" rel=\"noopener noreferrer\"><img loading=\"lazy\" decoding=\"async\" class=\"aligncenter wp-image-9071 size-medium\" src=\"http:\/\/www.pr-neu.de\/newsroom\/wordpress\/wp-content\/uploads\/2018\/10\/18-09_Glas-Spacer_G-300x254.jpg\" alt=\"\" width=\"300\" height=\"254\" srcset=\"https:\/\/www.pr-neu.de\/newsroom\/wordpress\/wp-content\/uploads\/2018\/10\/18-09_Glas-Spacer_G-300x254.jpg 300w, https:\/\/www.pr-neu.de\/newsroom\/wordpress\/wp-content\/uploads\/2018\/10\/18-09_Glas-Spacer_G-768x649.jpg 768w, https:\/\/www.pr-neu.de\/newsroom\/wordpress\/wp-content\/uploads\/2018\/10\/18-09_Glas-Spacer_G-1024x866.jpg 1024w, https:\/\/www.pr-neu.de\/newsroom\/wordpress\/wp-content\/uploads\/2018\/10\/18-09_Glas-Spacer_G-110x93.jpg 110w, https:\/\/www.pr-neu.de\/newsroom\/wordpress\/wp-content\/uploads\/2018\/10\/18-09_Glas-Spacer_G-420x355.jpg 420w, https:\/\/www.pr-neu.de\/newsroom\/wordpress\/wp-content\/uploads\/2018\/10\/18-09_Glas-Spacer_G-508x430.jpg 508w, https:\/\/www.pr-neu.de\/newsroom\/wordpress\/wp-content\/uploads\/2018\/10\/18-09_Glas-Spacer_G.jpg 1795w\" sizes=\"auto, (max-width: 300px) 100vw, 300px\" \/><\/a><\/p>\n<p style=\"text-align: center;\">Die Harmonie der Transparenz wird bei Glasfassaden und -d\u00e4chern oft durch die deutlich erkennbaren opaken Abstandshalter unter\u00adbrochen. Mit \u201esedak isopure\u201c entstehen Isolierglas\u00adeinheiten mit minimalem Fugenbild.<\/p>\n<p style=\"text-align: center;\">Foto: sedak GmbH &amp; Co. KG<\/p>\n<hr noshade=\"noshade\" size=\"1\" \/>\n<p><strong>R\u00fcckfragen beantwortet gern<\/strong><\/p>\n<table>\n<tbody>\n<tr>\n<td valign=\"top\" width=\"260\" height=\"25\"><strong>sedak GmbH &amp; Co. KG<br \/>\n<\/strong>Tatjana Vinkovic<br \/>\nTel.: +49(0)821\/2494-823<br \/>\nFax: +49(0)821\/2494-777<br \/>\nE-Mail: <a href=\"&#x6d;&#x61;&#x69;&#x6c;&#116;&#111;&#58;&#116;atj&#x61;&#x6e;&#x61;&#x2e;&#x76;&#105;&#110;&#107;ovi&#x63;&#x40;&#x73;&#x65;&#x64;&#97;&#107;&#46;com\">&#x74;a&#x74;&#106;a&#x6e;&#97;&#x2e;&#x76;i&#x6e;&#107;o&#x76;&#105;&#x63;&#64;s&#x65;&#100;a&#x6b;&#46;&#x63;&#111;m<\/a><\/td>\n<td colspan=\"3\" valign=\"top\" width=\"260\" height=\"21\"><\/td>\n<\/tr>\n<\/tbody>\n<\/table>\n<p>Abdruck honorarfrei, Belegexemplar erbeten<\/p>\n<hr noshade=\"noshade\" size=\"1\" \/>\n<p><strong>Leading glass<\/strong><\/p>\n<p>Der Glasveredler sedak (Gersthofen), gegr\u00fcndet 2007, hat sich mit mittlerweile 170 Mitarbeitern zum weltweiten Technologie- und Innovationsf\u00fchrer f\u00fcr gro\u00dfformatige Isolier- und Sicherheitsgl\u00e4ser entwickelt. Nach zehnj\u00e4hriger Erfahrung in der Produktion von Scheiben in \u00dcbergr\u00f6\u00dfen und dem kontinuierlichen Ausbau der Automatisierung, gilt sedak als wegweisender Spezialist in diesem know-how-intensiven Segment. Die Scheiben reichen bis 3,51 x 20 Meter \u2013 bearbeitet, vorgespannt, laminiert, bedruckt, beschichtet und laminationsgebogen. Kernkom\u00adpetenzen sind Glaslamination, Kantenbearbeitung und das Spezialwissen bei der Produktion von Glasbauteilen mit zus\u00e4tzlichen funktionalen und dekorativen Ele\u00admenten. Die Fertigung ist auf die extremen Glasgr\u00f6\u00dfen und -gewichte optimiert, s\u00e4mtliche Veredelungsschritte erfolgen inhouse und hochautomatisiert. Als Full-Supplier f\u00fcr Gl\u00e4ser bis 20 Meter versteht sich sedak als Partner f\u00fcr Architekten, Planer und Fassadenbauer. Herausragende Referenzen sind u. a. das Haus der Europ\u00e4ischen Geschichte in Br\u00fcssel, die medizinische Fakult\u00e4t in Montpellier, der Torre Europa in Madrid, der Brookfield Place New York, die UNO Genf, der Apple Park in Cupertino, der Apple-Cube New York, die Experimenta in Heilbronn sowie zahlreiche eindrucksvolle Premium-Flagship-Stores weltweit.<\/p>\n<hr noshade=\"noshade\" size=\"1\" \/>\n<p><strong>Anwendungsgebiete<\/strong><\/p>\n<ul>\n<li>Glasfassaden<\/li>\n<li>Glasd\u00e4cher<\/li>\n<li>Glastreppen<\/li>\n<li>Glasbr\u00fcstungen<\/li>\n<li>Schiffsbau<\/li>\n<li>Sicherheitsverglasungen<\/li>\n<li>Ganzglaskonstruktionen<\/li>\n<li>Innenarchitektur<\/li>\n<li>Sonderanfertigung<\/li>\n<\/ul>\n","protected":false},"excerpt":{"rendered":"<p>Im Stile einer Manufaktur hat sich sedak als Spezialist f\u00fcr Gl\u00e4ser in \u00dcberformaten den Ruf erarbeitet, Sonderl\u00f6sungen mit Potenzial bis zur Serienreife zu entwickeln.<\/p>\n<table border=\"0\" width=\"95%\">\n<tbody>\n<tr>\n<td><!-- AddThis Button BEGIN --><\/p>\n<div class=\"addthis_toolbox addthis_default_style\">\n<div><a class=\"addthis_button_compact\" href=\"http:\/\/www.addthis.com\/bookmark.php?v=250&amp;username=xa-4bcef6844aa77bdd\">Share<\/a><span class=\"addthis_separator\">|<\/span><a class=\"addthis_button_facebook\"><\/a><a class=\"addthis_button_myspace\"><\/a><a class=\"addthis_button_google\"><\/a><a class=\"addthis_button_twitter\"><\/a><\/div>\n<\/div>\n<p><script src=\"http:\/\/s7.addthis.com\/js\/250\/addthis_widget.js#username=xa-4bcef6844aa77bdd\" type=\"text\/javascript\"><\/script><!-- AddThis Button END --><\/td>\n<\/tr>\n<\/tbody>\n<\/table>\n","protected":false},"author":6,"featured_media":9071,"comment_status":"closed","ping_status":"open","sticky":false,"template":"","format":"standard","meta":{"footnotes":""},"categories":[12],"tags":[],"class_list":["post-9070","post","type-post","status-publish","format-standard","has-post-thumbnail","hentry","category-sedak"],"_links":{"self":[{"href":"https:\/\/www.pr-neu.de\/newsroom\/wp-json\/wp\/v2\/posts\/9070","targetHints":{"allow":["GET"]}}],"collection":[{"href":"https:\/\/www.pr-neu.de\/newsroom\/wp-json\/wp\/v2\/posts"}],"about":[{"href":"https:\/\/www.pr-neu.de\/newsroom\/wp-json\/wp\/v2\/types\/post"}],"author":[{"embeddable":true,"href":"https:\/\/www.pr-neu.de\/newsroom\/wp-json\/wp\/v2\/users\/6"}],"replies":[{"embeddable":true,"href":"https:\/\/www.pr-neu.de\/newsroom\/wp-json\/wp\/v2\/comments?post=9070"}],"version-history":[{"count":5,"href":"https:\/\/www.pr-neu.de\/newsroom\/wp-json\/wp\/v2\/posts\/9070\/revisions"}],"predecessor-version":[{"id":11611,"href":"https:\/\/www.pr-neu.de\/newsroom\/wp-json\/wp\/v2\/posts\/9070\/revisions\/11611"}],"wp:featuredmedia":[{"embeddable":true,"href":"https:\/\/www.pr-neu.de\/newsroom\/wp-json\/wp\/v2\/media\/9071"}],"wp:attachment":[{"href":"https:\/\/www.pr-neu.de\/newsroom\/wp-json\/wp\/v2\/media?parent=9070"}],"wp:term":[{"taxonomy":"category","embeddable":true,"href":"https:\/\/www.pr-neu.de\/newsroom\/wp-json\/wp\/v2\/categories?post=9070"},{"taxonomy":"post_tag","embeddable":true,"href":"https:\/\/www.pr-neu.de\/newsroom\/wp-json\/wp\/v2\/tags?post=9070"}],"curies":[{"name":"wp","href":"https:\/\/api.w.org\/{rel}","templated":true}]}}