{"id":9047,"date":"2018-09-25T11:14:46","date_gmt":"2018-09-25T09:14:46","guid":{"rendered":"http:\/\/www.pr-nord.de\/newsroom\/?p=9047"},"modified":"2020-05-19T08:40:09","modified_gmt":"2020-05-19T06:40:09","slug":"hanno-auszeichnung-der-aok-fuer-betriebliches-gesundheitsmanagement","status":"publish","type":"post","link":"https:\/\/www.pr-neu.de\/newsroom\/hanno-auszeichnung-der-aok-fuer-betriebliches-gesundheitsmanagement\/","title":{"rendered":"Hanno: Auszeichnung der AOK f\u00fcr betriebliches Gesundheitsmanagement"},"content":{"rendered":"<p><strong>Gesunde und zufriedene Mitarbeiter \u2013 f\u00fcr den Dicht- und D\u00e4mmexperten Hanno ein unverzichtbarer Baustein f\u00fcr gute Leistungen und ein produktives Arbeitsklima. Daher hat das Laatzener Unternehmen in Kooperation mit der AOK Niedersachsen ein betriebliches Gesundheits\u00admanagement eingef\u00fchrt, f\u00fcr dessen erfolgreiche Umsetzung es jetzt von der Krankenkasse mit einem Zertifikat ausgezeichnet wurde.<\/strong><\/p>\n<p>\u201eGesunde und motivierte Mitarbeiterinnen und Mitarbeiter profitieren von geringerer Krankheitsanf\u00e4lligkeit, sind somit h\u00e4ufiger anwesend und erzielen \u00fcberdurchschnittliche Leistungen&#8220;, fasst Hanno-Gesch\u00e4ftsf\u00fchrer G\u00fcnter Krohn die Gr\u00fcnde f\u00fcr die Einf\u00fchrung des betrieblichen Gesundheits\u00admanagements (BGM) zusammen. Schon in der Unternehmens\u00adphilosophie spiegelt sich diese \u00dcberzeugung wider, denn bereits vor geraumer Zeit hat das Unternehmen Leits\u00e4tze erarbeitet, in denen Gesundheit und Sicherheit der Mitarbeiter an erster Stelle stehen. Diesen theoretischen Ansatz f\u00fcllt das eingef\u00fchrte BGM f\u00fcr die derzeit rund 170 Mitarbeiter am Standort Laatzen mit Leben. So umfasst es nicht nur konkrete Ma\u00dfnahmen zur Verbesserung der Ergonomie etwa in der Produktion, sondern sorgt auch f\u00fcr einen reibungsloseren Informationsfluss und in der Folge f\u00fcr ein besseres Betriebsklima. \u201eWir investieren mit gezielten Ma\u00dfnahmen in die Gesundheit unserer Besch\u00e4ftigten, um die Arbeitsbedingungen nachhaltig zu verbessern. Das ist heute wichtiger denn je, gerade in Zeiten \u00e4lter werdender Belegschaften und um als Arbeitgeber attraktiv zu bleiben\u201c, betont Krohn. Eine Win-win-Situation also f\u00fcr alle Beteiligten.<\/p>\n<p>\u201eEin gutes Beispiel f\u00fcr die verbesserte betriebliche Kommunikation ist der neue Newsletter\u201c, erl\u00e4utert Stephan Topel, Leiter der Arbeitsgruppe BGM bei Hanno, \u201eDie Mitarbeiter werden damit noch fr\u00fcher als bisher in Abl\u00e4ufe eingebunden und \u00fcber anstehende Ver\u00e4nderungen informiert.\u201c Zum umfassenden BGM-Ansatz der AOK geh\u00f6ren zudem weitere, direkte Pr\u00e4ven\u00adtions\u00ad\u00ad\u00ad\u00adma\u00dfnahmen wie R\u00fccken-Schulungen, die das individuelle Gesundheitsbewusstsein der Besch\u00e4ftigten f\u00f6rdern.<\/p>\n<p>Als Zuschuss zur Finanzierung der gesundheitsf\u00f6rdernden Ma\u00dfnahmen erhielt Hanno von der AOK zus\u00e4tzlich einen Bonus von 6.500 Euro f\u00fcr die nachweislich erfolgreiche BGM-Einf\u00fchrung.<\/p>\n<hr \/>\n<p><a href=\"http:\/\/www.pr-neu.de\/newsroom\/wordpress\/wp-content\/uploads\/2018\/09\/18-08_Auszeichnung_BGM_G.jpg\"><img loading=\"lazy\" decoding=\"async\" class=\"aligncenter size-medium wp-image-9048\" src=\"http:\/\/www.pr-neu.de\/newsroom\/wordpress\/wp-content\/uploads\/2018\/09\/18-08_Auszeichnung_BGM_G-300x200.jpg\" alt=\"\" width=\"300\" height=\"200\" srcset=\"https:\/\/www.pr-neu.de\/newsroom\/wordpress\/wp-content\/uploads\/2018\/09\/18-08_Auszeichnung_BGM_G-300x200.jpg 300w, https:\/\/www.pr-neu.de\/newsroom\/wordpress\/wp-content\/uploads\/2018\/09\/18-08_Auszeichnung_BGM_G-768x512.jpg 768w, https:\/\/www.pr-neu.de\/newsroom\/wordpress\/wp-content\/uploads\/2018\/09\/18-08_Auszeichnung_BGM_G-1024x683.jpg 1024w, https:\/\/www.pr-neu.de\/newsroom\/wordpress\/wp-content\/uploads\/2018\/09\/18-08_Auszeichnung_BGM_G-110x73.jpg 110w, https:\/\/www.pr-neu.de\/newsroom\/wordpress\/wp-content\/uploads\/2018\/09\/18-08_Auszeichnung_BGM_G-420x280.jpg 420w, https:\/\/www.pr-neu.de\/newsroom\/wordpress\/wp-content\/uploads\/2018\/09\/18-08_Auszeichnung_BGM_G-645x430.jpg 645w, https:\/\/www.pr-neu.de\/newsroom\/wordpress\/wp-content\/uploads\/2018\/09\/18-08_Auszeichnung_BGM_G.jpg 1795w\" sizes=\"auto, (max-width: 300px) 100vw, 300px\" \/><\/a><\/p>\n<p>Hanno-Gesch\u00e4ftsf\u00fchrer G\u00fcnter Krohn nimmt die Auszeichnung von AOK-Firmenkundenberater Rainer Keunecke entgegen. V.l.n.r.: Stephan Topel, Dr. Volker Kirschbaum, G\u00fcnter Krohn, Rainer Keunecke, Simona Mieles<\/p>\n<p>Bild: AOK Niedersachsen \/ Sievers<\/p>\n<hr \/>\n<p>Abdruck honorarfrei, Belegexemplar erbeten<\/p>\n","protected":false},"excerpt":{"rendered":"<p>Gesunde und zufriedene Mitarbeiter \u2013 f\u00fcr den Dicht- und D\u00e4mmexperten Hanno ein unverzichtbarer Baustein f\u00fcr gute Leistungen und ein produktives Arbeitsklima. Daher hat das Laatzener Unternehmen in Kooperation mit der AOK Niedersachsen ein betriebliches Gesundheits\u00admanagement eingef\u00fchrt, f\u00fcr dessen erfolgreiche Umsetzung es jetzt von der Krankenkasse mit einem Zertifikat ausgezeichnet wurde.<\/p>\n<tbody>\n<tr>\n<td><!-- AddThis Button BEGIN --><\/p>\n<div class=\"addthis_toolbox addthis_default_style\">\n<div><a class=\"addthis_button_compact\" href=\"http:\/\/www.addthis.com\/bookmark.php?v=250&amp;username=xa-4bcef6844aa77bdd\">Share<\/a><span class=\"addthis_separator\">|<\/span><a class=\"addthis_button_facebook\"><\/a><a class=\"addthis_button_myspace\"><\/a><a class=\"addthis_button_google\"><\/a><a class=\"addthis_button_twitter\"><\/a><\/div>\n<\/div>\n<p><script src=\"http:\/\/s7.addthis.com\/js\/250\/addthis_widget.js#username=xa-4bcef6844aa77bdd\" type=\"text\/javascript\"><\/script><!-- AddThis Button END --><\/td>\n<\/tr>\n<\/tbody>\n<\/table>\n","protected":false},"author":6,"featured_media":9048,"comment_status":"closed","ping_status":"open","sticky":false,"template":"","format":"standard","meta":{"footnotes":""},"categories":[655,3],"tags":[],"class_list":["post-9047","post","type-post","status-publish","format-standard","has-post-thumbnail","hentry","category-hanno","category-kundenmeldungen"],"_links":{"self":[{"href":"https:\/\/www.pr-neu.de\/newsroom\/wp-json\/wp\/v2\/posts\/9047","targetHints":{"allow":["GET"]}}],"collection":[{"href":"https:\/\/www.pr-neu.de\/newsroom\/wp-json\/wp\/v2\/posts"}],"about":[{"href":"https:\/\/www.pr-neu.de\/newsroom\/wp-json\/wp\/v2\/types\/post"}],"author":[{"embeddable":true,"href":"https:\/\/www.pr-neu.de\/newsroom\/wp-json\/wp\/v2\/users\/6"}],"replies":[{"embeddable":true,"href":"https:\/\/www.pr-neu.de\/newsroom\/wp-json\/wp\/v2\/comments?post=9047"}],"version-history":[{"count":2,"href":"https:\/\/www.pr-neu.de\/newsroom\/wp-json\/wp\/v2\/posts\/9047\/revisions"}],"predecessor-version":[{"id":11586,"href":"https:\/\/www.pr-neu.de\/newsroom\/wp-json\/wp\/v2\/posts\/9047\/revisions\/11586"}],"wp:featuredmedia":[{"embeddable":true,"href":"https:\/\/www.pr-neu.de\/newsroom\/wp-json\/wp\/v2\/media\/9048"}],"wp:attachment":[{"href":"https:\/\/www.pr-neu.de\/newsroom\/wp-json\/wp\/v2\/media?parent=9047"}],"wp:term":[{"taxonomy":"category","embeddable":true,"href":"https:\/\/www.pr-neu.de\/newsroom\/wp-json\/wp\/v2\/categories?post=9047"},{"taxonomy":"post_tag","embeddable":true,"href":"https:\/\/www.pr-neu.de\/newsroom\/wp-json\/wp\/v2\/tags?post=9047"}],"curies":[{"name":"wp","href":"https:\/\/api.w.org\/{rel}","templated":true}]}}