{"id":8965,"date":"2018-09-12T10:05:16","date_gmt":"2018-09-12T08:05:16","guid":{"rendered":"http:\/\/www.pr-nord.de\/newsroom\/?p=8965"},"modified":"2018-10-04T13:56:59","modified_gmt":"2018-10-04T11:56:59","slug":"passivhaus-im-klinkerkleid","status":"publish","type":"post","link":"https:\/\/www.pr-neu.de\/newsroom\/passivhaus-im-klinkerkleid\/","title":{"rendered":"Passivhaus im Klinkerkleid"},"content":{"rendered":"<p><strong><u>Technische Schule in Londerzeel<\/u><\/strong><\/p>\n<p><strong>Mit der Erweiterung des Technischen Instituts im \ufb02\u00e4mi\u00adschen Londerzeel ist dem<\/strong> <strong>Team von TEEMA Architecten ein ins Auge springender skulpturaler Bauk\u00f6rper<\/strong> <strong>gelungen, bekleidet mit roten Klinkerfassaden von Sto. Die hochged\u00e4mmte Au\u00dfenh\u00fclle<\/strong> <strong>schafft gleichzeitig die Grundlage f\u00fcr die Einhaltung des Passivhausstandards.<\/strong><\/p>\n<p>Mit dem Programm \u201eScholen van Morgen\u201c verfolgt die nord\u00adbelgische Region Flandern aktuell die energetische Sanierung und Erweiterung von insgesamt 165 Schulen. Als Pilotprojekt f\u00fcr das Vorhaben fungiert die Erweiterung des in den 1970er-Jahren errichteten Technischen Instituts in der Gemeinde Londerzeel. Der nach Pl\u00e4nen von TEEMA Architecten fertig\u00adgestellte Neubau erweitert die bestehenden Werkst\u00e4tten des Instituts um Workshop-Klassen und modern ausgestattete Laborr\u00e4ume. Die Erschlie\u00dfung erfolgt \u00fcber einen neuen Eingangsbereich sowie ein zentrales Foyer mit Cafeteria. Neben der Sporthalle und dem offenen Lernzentrum integrierten die Architekten in den Kern des Neubaus einen als Mehrzweckraum nutzbaren Veranstaltungsort. Dieser kann ebenso wie die Sporthalle und der offene Vorplatz auch von den Bewohnern des Viertels genutzt werden. Um einen deutlichen Bezug zum rot verklinkerten Bestandsbau zu schaffen, haben die Planer das skulpturale Geb\u00e4ude mit roten Backsteinfassaden (StoBrick) ausgebildet, teils auff\u00e4llig schr\u00e4g gestreift ausgef\u00fchrt. Die darunterliegende hochwertige D\u00e4mmung (StoTherm Vario) legt dabei die Grundlage f\u00fcr das Erreichen des Passivhausstandards<\/p>\n<p>&nbsp;<\/p>\n<hr \/>\n<p>&nbsp;<\/p>\n<p><a href=\"http:\/\/www.pr-neu.de\/newsroom\/wordpress\/wp-content\/uploads\/2018\/09\/18-33_Schule-Londerzeel-1_G.jpg\" target=\"_blank\" rel=\"noopener\"><img loading=\"lazy\" decoding=\"async\" class=\"aligncenter wp-image-8968 size-medium\" src=\"http:\/\/www.pr-neu.de\/newsroom\/wordpress\/wp-content\/uploads\/2018\/09\/18-33_Schule-Londerzeel-1_G-300x200.jpg\" alt=\"\" width=\"300\" height=\"200\" srcset=\"https:\/\/www.pr-neu.de\/newsroom\/wordpress\/wp-content\/uploads\/2018\/09\/18-33_Schule-Londerzeel-1_G-300x200.jpg 300w, https:\/\/www.pr-neu.de\/newsroom\/wordpress\/wp-content\/uploads\/2018\/09\/18-33_Schule-Londerzeel-1_G-768x512.jpg 768w, https:\/\/www.pr-neu.de\/newsroom\/wordpress\/wp-content\/uploads\/2018\/09\/18-33_Schule-Londerzeel-1_G-1024x683.jpg 1024w, https:\/\/www.pr-neu.de\/newsroom\/wordpress\/wp-content\/uploads\/2018\/09\/18-33_Schule-Londerzeel-1_G-110x73.jpg 110w, https:\/\/www.pr-neu.de\/newsroom\/wordpress\/wp-content\/uploads\/2018\/09\/18-33_Schule-Londerzeel-1_G-420x280.jpg 420w, https:\/\/www.pr-neu.de\/newsroom\/wordpress\/wp-content\/uploads\/2018\/09\/18-33_Schule-Londerzeel-1_G-645x430.jpg 645w, https:\/\/www.pr-neu.de\/newsroom\/wordpress\/wp-content\/uploads\/2018\/09\/18-33_Schule-Londerzeel-1_G.jpg 1795w\" sizes=\"auto, (max-width: 300px) 100vw, 300px\" \/><\/a><\/p>\n<p style=\"text-align: center;\">Mit seiner auff\u00e4lligen Formgebung ist der Neubau ein Blickfang im Quartier \u2013 und erreicht aufgrund der hochwertig ged\u00e4mmten Klinkerfassade Passivhausstandard.<\/p>\n<p style=\"text-align: center;\">Bild:\u00a0Dennis De Smet, Gent\/TEEMA, Brasschaat\/Sto SE &amp; Co. KGaA<\/p>\n<p>&nbsp;<\/p>\n<p><a href=\"http:\/\/www.pr-neu.de\/newsroom\/wordpress\/wp-content\/uploads\/2018\/09\/18-33_Schule-Londerzeel-2_G.jpg\" target=\"_blank\" rel=\"noopener\"><img loading=\"lazy\" decoding=\"async\" class=\"aligncenter wp-image-8969 size-medium\" src=\"http:\/\/www.pr-neu.de\/newsroom\/wordpress\/wp-content\/uploads\/2018\/09\/18-33_Schule-Londerzeel-2_G-227x300.jpg\" alt=\"\" width=\"227\" height=\"300\" srcset=\"https:\/\/www.pr-neu.de\/newsroom\/wordpress\/wp-content\/uploads\/2018\/09\/18-33_Schule-Londerzeel-2_G-227x300.jpg 227w, https:\/\/www.pr-neu.de\/newsroom\/wordpress\/wp-content\/uploads\/2018\/09\/18-33_Schule-Londerzeel-2_G-768x1013.jpg 768w, https:\/\/www.pr-neu.de\/newsroom\/wordpress\/wp-content\/uploads\/2018\/09\/18-33_Schule-Londerzeel-2_G-776x1024.jpg 776w, https:\/\/www.pr-neu.de\/newsroom\/wordpress\/wp-content\/uploads\/2018\/09\/18-33_Schule-Londerzeel-2_G-83x110.jpg 83w, https:\/\/www.pr-neu.de\/newsroom\/wordpress\/wp-content\/uploads\/2018\/09\/18-33_Schule-Londerzeel-2_G-318x420.jpg 318w, https:\/\/www.pr-neu.de\/newsroom\/wordpress\/wp-content\/uploads\/2018\/09\/18-33_Schule-Londerzeel-2_G-326x430.jpg 326w, https:\/\/www.pr-neu.de\/newsroom\/wordpress\/wp-content\/uploads\/2018\/09\/18-33_Schule-Londerzeel-2_G.jpg 1361w\" sizes=\"auto, (max-width: 227px) 100vw, 227px\" \/><\/a><\/p>\n<p style=\"text-align: center;\">Mit seiner auff\u00e4lligen Formgebung ist der Neubau ein Blickfang im Quartier \u2013 und erreicht aufgrund der hochwertig ged\u00e4mmten Klinkerfassade Passivhausstandard.<\/p>\n<p style=\"text-align: center;\">Bild. Dennis De Smet, Gent\/TEEMA, Brasschaat\/Sto SE &amp; Co. KGaA<\/p>\n<p>&nbsp;<\/p>\n","protected":false},"excerpt":{"rendered":"<p>Technische Schule in Londerzeel Mit der Erweiterung des Technischen Instituts im \ufb02\u00e4mi\u00adschen Londerzeel ist dem Team von TEEMA Architecten ein ins Auge springender skulpturaler Bauk\u00f6rper gelungen, bekleidet mit roten Klinkerfassaden von Sto. Die hochged\u00e4mmte Au\u00dfenh\u00fclle schafft gleichzeitig die Grundlage f\u00fcr die Einhaltung des Passivhausstandards. Mit dem Programm \u201eScholen van Morgen\u201c verfolgt die nord\u00adbelgische Region Flandern [&hellip;]<\/p>\n","protected":false},"author":8,"featured_media":8968,"comment_status":"closed","ping_status":"open","sticky":false,"template":"","format":"standard","meta":{"footnotes":""},"categories":[15],"tags":[],"class_list":["post-8965","post","type-post","status-publish","format-standard","has-post-thumbnail","hentry","category-sto"],"_links":{"self":[{"href":"https:\/\/www.pr-neu.de\/newsroom\/wp-json\/wp\/v2\/posts\/8965","targetHints":{"allow":["GET"]}}],"collection":[{"href":"https:\/\/www.pr-neu.de\/newsroom\/wp-json\/wp\/v2\/posts"}],"about":[{"href":"https:\/\/www.pr-neu.de\/newsroom\/wp-json\/wp\/v2\/types\/post"}],"author":[{"embeddable":true,"href":"https:\/\/www.pr-neu.de\/newsroom\/wp-json\/wp\/v2\/users\/8"}],"replies":[{"embeddable":true,"href":"https:\/\/www.pr-neu.de\/newsroom\/wp-json\/wp\/v2\/comments?post=8965"}],"version-history":[{"count":5,"href":"https:\/\/www.pr-neu.de\/newsroom\/wp-json\/wp\/v2\/posts\/8965\/revisions"}],"predecessor-version":[{"id":8980,"href":"https:\/\/www.pr-neu.de\/newsroom\/wp-json\/wp\/v2\/posts\/8965\/revisions\/8980"}],"wp:featuredmedia":[{"embeddable":true,"href":"https:\/\/www.pr-neu.de\/newsroom\/wp-json\/wp\/v2\/media\/8968"}],"wp:attachment":[{"href":"https:\/\/www.pr-neu.de\/newsroom\/wp-json\/wp\/v2\/media?parent=8965"}],"wp:term":[{"taxonomy":"category","embeddable":true,"href":"https:\/\/www.pr-neu.de\/newsroom\/wp-json\/wp\/v2\/categories?post=8965"},{"taxonomy":"post_tag","embeddable":true,"href":"https:\/\/www.pr-neu.de\/newsroom\/wp-json\/wp\/v2\/tags?post=8965"}],"curies":[{"name":"wp","href":"https:\/\/api.w.org\/{rel}","templated":true}]}}