{"id":8944,"date":"2018-08-29T15:33:19","date_gmt":"2018-08-29T13:33:19","guid":{"rendered":"http:\/\/www.pr-nord.de\/newsroom\/?p=8944"},"modified":"2020-05-19T08:40:16","modified_gmt":"2020-05-19T06:40:16","slug":"schallschutz-support-vom-experten","status":"publish","type":"post","link":"https:\/\/www.pr-neu.de\/newsroom\/schallschutz-support-vom-experten\/","title":{"rendered":"Schallschutz-Support vom Experten"},"content":{"rendered":"<p><u>Hanno: Neue Pr\u00fcfzeugnisse f\u00fcr Abdichtungs-L\u00f6sungen<\/u><\/p>\n<p><strong>Der Dicht- und D\u00e4mmexperte Hanno hat beim ift Rosenheim f\u00fcr eine Vielzahl an Fenster-Anschlussfugen-L\u00f6sungen konkrete Schalld\u00e4mm-Ma\u00dfe ermitteln lassen. Damit ist es Hanno nun m\u00f6glich, praxisnah und transparent bei der Planung f\u00fcr schalld\u00e4mmenden Fenstereinbau zu beraten. Bislang war eine pr\u00e4zise Bewertung des Schalld\u00e4mm-Ma\u00dfes durch zum Teil wenig praxisnahe Versuchsaufbauten kaum m\u00f6glich \u2013 Hanno bietet nun neutral gepr\u00fcfte Schallschutz-L\u00f6sungen bis 62 dB.<\/strong><\/p>\n<p>Im Schallschutz spielen Fenster eine zentrale Rolle. Umso wichtiger, dass auch die Anschlussfugen bedacht werden: Bei Fehlern bei der Materialwahl oder nicht aufeinander abgestimmten Komponenten ger\u00e4t guter Schallschutz insgesamt in Gefahr. Die Herausforderung: Anders als bei fl\u00e4chigen Bauteilen wie Fenstern lassen sich Fugenschalld\u00e4mmma\u00dfe sehr viel schwieriger ermitteln. Das liegt einerseits an den vielf\u00e4ltigen M\u00f6glichkeiten der Anschlussausbildung, andererseits lassen sich im Labor ermittelte Werte nicht zwangsl\u00e4ufig auf die tats\u00e4chliche Ausf\u00fchrung \u00fcbertragen.<\/p>\n<p>Der Abdichtungs-Experte Hanno hat sich dieser Herausforderung angenommen, um Verarbeiter mit Erfahrungs- und Messwerten optimal zu beraten. \u201eUns war es wichtig, unsere Schallschutz-Dokumentationen auf einen aktuellen Stand zu bringen\u201c, so Dipl.-Ing. Bj\u00f6rn Kethorn, Leiter der Anwendungstechnik bei Hanno. Daf\u00fcr wurden in Zusammenarbeit mit dem ift Rosenheim umfangreiche Schalld\u00e4mm-Ma\u00dfe f\u00fcr das Hanno-Portfolio ermittelt \u2013 f\u00fcr einzelne Produkte sowie verschiedene System-Kombinationen. Hinzu kamen reale Einbausituationen, um verl\u00e4ssliche, praxisnahe Erfahrungswerte vorzuweisen \u2013 mit guten Ergebnissen. Kethorn: \u201eUnsere Multifunktionsb\u00e4nder \u201aHannoband-3E\u2018 und \u201aHannoband-3E BG1\u2018 haben in den Tests sogar Werte von 58 dB erreicht und das mit praxisnahen Abmessungen \u2013 ohne zus\u00e4tzliche Beschichtungen wie Putz oder weitere Dichtungsmassen.\u201c<\/p>\n<p>Die Erkenntnisse aus den Pr\u00fcfberichten helfen Hanno nun, seine Kunden noch transparenter und gezielter zu beraten. Bei einem M\u00fcnchner Objekt konnte sogar eine individuelle Detaill\u00f6sung umgesetzt werden: Gemeinsam mit dem Fensterbauer wurden die Einbaudetails besprochen und im Anschluss als praktisches Modell beim Fraunhofer Institut erfolgreich \u00fcberpr\u00fcft. So konnten die Anforderungen an die Anschlussfugen beim Einbau der 56 dB-Kastenfenster professionell umgesetzt werden. \u201eNat\u00fcrlich sind solche Objekte nicht der Regelfall. Aber sie zeigen, was mit hochwertigen Produkten in Kombination mit guter Beratung m\u00f6glich ist\u201c, freut sich Kethorn.<\/p>\n<hr \/>\n<p style=\"text-align: center;\"><a href=\"http:\/\/www.pr-neu.de\/newsroom\/wordpress\/wp-content\/uploads\/2018\/08\/18-07_Pruefzeugnisse-Schallschutz_G.jpg\"><img loading=\"lazy\" decoding=\"async\" class=\"size-medium wp-image-8945 aligncenter\" src=\"http:\/\/www.pr-neu.de\/newsroom\/wordpress\/wp-content\/uploads\/2018\/08\/18-07_Pruefzeugnisse-Schallschutz_G-169x300.jpg\" alt=\"\" width=\"169\" height=\"300\" srcset=\"https:\/\/www.pr-neu.de\/newsroom\/wordpress\/wp-content\/uploads\/2018\/08\/18-07_Pruefzeugnisse-Schallschutz_G-169x300.jpg 169w, https:\/\/www.pr-neu.de\/newsroom\/wordpress\/wp-content\/uploads\/2018\/08\/18-07_Pruefzeugnisse-Schallschutz_G-768x1365.jpg 768w, https:\/\/www.pr-neu.de\/newsroom\/wordpress\/wp-content\/uploads\/2018\/08\/18-07_Pruefzeugnisse-Schallschutz_G-576x1024.jpg 576w, https:\/\/www.pr-neu.de\/newsroom\/wordpress\/wp-content\/uploads\/2018\/08\/18-07_Pruefzeugnisse-Schallschutz_G-62x110.jpg 62w, https:\/\/www.pr-neu.de\/newsroom\/wordpress\/wp-content\/uploads\/2018\/08\/18-07_Pruefzeugnisse-Schallschutz_G-236x420.jpg 236w, https:\/\/www.pr-neu.de\/newsroom\/wordpress\/wp-content\/uploads\/2018\/08\/18-07_Pruefzeugnisse-Schallschutz_G-242x430.jpg 242w, https:\/\/www.pr-neu.de\/newsroom\/wordpress\/wp-content\/uploads\/2018\/08\/18-07_Pruefzeugnisse-Schallschutz_G.jpg 1010w\" sizes=\"auto, (max-width: 169px) 100vw, 169px\" \/><\/a>In Zusammenarbeit mit dem ift-Rosenheim lie\u00df Hanno Schalld\u00e4mm-Ma\u00dfe f\u00fcr einzelne Produkte und System-Kombinationen entwickeln \u2013 zum Beispiel auch f\u00fcr das Folienband \u201eDUO Easy\u201c.<br \/>\nBild: Hanno Werk GmbH &amp; Co. KG<\/p>\n<p style=\"text-align: center;\"><a href=\"http:\/\/www.pr-neu.de\/newsroom\/wordpress\/wp-content\/uploads\/2018\/08\/18-07-Hannoband_3E_BG1_G.jpg\"><img loading=\"lazy\" decoding=\"async\" class=\"size-medium wp-image-8946 aligncenter\" src=\"http:\/\/www.pr-neu.de\/newsroom\/wordpress\/wp-content\/uploads\/2018\/08\/18-07-Hannoband_3E_BG1_G-300x201.jpg\" alt=\"\" width=\"300\" height=\"201\" srcset=\"https:\/\/www.pr-neu.de\/newsroom\/wordpress\/wp-content\/uploads\/2018\/08\/18-07-Hannoband_3E_BG1_G-300x201.jpg 300w, https:\/\/www.pr-neu.de\/newsroom\/wordpress\/wp-content\/uploads\/2018\/08\/18-07-Hannoband_3E_BG1_G-768x516.jpg 768w, https:\/\/www.pr-neu.de\/newsroom\/wordpress\/wp-content\/uploads\/2018\/08\/18-07-Hannoband_3E_BG1_G-1024x687.jpg 1024w, https:\/\/www.pr-neu.de\/newsroom\/wordpress\/wp-content\/uploads\/2018\/08\/18-07-Hannoband_3E_BG1_G-110x74.jpg 110w, https:\/\/www.pr-neu.de\/newsroom\/wordpress\/wp-content\/uploads\/2018\/08\/18-07-Hannoband_3E_BG1_G-420x282.jpg 420w, https:\/\/www.pr-neu.de\/newsroom\/wordpress\/wp-content\/uploads\/2018\/08\/18-07-Hannoband_3E_BG1_G-641x430.jpg 641w, https:\/\/www.pr-neu.de\/newsroom\/wordpress\/wp-content\/uploads\/2018\/08\/18-07-Hannoband_3E_BG1_G.jpg 1795w\" sizes=\"auto, (max-width: 300px) 100vw, 300px\" \/><\/a><br \/>\nDas Multifunktions-Fugendichtband erf\u00fcllt strengste Qualit\u00e4ts- und Sicherheitsbedingungen \u2013 gepr\u00fcft und best\u00e4tigt durch das ift Rosenheim.<br \/>\nBild: Hanno Werk GmbH &amp; Co. KG<\/p>\n<hr \/>\n<p>Abdruck honorarfrei, Belegexemplar erbeten<\/p>\n","protected":false},"excerpt":{"rendered":"<p>Hanno: Neue Pr\u00fcfzeugnisse f\u00fcr Abdichtungs-L\u00f6sungen Der Dicht- und D\u00e4mmexperte Hanno hat beim ift Rosenheim f\u00fcr eine Vielzahl an Fenster-Anschlussfugen-L\u00f6sungen konkrete Schalld\u00e4mm-Ma\u00dfe ermitteln lassen. Damit ist es Hanno nun m\u00f6glich, praxisnah und transparent bei der Planung f\u00fcr schalld\u00e4mmenden Fenstereinbau zu beraten. Bislang war eine pr\u00e4zise Bewertung des Schalld\u00e4mm-Ma\u00dfes durch zum Teil wenig praxisnahe Versuchsaufbauten kaum m\u00f6glich [&hellip;]<\/p>\n","protected":false},"author":6,"featured_media":8946,"comment_status":"closed","ping_status":"open","sticky":false,"template":"","format":"standard","meta":{"footnotes":""},"categories":[655,3],"tags":[],"class_list":["post-8944","post","type-post","status-publish","format-standard","has-post-thumbnail","hentry","category-hanno","category-kundenmeldungen"],"_links":{"self":[{"href":"https:\/\/www.pr-neu.de\/newsroom\/wp-json\/wp\/v2\/posts\/8944","targetHints":{"allow":["GET"]}}],"collection":[{"href":"https:\/\/www.pr-neu.de\/newsroom\/wp-json\/wp\/v2\/posts"}],"about":[{"href":"https:\/\/www.pr-neu.de\/newsroom\/wp-json\/wp\/v2\/types\/post"}],"author":[{"embeddable":true,"href":"https:\/\/www.pr-neu.de\/newsroom\/wp-json\/wp\/v2\/users\/6"}],"replies":[{"embeddable":true,"href":"https:\/\/www.pr-neu.de\/newsroom\/wp-json\/wp\/v2\/comments?post=8944"}],"version-history":[{"count":5,"href":"https:\/\/www.pr-neu.de\/newsroom\/wp-json\/wp\/v2\/posts\/8944\/revisions"}],"predecessor-version":[{"id":11587,"href":"https:\/\/www.pr-neu.de\/newsroom\/wp-json\/wp\/v2\/posts\/8944\/revisions\/11587"}],"wp:featuredmedia":[{"embeddable":true,"href":"https:\/\/www.pr-neu.de\/newsroom\/wp-json\/wp\/v2\/media\/8946"}],"wp:attachment":[{"href":"https:\/\/www.pr-neu.de\/newsroom\/wp-json\/wp\/v2\/media?parent=8944"}],"wp:term":[{"taxonomy":"category","embeddable":true,"href":"https:\/\/www.pr-neu.de\/newsroom\/wp-json\/wp\/v2\/categories?post=8944"},{"taxonomy":"post_tag","embeddable":true,"href":"https:\/\/www.pr-neu.de\/newsroom\/wp-json\/wp\/v2\/tags?post=8944"}],"curies":[{"name":"wp","href":"https:\/\/api.w.org\/{rel}","templated":true}]}}