{"id":8938,"date":"2018-09-15T09:00:09","date_gmt":"2018-09-15T07:00:09","guid":{"rendered":"http:\/\/www.pr-nord.de\/newsroom\/?p=8938"},"modified":"2019-01-21T11:20:41","modified_gmt":"2019-01-21T10:20:41","slug":"optimiert-und-breiter-einsetzbar","status":"publish","type":"post","link":"https:\/\/www.pr-neu.de\/newsroom\/optimiert-und-breiter-einsetzbar\/","title":{"rendered":"Optimiert und breiter einsetzbar"},"content":{"rendered":"<p><u>Premiumfarbe \u201eProfi XXL\u201c von S\u00fcdwest<\/u><\/p>\n<p>Die bew\u00e4hrte Innenraum-Premiumfarbe \u201eProfi XXL\u201c von S\u00fcd\u00adwest (B\u00f6hl-Iggelheim) wurde jetzt in zweifacher Hinsicht opti\u00admiert: Sie erf\u00fcllt nun die Anforderungen der Nassabriebklasse 2 und ist zudem auch in intensiven Farbt\u00f6nen erh\u00e4ltlich. \u00a0Unver\u00e4ndert bleiben ihre hohe Deckkraft und die leichte Verarbeitbarkeit. So erweitert sich das Einsatzfeld der Farbe \u2013 durch die zweith\u00f6chste Nassabriebklasse lassen sich die strapazierf\u00e4higen W\u00e4nde problemlos reinigen und das erweiterte Farbspektrum erm\u00f6glicht es, wesentlich mehr Kundenw\u00fcnsche bei der Farbtonwahl zu erf\u00fcllen. Das geht sogar besonders schnell und einfach, da \u201eProfi XXL\u201c vor Ort beim H\u00e4ndler \u00fcber die All-Color-Mix-Station abgemischt wird.<\/p>\n<p>\u201eProfi XXL\u201c hat sich vor allem wegen der hohen Deckkraft und der optimalen Flutschigkeit etabliert, durch die sich die Farbe mit geringem Rollwiderstand leicht auftragen l\u00e4sst. Die gute Deckkraft sorgt im Zusammenspiel mit dem exzellenten Wei\u00dfgrad (aufgrund des hohen Titandioxid-Anteils) f\u00fcr perfekt wei\u00dfe W\u00e4nde mit nur einem Anstrich. So kann die Premium\u00adfarbe auch auf schwierigen Untergr\u00fcnden angewendet werden. \u201eProfi XXL\u201c enth\u00e4lt keine foggingaktiven Substanzen, ist emissionsarm, l\u00f6semittel- und weichmacherfrei (mit T\u00dcV-Gutachten) und somit auch aus \u00f6kologischer Sicht zu empfehlen. Mehr Infos: <a href=\"http:\/\/www.profixxl.de\">www.profixxl.de<\/a><\/p>\n<p>&nbsp;<\/p>\n<hr \/>\n<p>&nbsp;<\/p>\n<p><strong>Einf\u00fchrungskampagne nach Pre-Test<\/strong><\/p>\n<p>Zum Start der \u201eneuen Profi XXL\u201c hat S\u00fcdwest eine breite Markteinf\u00fchrungs-Kampagne gestartet. Ein Kernelement ist die Zugaben-Aktion mit dem Handel: Bei Abnahme von 32 Ge\u00adbinden \u00e0 12,5 Liter erhalten Fachhandwerker einen Makita-Akku-Bohrhammer gratis. Die Aktion l\u00e4uft bis Ende November. In einem Pre-Test mit Maler-Profis hat die Farbe bereits ihre Praxis\u00adtauglichkeit belegt. \u201eDie Handwerker, die schon vorab mit Profi XXL gearbeitet haben, best\u00e4tigen die guten technischen Eigenschaften der Farbe. Daher sind wir davon \u00fcberzeugt, die Entwicklung in die richtige Richtung gelenkt zu haben\u201c, meint Christian Schubert, Farben-Profi bei S\u00fcdwest.<\/p>\n<p>&nbsp;<\/p>\n<hr \/>\n<p>&nbsp;<\/p>\n<p>&nbsp;<\/p>\n<p><a href=\"http:\/\/www.pr-neu.de\/newsroom\/wordpress\/wp-content\/uploads\/2018\/09\/18-19_Gebinde_G.jpg\" target=\"_blank\" rel=\"noopener\"><img loading=\"lazy\" decoding=\"async\" class=\"aligncenter wp-image-9045 size-medium\" src=\"http:\/\/www.pr-neu.de\/newsroom\/wordpress\/wp-content\/uploads\/2018\/09\/18-19_Gebinde_G-300x300.jpg\" alt=\"\" width=\"300\" height=\"300\" srcset=\"https:\/\/www.pr-neu.de\/newsroom\/wordpress\/wp-content\/uploads\/2018\/09\/18-19_Gebinde_G-300x300.jpg 300w, https:\/\/www.pr-neu.de\/newsroom\/wordpress\/wp-content\/uploads\/2018\/09\/18-19_Gebinde_G-150x150.jpg 150w, https:\/\/www.pr-neu.de\/newsroom\/wordpress\/wp-content\/uploads\/2018\/09\/18-19_Gebinde_G-768x768.jpg 768w, https:\/\/www.pr-neu.de\/newsroom\/wordpress\/wp-content\/uploads\/2018\/09\/18-19_Gebinde_G-1024x1024.jpg 1024w, https:\/\/www.pr-neu.de\/newsroom\/wordpress\/wp-content\/uploads\/2018\/09\/18-19_Gebinde_G-250x250.jpg 250w, https:\/\/www.pr-neu.de\/newsroom\/wordpress\/wp-content\/uploads\/2018\/09\/18-19_Gebinde_G-125x125.jpg 125w, https:\/\/www.pr-neu.de\/newsroom\/wordpress\/wp-content\/uploads\/2018\/09\/18-19_Gebinde_G-110x110.jpg 110w, https:\/\/www.pr-neu.de\/newsroom\/wordpress\/wp-content\/uploads\/2018\/09\/18-19_Gebinde_G-420x420.jpg 420w, https:\/\/www.pr-neu.de\/newsroom\/wordpress\/wp-content\/uploads\/2018\/09\/18-19_Gebinde_G-430x430.jpg 430w, https:\/\/www.pr-neu.de\/newsroom\/wordpress\/wp-content\/uploads\/2018\/09\/18-19_Gebinde_G.jpg 1795w\" sizes=\"auto, (max-width: 300px) 100vw, 300px\" \/><\/a><\/p>\n<p style=\"text-align: center;\">Die weiterentwickelte Premiumfarbe steht in vielen Gebinde\u00adgr\u00f6\u00dfen von 1 bis 15 Liter bereit.<br \/>\nBild: S\u00fcdwest<\/p>\n<p>&nbsp;<\/p>\n<p style=\"text-align: center;\"><a href=\"http:\/\/www.pr-neu.de\/newsroom\/wordpress\/wp-content\/uploads\/2018\/09\/18-19_ProfiXXL-Microsite_G.jpg\" target=\"_blank\" rel=\"noopener\"><img loading=\"lazy\" decoding=\"async\" class=\"aligncenter wp-image-9044 size-medium\" src=\"http:\/\/www.pr-neu.de\/newsroom\/wordpress\/wp-content\/uploads\/2018\/09\/18-19_ProfiXXL-Microsite_G-300x228.jpg\" alt=\"\" width=\"300\" height=\"228\" srcset=\"https:\/\/www.pr-neu.de\/newsroom\/wordpress\/wp-content\/uploads\/2018\/09\/18-19_ProfiXXL-Microsite_G-300x228.jpg 300w, https:\/\/www.pr-neu.de\/newsroom\/wordpress\/wp-content\/uploads\/2018\/09\/18-19_ProfiXXL-Microsite_G-768x585.jpg 768w, https:\/\/www.pr-neu.de\/newsroom\/wordpress\/wp-content\/uploads\/2018\/09\/18-19_ProfiXXL-Microsite_G-1024x780.jpg 1024w, https:\/\/www.pr-neu.de\/newsroom\/wordpress\/wp-content\/uploads\/2018\/09\/18-19_ProfiXXL-Microsite_G-110x84.jpg 110w, https:\/\/www.pr-neu.de\/newsroom\/wordpress\/wp-content\/uploads\/2018\/09\/18-19_ProfiXXL-Microsite_G-420x320.jpg 420w, https:\/\/www.pr-neu.de\/newsroom\/wordpress\/wp-content\/uploads\/2018\/09\/18-19_ProfiXXL-Microsite_G-565x430.jpg 565w, https:\/\/www.pr-neu.de\/newsroom\/wordpress\/wp-content\/uploads\/2018\/09\/18-19_ProfiXXL-Microsite_G.jpg 1795w\" sizes=\"auto, (max-width: 300px) 100vw, 300px\" \/><\/a><em><br \/>\n<\/em>F\u00fcr umfangreiche Informationen zur neuen \u201eProfi XXL\u201c hat S\u00fcdwest eine eigene Microsite entwickelt: <a href=\"http:\/\/www.profixxl.de\">www.profixxl.de<\/a><br \/>\nBild: S\u00fcdwest<\/p>\n","protected":false},"excerpt":{"rendered":"<p>Die bew\u00e4hrte Innenraum-Premiumfarbe \u201eProfi XXL\u201c von S\u00fcdwest (B\u00f6hl-Iggelheim) wurde jetzt in zweifacher Hinsicht optimiert: Sie erf\u00fcllt nun die Anforderungen der Nassabriebklasse 2 und ist zudem auch in intensiven Farbt\u00f6nen erh\u00e4ltlich. \u00a0Unver\u00e4ndert bleiben ihre hohe Deckkraft und die leichte Verarbeitbarkeit.<\/p>\n<tbody>\n<tr>\n<td><!-- AddThis Button BEGIN --><\/p>\n<div class=\"addthis_toolbox addthis_default_style\">\n<div><a class=\"addthis_button_compact\" href=\"http:\/\/www.addthis.com\/bookmark.php?v=250&amp;username=xa-4bcef6844aa77bdd\">Share<\/a><span class=\"addthis_separator\">|<\/span><a class=\"addthis_button_facebook\"><\/a><a class=\"addthis_button_myspace\"><\/a><a class=\"addthis_button_google\"><\/a><a class=\"addthis_button_twitter\"><\/a><\/div>\n<\/div>\n<p><script src=\"http:\/\/s7.addthis.com\/js\/250\/addthis_widget.js#username=xa-4bcef6844aa77bdd\" type=\"text\/javascript\"><\/script><!-- AddThis Button END --><\/td>\n<\/tr>\n<\/tbody>\n<\/table>\n","protected":false},"author":6,"featured_media":9045,"comment_status":"closed","ping_status":"open","sticky":false,"template":"","format":"standard","meta":{"footnotes":""},"categories":[17],"tags":[],"class_list":["post-8938","post","type-post","status-publish","format-standard","has-post-thumbnail","hentry","category-sudwest"],"_links":{"self":[{"href":"https:\/\/www.pr-neu.de\/newsroom\/wp-json\/wp\/v2\/posts\/8938","targetHints":{"allow":["GET"]}}],"collection":[{"href":"https:\/\/www.pr-neu.de\/newsroom\/wp-json\/wp\/v2\/posts"}],"about":[{"href":"https:\/\/www.pr-neu.de\/newsroom\/wp-json\/wp\/v2\/types\/post"}],"author":[{"embeddable":true,"href":"https:\/\/www.pr-neu.de\/newsroom\/wp-json\/wp\/v2\/users\/6"}],"replies":[{"embeddable":true,"href":"https:\/\/www.pr-neu.de\/newsroom\/wp-json\/wp\/v2\/comments?post=8938"}],"version-history":[{"count":4,"href":"https:\/\/www.pr-neu.de\/newsroom\/wp-json\/wp\/v2\/posts\/8938\/revisions"}],"predecessor-version":[{"id":9046,"href":"https:\/\/www.pr-neu.de\/newsroom\/wp-json\/wp\/v2\/posts\/8938\/revisions\/9046"}],"wp:featuredmedia":[{"embeddable":true,"href":"https:\/\/www.pr-neu.de\/newsroom\/wp-json\/wp\/v2\/media\/9045"}],"wp:attachment":[{"href":"https:\/\/www.pr-neu.de\/newsroom\/wp-json\/wp\/v2\/media?parent=8938"}],"wp:term":[{"taxonomy":"category","embeddable":true,"href":"https:\/\/www.pr-neu.de\/newsroom\/wp-json\/wp\/v2\/categories?post=8938"},{"taxonomy":"post_tag","embeddable":true,"href":"https:\/\/www.pr-neu.de\/newsroom\/wp-json\/wp\/v2\/tags?post=8938"}],"curies":[{"name":"wp","href":"https:\/\/api.w.org\/{rel}","templated":true}]}}