{"id":8930,"date":"2018-08-23T11:39:48","date_gmt":"2018-08-23T09:39:48","guid":{"rendered":"http:\/\/www.pr-nord.de\/newsroom\/?p=8930"},"modified":"2018-08-23T11:41:58","modified_gmt":"2018-08-23T09:41:58","slug":"suedwest-sponsert-regionalen-sport","status":"publish","type":"post","link":"https:\/\/www.pr-neu.de\/newsroom\/suedwest-sponsert-regionalen-sport\/","title":{"rendered":"S\u00fcdwest sponsert regionalen Sport"},"content":{"rendered":"<p><u>Trikotsponsor des FC Palatia B\u00f6hl<\/u><\/p>\n<p>Die S\u00fcdwest Lacke und Farben GmbH (B\u00f6hl-Iggelheim) verl\u00e4ngert ihr Engagement als Sponsor beim Fu\u00dfballverein FC Palatia B\u00f6hl und stellt der 1. Herren-Mannschaft auch in der aktuellen Saison Trikots und Trainingsausr\u00fcstung zur Verf\u00fc\u00adgung. Seit der Saison 2014\/2015 ist der Baustoffhersteller als Sponsor des 110 Jahre alten Sportvereins aktiv. \u201eSoziale Verantwortung beginnt vor der Haust\u00fcr. Deshalb haben wir uns daf\u00fcr entschieden, hier einen ortsans\u00e4ssigen Verein zu unter\u00adst\u00fctzen\u201c, meint S\u00fcdwest-Marketingleiter Michael Killing und dr\u00fcckt der Mannschaft die Daumen f\u00fcr eine erfolgreiche Saison.<\/p>\n<p>&nbsp;<\/p>\n<hr \/>\n<p>&nbsp;<\/p>\n<p><a href=\"http:\/\/www.pr-neu.de\/newsroom\/wordpress\/wp-content\/uploads\/2018\/08\/18-21_Palatia_Boehl_G.jpg\" target=\"_blank\" rel=\"noopener\"><img loading=\"lazy\" decoding=\"async\" class=\"wp-image-8931 size-medium aligncenter\" src=\"http:\/\/www.pr-neu.de\/newsroom\/wordpress\/wp-content\/uploads\/2018\/08\/18-21_Palatia_Boehl_G-300x200.jpg\" alt=\"\" width=\"300\" height=\"200\" srcset=\"https:\/\/www.pr-neu.de\/newsroom\/wordpress\/wp-content\/uploads\/2018\/08\/18-21_Palatia_Boehl_G-300x200.jpg 300w, https:\/\/www.pr-neu.de\/newsroom\/wordpress\/wp-content\/uploads\/2018\/08\/18-21_Palatia_Boehl_G-768x513.jpg 768w, https:\/\/www.pr-neu.de\/newsroom\/wordpress\/wp-content\/uploads\/2018\/08\/18-21_Palatia_Boehl_G-1024x683.jpg 1024w, https:\/\/www.pr-neu.de\/newsroom\/wordpress\/wp-content\/uploads\/2018\/08\/18-21_Palatia_Boehl_G-110x73.jpg 110w, https:\/\/www.pr-neu.de\/newsroom\/wordpress\/wp-content\/uploads\/2018\/08\/18-21_Palatia_Boehl_G-420x280.jpg 420w, https:\/\/www.pr-neu.de\/newsroom\/wordpress\/wp-content\/uploads\/2018\/08\/18-21_Palatia_Boehl_G-644x430.jpg 644w, https:\/\/www.pr-neu.de\/newsroom\/wordpress\/wp-content\/uploads\/2018\/08\/18-21_Palatia_Boehl_G.jpg 1795w\" sizes=\"auto, (max-width: 300px) 100vw, 300px\" \/><\/a><\/p>\n<p style=\"text-align: center;\">Zur Saison 2018\/19 tritt die Mannschaft des FC Palatia B\u00f6hl wieder in S\u00fcdwest Trikots an.<\/p>\n","protected":false},"excerpt":{"rendered":"<p>Die S\u00fcdwest Lacke und Farben GmbH (B\u00f6hl-Iggelheim) verl\u00e4ngert ihr Engagement als Sponsor beim Fu\u00dfballverein FC Palatia B\u00f6hl und stellt der 1. Herren-Mannschaft auch in der aktuellen Saison Trikots und Trainingsausr\u00fcstung zur Verf\u00fc\u00adgung.<\/p>\n<tbody>\n<tr>\n<td><!-- AddThis Button BEGIN --><\/p>\n<div class=\"addthis_toolbox addthis_default_style\">\n<div><a class=\"addthis_button_compact\" href=\"http:\/\/www.addthis.com\/bookmark.php?v=250&amp;username=xa-4bcef6844aa77bdd\">Share<\/a><span class=\"addthis_separator\">|<\/span><a class=\"addthis_button_facebook\"><\/a><a class=\"addthis_button_myspace\"><\/a><a class=\"addthis_button_google\"><\/a><a class=\"addthis_button_twitter\"><\/a><\/div>\n<\/div>\n<p><script src=\"http:\/\/s7.addthis.com\/js\/250\/addthis_widget.js#username=xa-4bcef6844aa77bdd\" type=\"text\/javascript\"><\/script><!-- AddThis Button END --><\/td>\n<\/tr>\n<\/tbody>\n<\/table>\n","protected":false},"author":6,"featured_media":8931,"comment_status":"closed","ping_status":"open","sticky":false,"template":"","format":"standard","meta":{"footnotes":""},"categories":[3,17],"tags":[],"class_list":["post-8930","post","type-post","status-publish","format-standard","has-post-thumbnail","hentry","category-kundenmeldungen","category-sudwest"],"_links":{"self":[{"href":"https:\/\/www.pr-neu.de\/newsroom\/wp-json\/wp\/v2\/posts\/8930","targetHints":{"allow":["GET"]}}],"collection":[{"href":"https:\/\/www.pr-neu.de\/newsroom\/wp-json\/wp\/v2\/posts"}],"about":[{"href":"https:\/\/www.pr-neu.de\/newsroom\/wp-json\/wp\/v2\/types\/post"}],"author":[{"embeddable":true,"href":"https:\/\/www.pr-neu.de\/newsroom\/wp-json\/wp\/v2\/users\/6"}],"replies":[{"embeddable":true,"href":"https:\/\/www.pr-neu.de\/newsroom\/wp-json\/wp\/v2\/comments?post=8930"}],"version-history":[{"count":3,"href":"https:\/\/www.pr-neu.de\/newsroom\/wp-json\/wp\/v2\/posts\/8930\/revisions"}],"predecessor-version":[{"id":8935,"href":"https:\/\/www.pr-neu.de\/newsroom\/wp-json\/wp\/v2\/posts\/8930\/revisions\/8935"}],"wp:featuredmedia":[{"embeddable":true,"href":"https:\/\/www.pr-neu.de\/newsroom\/wp-json\/wp\/v2\/media\/8931"}],"wp:attachment":[{"href":"https:\/\/www.pr-neu.de\/newsroom\/wp-json\/wp\/v2\/media?parent=8930"}],"wp:term":[{"taxonomy":"category","embeddable":true,"href":"https:\/\/www.pr-neu.de\/newsroom\/wp-json\/wp\/v2\/categories?post=8930"},{"taxonomy":"post_tag","embeddable":true,"href":"https:\/\/www.pr-neu.de\/newsroom\/wp-json\/wp\/v2\/tags?post=8930"}],"curies":[{"name":"wp","href":"https:\/\/api.w.org\/{rel}","templated":true}]}}