{"id":8900,"date":"2018-08-16T15:27:13","date_gmt":"2018-08-16T13:27:13","guid":{"rendered":"http:\/\/www.pr-nord.de\/newsroom\/?p=8900"},"modified":"2020-05-18T15:17:36","modified_gmt":"2020-05-18T13:17:36","slug":"dynamische-verglasung-international-im-einsatz","status":"publish","type":"post","link":"https:\/\/www.pr-neu.de\/newsroom\/dynamische-verglasung-international-im-einsatz\/","title":{"rendered":"Dynamische Verglasung: International im Einsatz"},"content":{"rendered":"<p>ECONTROL\u00ae goes global (Halle 11, Stand H58)<\/p>\n<p><strong>Ein Qualit\u00e4ts-Produkt, kurze Lieferzeiten, umfassende Unterst\u00fctzung und Isolierglasfertigung durch ausgew\u00e4hlte Partner vor Ort \u2013 Mit diesem Full-Service-Konzept beschreitet EControl-Glas erfolgreich seinen Weg der Internationalisierung. Um diese Marschroute vielen Interessierten zu zeigen, nutzt der Pionier dimmbarer Verglasung die glasstec (Halle 11, Stand H58) und pr\u00e4sentiert seine Leistungsf\u00e4higkeit. \u201eEin reibungsloser Ablauf und ein Produkt, das unsere Kunden begeistert \u2013 wir haben schon bei mehreren Projekten mit EControl erfolgreich zusammengearbeitet\u201c, sagt Leif Hogner, Gesch\u00e4ftsf\u00fchrer der norwegischen SmartGlass AS, einer der lokalen Partner.<\/strong><\/p>\n<p>In Trondheim haben Hogner, der zugleich auch f\u00fcr den norwegischen Isolierglas-Hersteller CG Glass arbeitet, und EControl 303 Gl\u00e4ser auf 275 Quadratmetern verarbeitet. \u201eEin Landmark-Projekt, bei dem die dimmbaren Scheiben ihre St\u00e4rken ausspielen: Kein Sonnenschutz st\u00f6rt den Gesamteindruck der Fassade, der Blick nach drau\u00dfen ist ungetr\u00fcbt und das Raumklima wird positiv beeinflusst. \u201eDas Team von EControl-Glas ist ein idealer Partner. Alles war perfekt aufeinander abgestimmt\u201c, erkl\u00e4rt Hogner zufrieden. Der internationale Weg des Unternehmens gr\u00fcndet auf diesem Full-Service-Gedanken und der Partnerschaften vor Ort. \u201eWir haben in j\u00fcngster Zeit beispielsweise Projekte in Australien, Frankreich und Russland realisiert. Nach Kasachstan geht jetzt Glas f\u00fcr eine 250 Quadratmeter gro\u00dfe Kuppel und in Skandinavien sind schon rund 2.000 Quadratmeter von unserem Glas verbaut\u201c, berichtet EControl-Gesch\u00e4ftsf\u00fchrer Tobias John, \u201eauch S\u00fcdkorea entdeckt unsere dynamische Verschattung f\u00fcr sich.\u201c In dem technikaffinen Land stehen \u201eSmart Buildings\u201c hoch im Kurs. Die smarte Verglasung und das digitale Steuerungskonzept von EControl bilden in diesen intelligenten Geb\u00e4uden eine wichtige S\u00e4ule: Die EControl-L\u00f6sung erlaubt sowohl Automation als auch individuelle Steuerung und ist somit ideal f\u00fcr die \u201e4.0-Welt des Arbeitens und Lebens\u201c. Das beinhaltet auch die Kontrolle durch die EControl-Experten in Plauen: Per Fernzugriff k\u00f6nnen alle Daten der Verglasung abgerufen werden.<\/p>\n<p>Die dimmbaren Gl\u00e4ser von EControl, erh\u00e4ltlich als 2-fach und 3-fach-Isolierglas, reduzieren den Lichtdurchlass um bis zu 90 Prozent, erlauben dennoch den freien Blick nach drau\u00dfen und sperren zugleich W\u00e4rme aus. Das schafft ein angenehmes Raumklima am Arbeitsplatz und zu Hause. Im privaten Sektor eignen sich die EControl-Gl\u00e4ser zum Beispiel f\u00fcr Winterg\u00e4rten, um auch bei Hitze den Blick in den Garten genie\u00dfen zu k\u00f6nnen.<\/p>\n<hr noshade=\"noshade\" size=\"1\" \/>\n<p style=\"text-align: center;\"><a href=\"http:\/\/www.pr-neu.de\/newsroom\/wordpress\/wp-content\/uploads\/2018\/08\/18-03_EControl-Steuerungskonzept_G.jpg\" target=\"_blank\" rel=\"noopener noreferrer\"><img loading=\"lazy\" decoding=\"async\" class=\"aligncenter wp-image-8903 size-medium\" src=\"http:\/\/www.pr-neu.de\/newsroom\/wordpress\/wp-content\/uploads\/2018\/08\/18-03_EControl-Steuerungskonzept_G-300x258.jpg\" alt=\"\" width=\"300\" height=\"258\" srcset=\"https:\/\/www.pr-neu.de\/newsroom\/wordpress\/wp-content\/uploads\/2018\/08\/18-03_EControl-Steuerungskonzept_G-300x258.jpg 300w, https:\/\/www.pr-neu.de\/newsroom\/wordpress\/wp-content\/uploads\/2018\/08\/18-03_EControl-Steuerungskonzept_G-768x660.jpg 768w, https:\/\/www.pr-neu.de\/newsroom\/wordpress\/wp-content\/uploads\/2018\/08\/18-03_EControl-Steuerungskonzept_G-1024x880.jpg 1024w, https:\/\/www.pr-neu.de\/newsroom\/wordpress\/wp-content\/uploads\/2018\/08\/18-03_EControl-Steuerungskonzept_G-110x95.jpg 110w, https:\/\/www.pr-neu.de\/newsroom\/wordpress\/wp-content\/uploads\/2018\/08\/18-03_EControl-Steuerungskonzept_G-420x361.jpg 420w, https:\/\/www.pr-neu.de\/newsroom\/wordpress\/wp-content\/uploads\/2018\/08\/18-03_EControl-Steuerungskonzept_G-500x430.jpg 500w, https:\/\/www.pr-neu.de\/newsroom\/wordpress\/wp-content\/uploads\/2018\/08\/18-03_EControl-Steuerungskonzept_G.jpg 1795w\" sizes=\"auto, (max-width: 300px) 100vw, 300px\" \/><\/a><\/p>\n<p style=\"text-align: center;\">Das digitale EControl-Steuerungskonzept bietet dem<br \/>\nNutzer alle Freiheiten, den Sonnenschutz nach Bedarf<br \/>\neinzustellen. Auf der glasstec ist es am Stand des<br \/>\nUnternehmens \u2013 Halle 11, H58 \u2013 zu sehen.<br \/>\nFoto: EControl-Glas GmbH &amp; Co. KG<\/p>\n<p style=\"text-align: center;\"><a href=\"http:\/\/www.pr-neu.de\/newsroom\/wordpress\/wp-content\/uploads\/2018\/08\/18-03_econtrol-glas_G.jpg\" target=\"_blank\" rel=\"noopener noreferrer\"><img loading=\"lazy\" decoding=\"async\" class=\"aligncenter wp-image-8902 size-medium\" src=\"http:\/\/www.pr-neu.de\/newsroom\/wordpress\/wp-content\/uploads\/2018\/08\/18-03_econtrol-glas_G-186x300.jpg\" alt=\"\" width=\"186\" height=\"300\" srcset=\"https:\/\/www.pr-neu.de\/newsroom\/wordpress\/wp-content\/uploads\/2018\/08\/18-03_econtrol-glas_G-186x300.jpg 186w, https:\/\/www.pr-neu.de\/newsroom\/wordpress\/wp-content\/uploads\/2018\/08\/18-03_econtrol-glas_G-768x1241.jpg 768w, https:\/\/www.pr-neu.de\/newsroom\/wordpress\/wp-content\/uploads\/2018\/08\/18-03_econtrol-glas_G-634x1024.jpg 634w, https:\/\/www.pr-neu.de\/newsroom\/wordpress\/wp-content\/uploads\/2018\/08\/18-03_econtrol-glas_G-68x110.jpg 68w, https:\/\/www.pr-neu.de\/newsroom\/wordpress\/wp-content\/uploads\/2018\/08\/18-03_econtrol-glas_G-260x420.jpg 260w, https:\/\/www.pr-neu.de\/newsroom\/wordpress\/wp-content\/uploads\/2018\/08\/18-03_econtrol-glas_G-266x430.jpg 266w, https:\/\/www.pr-neu.de\/newsroom\/wordpress\/wp-content\/uploads\/2018\/08\/18-03_econtrol-glas_G.jpg 1111w\" sizes=\"auto, (max-width: 186px) 100vw, 186px\" \/><\/a><\/p>\n<p style=\"text-align: center;\">Das elektrochrome EControl-Glas l\u00e4sst sich dimmen<br \/>\nund reduziert so den Lichteinfall um bis zu 90 Prozent.<br \/>\nGleichzeitig wird der Energiedurchlass merklich reduziert,<br \/>\nsodass R\u00e4ume nicht so stark aufheizen.<br \/>\nFoto: DIGIWORLD.tv\/EControl-Glas GmbH &amp; Co. KG<\/p>\n<hr noshade=\"noshade\" size=\"1\" \/>\n<p>Abdruck honorarfrei, Belegexemplar erbeten<\/p>\n<p><strong>R\u00fcckfragen beantwortet gern<\/strong><\/p>\n<table style=\"height: 92px;\" width=\"532\">\n<tbody>\n<tr>\n<td valign=\"top\" width=\"260\" height=\"25\"><strong>EControl-Glas<\/strong> GmbH &amp; Co. KG<br \/>\nNadine Witt<br \/>\nTel.: +49(0)3741\/14820-116<br \/>\nFax: +49(0)3741\/14820-150<br \/>\nE-Mail: <a href=\"m&#97;&#x69;&#x6c;&#x74;o&#58;&#112;&#x72;&#x65;s&#115;&#101;&#x40;&#x65;co&#110;&#x74;&#x72;&#x6f;l&#45;&#x67;&#x6c;&#x61;s&#46;&#100;&#x65;\">p&#114;&#x65;&#x73;s&#101;&#x40;&#x65;c&#111;&#110;&#x74;&#x72;o&#108;&#x2d;&#x67;l&#97;&#x73;&#x2e;d&#101;<\/a><\/td>\n<td colspan=\"3\" valign=\"top\" width=\"260\" height=\"21\"><\/td>\n<\/tr>\n<\/tbody>\n<\/table>\n","protected":false},"excerpt":{"rendered":"<p>Ein Qualit\u00e4ts-Produkt, kurze Lieferzeiten, umfassende Unterst\u00fctzung und Isolierglasfertigung durch ausgew\u00e4hlte Partner vor Ort \u2013 Mit diesem Full-Service-Konzept beschreitet EControl-Glas erfolgreich seinen Weg der  Internationalisierung. <\/p>\n<tbody>\n<tr>\n<td><!-- AddThis Button BEGIN --><\/p>\n<div class=\"addthis_toolbox addthis_default_style\">\n<div><a class=\"addthis_button_compact\" href=\"http:\/\/www.addthis.com\/bookmark.php?v=250&amp;username=xa-4bcef6844aa77bdd\">Share<\/a><span class=\"addthis_separator\">|<\/span><a class=\"addthis_button_facebook\"><\/a><a class=\"addthis_button_myspace\"><\/a><a class=\"addthis_button_google\"><\/a><a class=\"addthis_button_twitter\"><\/a><\/div>\n<\/div>\n<p><script src=\"http:\/\/s7.addthis.com\/js\/250\/addthis_widget.js#username=xa-4bcef6844aa77bdd\" type=\"text\/javascript\"><\/script><!-- AddThis Button END --><\/td>\n<\/tr>\n<\/tbody>\n<\/table>\n","protected":false},"author":6,"featured_media":8906,"comment_status":"closed","ping_status":"open","sticky":false,"template":"","format":"standard","meta":{"footnotes":""},"categories":[25,3],"tags":[],"class_list":["post-8900","post","type-post","status-publish","format-standard","has-post-thumbnail","hentry","category-econtrol","category-kundenmeldungen"],"_links":{"self":[{"href":"https:\/\/www.pr-neu.de\/newsroom\/wp-json\/wp\/v2\/posts\/8900","targetHints":{"allow":["GET"]}}],"collection":[{"href":"https:\/\/www.pr-neu.de\/newsroom\/wp-json\/wp\/v2\/posts"}],"about":[{"href":"https:\/\/www.pr-neu.de\/newsroom\/wp-json\/wp\/v2\/types\/post"}],"author":[{"embeddable":true,"href":"https:\/\/www.pr-neu.de\/newsroom\/wp-json\/wp\/v2\/users\/6"}],"replies":[{"embeddable":true,"href":"https:\/\/www.pr-neu.de\/newsroom\/wp-json\/wp\/v2\/comments?post=8900"}],"version-history":[{"count":2,"href":"https:\/\/www.pr-neu.de\/newsroom\/wp-json\/wp\/v2\/posts\/8900\/revisions"}],"predecessor-version":[{"id":11530,"href":"https:\/\/www.pr-neu.de\/newsroom\/wp-json\/wp\/v2\/posts\/8900\/revisions\/11530"}],"wp:featuredmedia":[{"embeddable":true,"href":"https:\/\/www.pr-neu.de\/newsroom\/wp-json\/wp\/v2\/media\/8906"}],"wp:attachment":[{"href":"https:\/\/www.pr-neu.de\/newsroom\/wp-json\/wp\/v2\/media?parent=8900"}],"wp:term":[{"taxonomy":"category","embeddable":true,"href":"https:\/\/www.pr-neu.de\/newsroom\/wp-json\/wp\/v2\/categories?post=8900"},{"taxonomy":"post_tag","embeddable":true,"href":"https:\/\/www.pr-neu.de\/newsroom\/wp-json\/wp\/v2\/tags?post=8900"}],"curies":[{"name":"wp","href":"https:\/\/api.w.org\/{rel}","templated":true}]}}