{"id":8827,"date":"2018-07-23T14:49:21","date_gmt":"2018-07-23T12:49:21","guid":{"rendered":"http:\/\/www.pr-nord.de\/newsroom\/?p=8827"},"modified":"2020-05-19T08:40:42","modified_gmt":"2020-05-19T06:40:42","slug":"neues-melaminvlies-leise-auf-reise","status":"publish","type":"post","link":"https:\/\/www.pr-neu.de\/newsroom\/neues-melaminvlies-leise-auf-reise\/","title":{"rendered":"Neues Melaminvlies: Leise auf Reise"},"content":{"rendered":"<p><u>Hanno mit Messe-Neuheit auf der Innotrans: Halle 3.1, Stand 227<\/u><\/p>\n<p>Hanno, Experte f\u00fcr Fugenabdichtung und Schalld\u00e4mmung im Automobil-, Schienenfahrzeug- und Maschinenbau,\u00a0 pr\u00e4sentiert auf der Innotrans 2018 (Halle 3.1, Stand 227) erstmals sein neues Melaminvlies: Das innovative Material eignet sich ausgezeichnet zur W\u00e4rme- und Schalld\u00e4mmung und erm\u00f6glicht mit einer W\u00e4rmeleitf\u00e4higkeit unter 0,03 Wm\/K d\u00fcnnere D\u00e4mmschichtdicken. Auch f\u00fcr den Brandschutz eignet sich das Vlies optimal: Es kann weder brennen noch schmelzen, schrumpft und tropft nicht und sorgt so f\u00fcr hohe Sicherheit. Zudem ist es 3D-verformbar sowie hydrophob einstellbar und l\u00e4sst sich so flexibel dem Kundenwunsch anpassen.<\/p>\n<p>Daneben hat Hanno seine bew\u00e4hrten Produkte im Gep\u00e4ck, die Vibrationen und laute Ger\u00e4usche in Zug und Stra\u00dfenbahn minimieren und so f\u00fcr eine ruhige Fahrt sorgen: Die HannoTect-Serie aus Melaminharzschaum, das vielseitige Hanno-Fiber aus Polyesterfaservlies sowie Hanno-Protecto und Hanno-Redusoft aus impr\u00e4gniertem PU-Schaum. Alle Materialien sind nach EN 45545 gepr\u00fcft und bis zur Gef\u00e4hrdungsstufe HL3 einsetzbar.<\/p>\n<hr \/>\n<p><a href=\"http:\/\/www.pr-neu.de\/newsroom\/wordpress\/wp-content\/uploads\/2018\/07\/18-06_TW3000_Uestra_interpoliert_G.jpg\" target=\"_blank\" rel=\"noopener noreferrer\"><img loading=\"lazy\" decoding=\"async\" class=\"aligncenter wp-image-8828 size-medium\" src=\"http:\/\/www.pr-neu.de\/newsroom\/wordpress\/wp-content\/uploads\/2018\/07\/18-06_TW3000_Uestra_interpoliert_G-300x218.jpg\" alt=\"\" width=\"300\" height=\"218\" srcset=\"https:\/\/www.pr-neu.de\/newsroom\/wordpress\/wp-content\/uploads\/2018\/07\/18-06_TW3000_Uestra_interpoliert_G-300x218.jpg 300w, https:\/\/www.pr-neu.de\/newsroom\/wordpress\/wp-content\/uploads\/2018\/07\/18-06_TW3000_Uestra_interpoliert_G-768x559.jpg 768w, https:\/\/www.pr-neu.de\/newsroom\/wordpress\/wp-content\/uploads\/2018\/07\/18-06_TW3000_Uestra_interpoliert_G-1024x746.jpg 1024w, https:\/\/www.pr-neu.de\/newsroom\/wordpress\/wp-content\/uploads\/2018\/07\/18-06_TW3000_Uestra_interpoliert_G-110x80.jpg 110w, https:\/\/www.pr-neu.de\/newsroom\/wordpress\/wp-content\/uploads\/2018\/07\/18-06_TW3000_Uestra_interpoliert_G-420x306.jpg 420w, https:\/\/www.pr-neu.de\/newsroom\/wordpress\/wp-content\/uploads\/2018\/07\/18-06_TW3000_Uestra_interpoliert_G-591x430.jpg 591w, https:\/\/www.pr-neu.de\/newsroom\/wordpress\/wp-content\/uploads\/2018\/07\/18-06_TW3000_Uestra_interpoliert_G.jpg 1795w\" sizes=\"auto, (max-width: 300px) 100vw, 300px\" \/><\/a><\/p>\n<p style=\"text-align: center;\">Neueste Hannoversche Stra\u00dfenbahn \u2013 ausgestattet mit HANNO-Materialien.<\/p>\n<p style=\"text-align: center;\">Bild: \u00dcSTRA Hannoversche Verkehrsbetriebe AG<\/p>\n<hr \/>\n<p>Abdruck honorarfrei, Belegexemplar erbeten<\/p>\n","protected":false},"excerpt":{"rendered":"<p>Hanno mit Messe-Neuheit auf der Innotrans: Halle 3.1, Stand 227 Hanno, Experte f\u00fcr Fugenabdichtung und Schalld\u00e4mmung im Automobil-, Schienenfahrzeug- und Maschinenbau,\u00a0 pr\u00e4sentiert auf der Innotrans 2018 (Halle 3.1, Stand 227) erstmals sein neues Melaminvlies: Das innovative Material eignet sich ausgezeichnet zur W\u00e4rme- und Schalld\u00e4mmung und erm\u00f6glicht mit einer W\u00e4rmeleitf\u00e4higkeit unter 0,03 Wm\/K d\u00fcnnere D\u00e4mmschichtdicken. Auch [&hellip;]<\/p>\n","protected":false},"author":6,"featured_media":8828,"comment_status":"closed","ping_status":"open","sticky":false,"template":"","format":"standard","meta":{"footnotes":""},"categories":[655],"tags":[],"class_list":["post-8827","post","type-post","status-publish","format-standard","has-post-thumbnail","hentry","category-hanno"],"_links":{"self":[{"href":"https:\/\/www.pr-neu.de\/newsroom\/wp-json\/wp\/v2\/posts\/8827","targetHints":{"allow":["GET"]}}],"collection":[{"href":"https:\/\/www.pr-neu.de\/newsroom\/wp-json\/wp\/v2\/posts"}],"about":[{"href":"https:\/\/www.pr-neu.de\/newsroom\/wp-json\/wp\/v2\/types\/post"}],"author":[{"embeddable":true,"href":"https:\/\/www.pr-neu.de\/newsroom\/wp-json\/wp\/v2\/users\/6"}],"replies":[{"embeddable":true,"href":"https:\/\/www.pr-neu.de\/newsroom\/wp-json\/wp\/v2\/comments?post=8827"}],"version-history":[{"count":6,"href":"https:\/\/www.pr-neu.de\/newsroom\/wp-json\/wp\/v2\/posts\/8827\/revisions"}],"predecessor-version":[{"id":11588,"href":"https:\/\/www.pr-neu.de\/newsroom\/wp-json\/wp\/v2\/posts\/8827\/revisions\/11588"}],"wp:featuredmedia":[{"embeddable":true,"href":"https:\/\/www.pr-neu.de\/newsroom\/wp-json\/wp\/v2\/media\/8828"}],"wp:attachment":[{"href":"https:\/\/www.pr-neu.de\/newsroom\/wp-json\/wp\/v2\/media?parent=8827"}],"wp:term":[{"taxonomy":"category","embeddable":true,"href":"https:\/\/www.pr-neu.de\/newsroom\/wp-json\/wp\/v2\/categories?post=8827"},{"taxonomy":"post_tag","embeddable":true,"href":"https:\/\/www.pr-neu.de\/newsroom\/wp-json\/wp\/v2\/tags?post=8827"}],"curies":[{"name":"wp","href":"https:\/\/api.w.org\/{rel}","templated":true}]}}