{"id":8806,"date":"2018-07-16T16:17:14","date_gmt":"2018-07-16T14:17:14","guid":{"rendered":"http:\/\/www.pr-nord.de\/newsroom\/?p=8806"},"modified":"2020-05-18T15:05:29","modified_gmt":"2020-05-18T13:05:29","slug":"boden-gut-gemacht","status":"publish","type":"post","link":"https:\/\/www.pr-neu.de\/newsroom\/boden-gut-gemacht\/","title":{"rendered":"Boden \u2013 gut gemacht"},"content":{"rendered":"<p><u>Methacryl-Fu\u00dfbodenfarbe und PU-Siegel von S\u00fcdwest: Verbesserte Qualit\u00e4t erf\u00fcllt AgBB-Anforderungen<\/u><\/p>\n<p><strong>Das bew\u00e4hrte Duo \u201eMethacryl-Fu\u00dfbodenfarbe\u201c und \u201ePU-Siegel\u201c von S\u00fcdwest (B\u00f6hl-Iggelheim) gibt es jetzt in optimierter Qualit\u00e4t: Beide Produkte erf\u00fcllen die AgBB-Anforderungen an VOC-Emissionen und punkten mit einer verbesserten Rutschhemmung. Somit sch\u00fctzen sie B\u00f6den innen wie au\u00dfen sicher, robust und besonders emissionsarm.<\/strong><\/p>\n<p>Fu\u00dfb\u00f6den stellen hohe Anspr\u00fcche an ihre Beschichtung: starke mechanische Belastungen, Reinigungsmittel und nicht zuletzt die Witterung erfordern eine zuverl\u00e4ssige und strapazierf\u00e4hige Oberfl\u00e4che.<\/p>\n<p><strong>Vielseitig, robust und emissionsarm<\/strong><\/p>\n<p>Eine unkomplizierte L\u00f6sung f\u00fcr normal bis stark beanspruchte B\u00f6den ist die einkomponentige \u201eMethacryl-Fu\u00dfbodenfarbe\u201c. Sie eignet sich f\u00fcr innen und au\u00dfen und ist damit die richtige Wahl etwa f\u00fcr Keller und Lager, Verkaufs- und Ausstellungsr\u00e4ume, Balkone, Terrassen bis hin zum Fassadensockel. Besonders f\u00fcr Innenr\u00e4ume wichtig: Die robuste Beschichtung ist emissionsarm und erf\u00fcllt die AgBB-Anforderungen an fl\u00fcchtige organische Verbindungen. In der neuen Qualit\u00e4t erreicht sie zudem die Rutschhemmklasse 11. Mit der \u201eMethacryl-Fu\u00dfbodenfarbe\u201c entstehen hoch strapazierf\u00e4hige Fl\u00e4chen \u2013 abriebfest und best\u00e4ndig gegen die Witterung sowie haushalts\u00fcbliche Chemikalien. Auch der optische Anspruch kommt nicht zu kurz, denn mit dem S\u00fcdwest-All-Color Mix-System lassen sich unkompliziert zahlreiche Farbt\u00f6ne realisieren.<\/p>\n<p><strong>Extra-Portion Schutz<\/strong><\/p>\n<p>Besonders bei intensiven, dunklen Farbt\u00f6nen empfiehlt sich als zus\u00e4tzliche Schutzschicht das seidengl\u00e4nzende \u201ePU-Siegel\u201c von S\u00fcdwest. Die transparente Beschichtung auf Wasserbasis versiegelt die Fl\u00e4chen, sch\u00fctzt sie so optimal und l\u00e4sst sich leicht reinigen. Wie die Methacryl-Fu\u00dfbodenfarbe ist auch das \u201ePU-Siegel\u201c emissionsarm und erf\u00fcllt die AgBB-Anforderungen. Mit Rutschhemmklasse 10 und seiner hohen Strapazierf\u00e4higkeit eignet es sich ideal als Schlussbeschichtung f\u00fcr die unterschiedlichsten Untergr\u00fcnde innen und au\u00dfen.<\/p>\n<p>Wo der Boden zus\u00e4tzlich hohen chemischen Einfl\u00fcssen ausgesetzt ist, zum Beispiel Weichmachern aus Reifen, ist das \u201e2K-Epoxi-Siegel\u201c gefragt. Zusammen mit dem \u201eAdditiv R\u201c f\u00fcr erh\u00f6hte Rutschhemmung (Rutschhemmklasse R10) rundet es das S\u00fcdwest-Bodensortiment ab.<\/p>\n<hr \/>\n<p style=\"text-align: center;\"><em>Das Bild in voller Gr\u00f6\u00dfe (300 dpi) \u00f6ffnen Sie durch einen Linksklick auf das Bild.<br \/>\nKlicken Sie dann mit der rechten Maustaste und w\u00e4hlen Sie \u201eBild speichern unter\u201c um das Bild herunterzuladen.<\/em><\/p>\n<p><a href=\"http:\/\/www.pr-neu.de\/newsroom\/wordpress\/wp-content\/uploads\/2018\/07\/18-10-Boden_G.jpg\" target=\"_blank\" rel=\"noopener noreferrer\"><img loading=\"lazy\" decoding=\"async\" class=\"wp-image-8807 size-medium aligncenter\" src=\"http:\/\/www.pr-neu.de\/newsroom\/wordpress\/wp-content\/uploads\/2018\/07\/18-10-Boden_G-300x201.jpg\" alt=\"\" width=\"300\" height=\"201\" srcset=\"https:\/\/www.pr-neu.de\/newsroom\/wordpress\/wp-content\/uploads\/2018\/07\/18-10-Boden_G-300x201.jpg 300w, https:\/\/www.pr-neu.de\/newsroom\/wordpress\/wp-content\/uploads\/2018\/07\/18-10-Boden_G-768x516.jpg 768w, https:\/\/www.pr-neu.de\/newsroom\/wordpress\/wp-content\/uploads\/2018\/07\/18-10-Boden_G-1024x687.jpg 1024w, https:\/\/www.pr-neu.de\/newsroom\/wordpress\/wp-content\/uploads\/2018\/07\/18-10-Boden_G-110x74.jpg 110w, https:\/\/www.pr-neu.de\/newsroom\/wordpress\/wp-content\/uploads\/2018\/07\/18-10-Boden_G-420x282.jpg 420w, https:\/\/www.pr-neu.de\/newsroom\/wordpress\/wp-content\/uploads\/2018\/07\/18-10-Boden_G-641x430.jpg 641w, https:\/\/www.pr-neu.de\/newsroom\/wordpress\/wp-content\/uploads\/2018\/07\/18-10-Boden_G.jpg 1795w\" sizes=\"auto, (max-width: 300px) 100vw, 300px\" \/><\/a><\/p>\n<p style=\"text-align: center;\">Ob Terrasse oder Krankenhaus \u2013 durch die Robustheit und<br \/>\nAgBB-konforme Formulierung hat der Handwerker mit dem<br \/>\nDuo Methacryl-Fu\u00dfbodenfarbe und PU-Siegel eine universal<br \/>\neinsetzbare Beschichtung.<br \/>\nBild: Fotolia<\/p>\n<hr \/>\n<p>Abdruck honorarfrei, Belegexemplar erbeten<\/p>\n","protected":false},"excerpt":{"rendered":"<p>Das bew\u00e4hrte Duo \u201eMethacryl-Fu\u00dfbodenfarbe\u201c und \u201ePU-Siegel\u201c von S\u00fcdwest (B\u00f6hl-Iggelheim) gibt es jetzt in optimierter Qualit\u00e4t: Beide Produkte erf\u00fcllen die AgBB-Anforderungen an VOC-Emissionen und punkten mit einer verbesserten Rutschhemmung. Somit sch\u00fctzen sie B\u00f6den innen wie au\u00dfen sicher, robust und besonders emissionsarm.<\/p>\n<tbody>\n<tr>\n<td><!-- AddThis Button BEGIN --><\/p>\n<div class=\"addthis_toolbox addthis_default_style\">\n<div><a class=\"addthis_button_compact\" href=\"http:\/\/www.addthis.com\/bookmark.php?v=250&amp;username=xa-4bcef6844aa77bdd\">Share<\/a><span class=\"addthis_separator\">|<\/span><a class=\"addthis_button_facebook\"><\/a><a class=\"addthis_button_myspace\"><\/a><a class=\"addthis_button_google\"><\/a><a class=\"addthis_button_twitter\"><\/a><\/div>\n<\/div>\n<p><script src=\"http:\/\/s7.addthis.com\/js\/250\/addthis_widget.js#username=xa-4bcef6844aa77bdd\" type=\"text\/javascript\"><\/script><!-- AddThis Button END --><\/td>\n<\/tr>\n<\/tbody>\n<\/table>\n","protected":false},"author":6,"featured_media":8807,"comment_status":"closed","ping_status":"open","sticky":false,"template":"","format":"standard","meta":{"footnotes":""},"categories":[17],"tags":[],"class_list":["post-8806","post","type-post","status-publish","format-standard","has-post-thumbnail","hentry","category-sudwest"],"_links":{"self":[{"href":"https:\/\/www.pr-neu.de\/newsroom\/wp-json\/wp\/v2\/posts\/8806","targetHints":{"allow":["GET"]}}],"collection":[{"href":"https:\/\/www.pr-neu.de\/newsroom\/wp-json\/wp\/v2\/posts"}],"about":[{"href":"https:\/\/www.pr-neu.de\/newsroom\/wp-json\/wp\/v2\/types\/post"}],"author":[{"embeddable":true,"href":"https:\/\/www.pr-neu.de\/newsroom\/wp-json\/wp\/v2\/users\/6"}],"replies":[{"embeddable":true,"href":"https:\/\/www.pr-neu.de\/newsroom\/wp-json\/wp\/v2\/comments?post=8806"}],"version-history":[{"count":3,"href":"https:\/\/www.pr-neu.de\/newsroom\/wp-json\/wp\/v2\/posts\/8806\/revisions"}],"predecessor-version":[{"id":11498,"href":"https:\/\/www.pr-neu.de\/newsroom\/wp-json\/wp\/v2\/posts\/8806\/revisions\/11498"}],"wp:featuredmedia":[{"embeddable":true,"href":"https:\/\/www.pr-neu.de\/newsroom\/wp-json\/wp\/v2\/media\/8807"}],"wp:attachment":[{"href":"https:\/\/www.pr-neu.de\/newsroom\/wp-json\/wp\/v2\/media?parent=8806"}],"wp:term":[{"taxonomy":"category","embeddable":true,"href":"https:\/\/www.pr-neu.de\/newsroom\/wp-json\/wp\/v2\/categories?post=8806"},{"taxonomy":"post_tag","embeddable":true,"href":"https:\/\/www.pr-neu.de\/newsroom\/wp-json\/wp\/v2\/tags?post=8806"}],"curies":[{"name":"wp","href":"https:\/\/api.w.org\/{rel}","templated":true}]}}