{"id":8785,"date":"2018-07-11T13:12:10","date_gmt":"2018-07-11T11:12:10","guid":{"rendered":"http:\/\/www.pr-nord.de\/newsroom\/?p=8785"},"modified":"2020-05-18T15:05:36","modified_gmt":"2020-05-18T13:05:36","slug":"individuell-markiert","status":"publish","type":"post","link":"https:\/\/www.pr-neu.de\/newsroom\/individuell-markiert\/","title":{"rendered":"Individuell markiert"},"content":{"rendered":"<p><u>Neu: S\u00fcdwest Markierungsfarbe jetzt t\u00f6nbar<\/u><\/p>\n<p>Die bew\u00e4hrte \u201eMarkierungsfarbe\u201c von S\u00fcdwest (B\u00f6hl-Iggelheim) ist jetzt \u00fcber das All-Color Mix-System t\u00f6nbar. Damit erhalten Stellpl\u00e4tze, Gehwege oder Fahrbahnen nicht nur robuste, sondern auch individuelle Markierungen. Die neuen T\u00f6ne gibt es direkt ab Werk oder bei H\u00e4ndlern mit All-Color ClassicMix-Systemen. Neben wei\u00df und schwarz lassen sich zahlreiche intensive Nuancen erzielen, beispielsweise Verkehrsrot, -blau \u00a0oder -gelb (\u00e4hnlich der RAL-T\u00f6ne 3020, 5017 und 1023). Die Markierungsfarbe zeichnet sich durch ihre sehr gute Haftfestigkeit aus und ist abrieb- und staplerfest. Zudem trocknet sie sehr schnell: Nach etwa zehn Minuten sind die Markierungen staubtrocken, bereits nach zwei bis drei Stunden \u00fcberfahrbar. In allen T\u00f6nen gew\u00e4hrleistet sie hohe Tagessichtbarkeit. Sie ist aromatenfrei, matt, \u00a0innen wie au\u00dfen einsetzbar und eignet sich f\u00fcr Beton, Zementestriche, Makadam-Decken, Asphalt sowie Pflastersteine. Die Markierungsfarbe l\u00e4sst sich streichen oder rollen und ist in den Gebindegr\u00f6\u00dfen 0,75, 2,5 und 10 Liter erh\u00e4ltlich.<\/p>\n<hr \/>\n<p style=\"text-align: center;\"><em>Das Bild in voller Gr\u00f6\u00dfe (300 dpi) \u00f6ffnen Sie durch einen Linksklick auf das Bild.<br \/>\nKlicken Sie dann mit der rechten Maustaste und w\u00e4hlen Sie \u201eBild speichern unter\u201c um das Bild herunterzuladen.<\/em><\/p>\n<p><a href=\"http:\/\/www.pr-neu.de\/newsroom\/wordpress\/wp-content\/uploads\/2018\/07\/18-08-Markierungsfarbe_G.jpg\" target=\"_blank\" rel=\"noopener noreferrer\"><img loading=\"lazy\" decoding=\"async\" class=\"wp-image-8786 size-medium aligncenter\" src=\"http:\/\/www.pr-neu.de\/newsroom\/wordpress\/wp-content\/uploads\/2018\/07\/18-08-Markierungsfarbe_G-300x201.jpg\" alt=\"\" width=\"300\" height=\"201\" srcset=\"https:\/\/www.pr-neu.de\/newsroom\/wordpress\/wp-content\/uploads\/2018\/07\/18-08-Markierungsfarbe_G-300x201.jpg 300w, https:\/\/www.pr-neu.de\/newsroom\/wordpress\/wp-content\/uploads\/2018\/07\/18-08-Markierungsfarbe_G-768x516.jpg 768w, https:\/\/www.pr-neu.de\/newsroom\/wordpress\/wp-content\/uploads\/2018\/07\/18-08-Markierungsfarbe_G-1024x687.jpg 1024w, https:\/\/www.pr-neu.de\/newsroom\/wordpress\/wp-content\/uploads\/2018\/07\/18-08-Markierungsfarbe_G-110x74.jpg 110w, https:\/\/www.pr-neu.de\/newsroom\/wordpress\/wp-content\/uploads\/2018\/07\/18-08-Markierungsfarbe_G-420x282.jpg 420w, https:\/\/www.pr-neu.de\/newsroom\/wordpress\/wp-content\/uploads\/2018\/07\/18-08-Markierungsfarbe_G-641x430.jpg 641w, https:\/\/www.pr-neu.de\/newsroom\/wordpress\/wp-content\/uploads\/2018\/07\/18-08-Markierungsfarbe_G.jpg 1795w\" sizes=\"auto, (max-width: 300px) 100vw, 300px\" \/><\/a><\/p>\n<p style=\"text-align: center;\">Mit der Markierungsfarbe lassen sich Parkpl\u00e4tze,<br \/>\nFahrbahnen oder Gehwege schnell und robust kennzeichnen,<br \/>\njetzt auch in vielen intensiven Farbt\u00f6nen.<br \/>\nBild: S\u00fcdwest<\/p>\n<hr \/>\n<p>Abdruck honorarfrei, Belegexemplar erbeten<\/p>\n","protected":false},"excerpt":{"rendered":"<p>Die bew\u00e4hrte \u201eMarkierungsfarbe\u201c von S\u00fcdwest (B\u00f6hl-Iggelheim) ist jetzt \u00fcber das All-Color Mix-System t\u00f6nbar. Damit erhalten Stellpl\u00e4tze, Gehwege oder Fahrbahnen nicht nur robuste, sondern auch individuelle Markierungen. <\/p>\n<tbody>\n<tr>\n<td><!-- AddThis Button BEGIN --><\/p>\n<div class=\"addthis_toolbox addthis_default_style\">\n<div><a class=\"addthis_button_compact\" href=\"http:\/\/www.addthis.com\/bookmark.php?v=250&amp;username=xa-4bcef6844aa77bdd\">Share<\/a><span class=\"addthis_separator\">|<\/span><a class=\"addthis_button_facebook\"><\/a><a class=\"addthis_button_myspace\"><\/a><a class=\"addthis_button_google\"><\/a><a class=\"addthis_button_twitter\"><\/a><\/div>\n<\/div>\n<p><script src=\"http:\/\/s7.addthis.com\/js\/250\/addthis_widget.js#username=xa-4bcef6844aa77bdd\" type=\"text\/javascript\"><\/script><!-- AddThis Button END --><\/td>\n<\/tr>\n<\/tbody>\n<\/table>\n","protected":false},"author":6,"featured_media":8786,"comment_status":"closed","ping_status":"open","sticky":false,"template":"","format":"standard","meta":{"footnotes":""},"categories":[17],"tags":[],"class_list":["post-8785","post","type-post","status-publish","format-standard","has-post-thumbnail","hentry","category-sudwest"],"_links":{"self":[{"href":"https:\/\/www.pr-neu.de\/newsroom\/wp-json\/wp\/v2\/posts\/8785","targetHints":{"allow":["GET"]}}],"collection":[{"href":"https:\/\/www.pr-neu.de\/newsroom\/wp-json\/wp\/v2\/posts"}],"about":[{"href":"https:\/\/www.pr-neu.de\/newsroom\/wp-json\/wp\/v2\/types\/post"}],"author":[{"embeddable":true,"href":"https:\/\/www.pr-neu.de\/newsroom\/wp-json\/wp\/v2\/users\/6"}],"replies":[{"embeddable":true,"href":"https:\/\/www.pr-neu.de\/newsroom\/wp-json\/wp\/v2\/comments?post=8785"}],"version-history":[{"count":3,"href":"https:\/\/www.pr-neu.de\/newsroom\/wp-json\/wp\/v2\/posts\/8785\/revisions"}],"predecessor-version":[{"id":11499,"href":"https:\/\/www.pr-neu.de\/newsroom\/wp-json\/wp\/v2\/posts\/8785\/revisions\/11499"}],"wp:featuredmedia":[{"embeddable":true,"href":"https:\/\/www.pr-neu.de\/newsroom\/wp-json\/wp\/v2\/media\/8786"}],"wp:attachment":[{"href":"https:\/\/www.pr-neu.de\/newsroom\/wp-json\/wp\/v2\/media?parent=8785"}],"wp:term":[{"taxonomy":"category","embeddable":true,"href":"https:\/\/www.pr-neu.de\/newsroom\/wp-json\/wp\/v2\/categories?post=8785"},{"taxonomy":"post_tag","embeddable":true,"href":"https:\/\/www.pr-neu.de\/newsroom\/wp-json\/wp\/v2\/tags?post=8785"}],"curies":[{"name":"wp","href":"https:\/\/api.w.org\/{rel}","templated":true}]}}