{"id":8737,"date":"2018-07-05T11:25:50","date_gmt":"2018-07-05T09:25:50","guid":{"rendered":"http:\/\/www.pr-nord.de\/newsroom\/?p=8737"},"modified":"2020-05-18T15:17:48","modified_gmt":"2020-05-18T13:17:48","slug":"digitale-vielfalt-fuer-dimmbares-glas","status":"publish","type":"post","link":"https:\/\/www.pr-neu.de\/newsroom\/digitale-vielfalt-fuer-dimmbares-glas\/","title":{"rendered":"Digitale Vielfalt f\u00fcr dimmbares Glas"},"content":{"rendered":"<p><u>EControl: Generation 2018 des innovativen Steuerungskonzeptes eingef\u00fchrt<\/u><\/p>\n<p><strong>Mit der 2018er Generation der innovativen Steuerung wird die elektrochrom dimmbare Verglasung von EControl (Plauen) fit f\u00fcr alle digitalen Anforderungen: Die Elemente sind die j\u00fcngste Generation der Steuereinheit \u201eECmodul\u201c sowie das moderne Touch-Bedienelement \u201eECmaster\u201c, das rechnerbasierte Steuerungskonzept \u201eECconcept\u201c und die Applikation f\u00fcr mobile Endger\u00e4te. Mit diesem Hard- und Software-Portfolio f\u00fcgt sich die Steuerung in ein Netzwerk des \u201eInternets der Dinge\u201c (IoT) wie in ein Smart-Office- oder Smart-Home-System problemlos ein. So l\u00e4sst sich eine bedarfsgerechte dimmbare Verschattung schaffen. <\/strong><\/p>\n<p><strong>\u00a0<\/strong>Das Fundament f\u00fcr die intelligente Ansteuerung der dimmbaren ECONTROL-Scheiben bildet \u201eECconcept\u201c. Eine rechnerbasierte Steuerungsl\u00f6sung, die eine individuell ansteuerbare Eindunklung erm\u00f6glicht \u2013 von der Einzelscheibe bis zur ganzen Fassade, wobei die Fassadenansicht auf dem Rechner abgebildet werden kann.<\/p>\n<p>Die manuelle Steuerung erfolgt \u00fcber das neu gestaltete Touch-Bedienelement \u201eECmaster\u201c, das in Verbindung mit einem Lichtsensor die Scheiben auch automatisch eindunkelt. Sowohl \u201eECmaster\u201c als auch \u201eECconcept\u201c lassen sich mittels integrierter Modbus-Schnittstelle in alle marktg\u00e4ngigen Geb\u00e4ude\u00adautomatisierungssysteme einbinden oder mit einem mobilen Endger\u00e4t Tablett steuern. Optisch fast stufenlos k\u00f6nnen die Gl\u00e4ser bis auf zehn Prozent Lichttransmission (T<sub>V<\/sub>) und Gesamtenergiedurchlass (g-Wert) gedimmt werden. Die Funktion mindert die Blendwirkung und verhindert im Sommer zugleich ein Aufheizen des Raums \u2013 ganz ohne Raffstoren oder Jalousien bleibt der freie Blick nach drau\u00dfen erhalten.<\/p>\n<p>Der Energieverbrauch der neuen Steuereinheit wird beim Schalten zuk\u00fcnftig deutlich verringert, die Leistungsaufnahme in der aktuellen Generation wird von 2 Watt auf 0,2 Watt pro Schaltvorgang reduziert.<\/p>\n<hr \/>\n<p style=\"text-align: center;\"><em>Die Bilder in voller Gr\u00f6\u00dfe (300 dpi) \u00f6ffnen Sie durch einen Linksklick auf das jeweilige Bild.<br \/>\nKlicken Sie dann mit der rechten Maustaste und w\u00e4hlen Sie \u201eBild speichern unter\u201c um das Bild herunterzuladen.<\/em><\/p>\n<p><a href=\"http:\/\/www.pr-neu.de\/newsroom\/wordpress\/wp-content\/uploads\/2018\/07\/18-02_EControl-Steuerungskonzept_G.jpg\" target=\"_blank\" rel=\"noopener noreferrer\"><img loading=\"lazy\" decoding=\"async\" class=\"wp-image-8741 size-medium aligncenter\" src=\"http:\/\/www.pr-neu.de\/newsroom\/wordpress\/wp-content\/uploads\/2018\/07\/18-02_EControl-Steuerungskonzept_G-300x258.jpg\" alt=\"\" width=\"300\" height=\"258\" srcset=\"https:\/\/www.pr-neu.de\/newsroom\/wordpress\/wp-content\/uploads\/2018\/07\/18-02_EControl-Steuerungskonzept_G-300x258.jpg 300w, https:\/\/www.pr-neu.de\/newsroom\/wordpress\/wp-content\/uploads\/2018\/07\/18-02_EControl-Steuerungskonzept_G-768x660.jpg 768w, https:\/\/www.pr-neu.de\/newsroom\/wordpress\/wp-content\/uploads\/2018\/07\/18-02_EControl-Steuerungskonzept_G-1024x880.jpg 1024w, https:\/\/www.pr-neu.de\/newsroom\/wordpress\/wp-content\/uploads\/2018\/07\/18-02_EControl-Steuerungskonzept_G-110x95.jpg 110w, https:\/\/www.pr-neu.de\/newsroom\/wordpress\/wp-content\/uploads\/2018\/07\/18-02_EControl-Steuerungskonzept_G-420x361.jpg 420w, https:\/\/www.pr-neu.de\/newsroom\/wordpress\/wp-content\/uploads\/2018\/07\/18-02_EControl-Steuerungskonzept_G-500x430.jpg 500w, https:\/\/www.pr-neu.de\/newsroom\/wordpress\/wp-content\/uploads\/2018\/07\/18-02_EControl-Steuerungskonzept_G.jpg 1795w\" sizes=\"auto, (max-width: 300px) 100vw, 300px\" \/><\/a><\/p>\n<p style=\"text-align: center;\">Das digitale EControl-Steuerungskonzept bietet dem Nutzer alle Freiheiten, den Sonnenschutz nach Bedarf einzustellen.<br \/>\nFoto: EControl-Glas GmbH &amp; Co. KG<\/p>\n<p><a href=\"http:\/\/www.pr-neu.de\/newsroom\/wordpress\/wp-content\/uploads\/2018\/07\/18-02_IMG_3079_2_G.jpg\" target=\"_blank\" rel=\"noopener noreferrer\"><img loading=\"lazy\" decoding=\"async\" class=\"wp-image-8742 size-medium aligncenter\" src=\"http:\/\/www.pr-neu.de\/newsroom\/wordpress\/wp-content\/uploads\/2018\/07\/18-02_IMG_3079_2_G-300x200.jpg\" alt=\"\" width=\"300\" height=\"200\" srcset=\"https:\/\/www.pr-neu.de\/newsroom\/wordpress\/wp-content\/uploads\/2018\/07\/18-02_IMG_3079_2_G-300x200.jpg 300w, https:\/\/www.pr-neu.de\/newsroom\/wordpress\/wp-content\/uploads\/2018\/07\/18-02_IMG_3079_2_G-768x512.jpg 768w, https:\/\/www.pr-neu.de\/newsroom\/wordpress\/wp-content\/uploads\/2018\/07\/18-02_IMG_3079_2_G-1024x683.jpg 1024w, https:\/\/www.pr-neu.de\/newsroom\/wordpress\/wp-content\/uploads\/2018\/07\/18-02_IMG_3079_2_G-110x73.jpg 110w, https:\/\/www.pr-neu.de\/newsroom\/wordpress\/wp-content\/uploads\/2018\/07\/18-02_IMG_3079_2_G-420x280.jpg 420w, https:\/\/www.pr-neu.de\/newsroom\/wordpress\/wp-content\/uploads\/2018\/07\/18-02_IMG_3079_2_G-645x430.jpg 645w, https:\/\/www.pr-neu.de\/newsroom\/wordpress\/wp-content\/uploads\/2018\/07\/18-02_IMG_3079_2_G.jpg 1795w\" sizes=\"auto, (max-width: 300px) 100vw, 300px\" \/><\/a><\/p>\n<p style=\"text-align: center;\">Das neu gestaltete Touch-Bedienelement \u201eECmaster\u201c erm\u00f6glicht die manuelle Eindunkelung der dimmbaren Gl\u00e4ser von EControl.<br \/>\nFoto: EControl-Glas GmbH &amp; Co. KG<\/p>\n<hr \/>\n<p><strong>R\u00fcckfragen beantwortet gern<\/strong><\/p>\n<p><strong>EControl-Glas<\/strong> GmbH &amp; Co. KG<br \/>\nThomas Groneick<br \/>\nTel.: + 49 0173 \/ 46 76 22 6<br \/>\nE-Mail: <a href=\"&#x6d;&#x61;&#x69;&#x6c;&#116;&#111;:ve&#x72;&#x74;&#x72;&#x69;&#101;&#98;&#64;ec&#x6f;&#x6e;&#x74;&#x72;&#111;&#108;&#45;gl&#x61;&#x73;&#x2e;&#x64;&#101;\">&#118;e&#x72;t&#x72;i&#x65;b&#x40;e&#x63;o&#x6e;&#116;&#x72;&#111;&#x6c;&#45;&#x67;&#108;&#x61;&#115;&#x2e;&#100;&#x65;<\/a><\/p>\n<p>Abdruck honorarfrei, Belegexemplar erbeten an<\/p>\n","protected":false},"excerpt":{"rendered":"<p>EControl: Generation 2018 des innovativen Steuerungskonzeptes eingef\u00fchrt Mit der 2018er Generation der innovativen Steuerung wird die elektrochrom dimmbare Verglasung von EControl (Plauen) fit f\u00fcr alle digitalen Anforderungen: Die Elemente sind die j\u00fcngste Generation der Steuereinheit \u201eECmodul\u201c sowie das moderne Touch-Bedienelement \u201eECmaster\u201c, das rechnerbasierte Steuerungskonzept \u201eECconcept\u201c und die Applikation f\u00fcr mobile Endger\u00e4te. Mit diesem Hard- und [&hellip;]<\/p>\n","protected":false},"author":8,"featured_media":8742,"comment_status":"closed","ping_status":"open","sticky":false,"template":"","format":"standard","meta":{"footnotes":""},"categories":[25],"tags":[],"class_list":["post-8737","post","type-post","status-publish","format-standard","has-post-thumbnail","hentry","category-econtrol"],"_links":{"self":[{"href":"https:\/\/www.pr-neu.de\/newsroom\/wp-json\/wp\/v2\/posts\/8737","targetHints":{"allow":["GET"]}}],"collection":[{"href":"https:\/\/www.pr-neu.de\/newsroom\/wp-json\/wp\/v2\/posts"}],"about":[{"href":"https:\/\/www.pr-neu.de\/newsroom\/wp-json\/wp\/v2\/types\/post"}],"author":[{"embeddable":true,"href":"https:\/\/www.pr-neu.de\/newsroom\/wp-json\/wp\/v2\/users\/8"}],"replies":[{"embeddable":true,"href":"https:\/\/www.pr-neu.de\/newsroom\/wp-json\/wp\/v2\/comments?post=8737"}],"version-history":[{"count":4,"href":"https:\/\/www.pr-neu.de\/newsroom\/wp-json\/wp\/v2\/posts\/8737\/revisions"}],"predecessor-version":[{"id":11531,"href":"https:\/\/www.pr-neu.de\/newsroom\/wp-json\/wp\/v2\/posts\/8737\/revisions\/11531"}],"wp:featuredmedia":[{"embeddable":true,"href":"https:\/\/www.pr-neu.de\/newsroom\/wp-json\/wp\/v2\/media\/8742"}],"wp:attachment":[{"href":"https:\/\/www.pr-neu.de\/newsroom\/wp-json\/wp\/v2\/media?parent=8737"}],"wp:term":[{"taxonomy":"category","embeddable":true,"href":"https:\/\/www.pr-neu.de\/newsroom\/wp-json\/wp\/v2\/categories?post=8737"},{"taxonomy":"post_tag","embeddable":true,"href":"https:\/\/www.pr-neu.de\/newsroom\/wp-json\/wp\/v2\/tags?post=8737"}],"curies":[{"name":"wp","href":"https:\/\/api.w.org\/{rel}","templated":true}]}}