{"id":8707,"date":"2018-06-29T10:45:26","date_gmt":"2018-06-29T08:45:26","guid":{"rendered":"http:\/\/www.pr-nord.de\/newsroom\/?p=8707"},"modified":"2020-05-19T08:56:02","modified_gmt":"2020-05-19T06:56:02","slug":"glaslaminat-der-superlative","status":"publish","type":"post","link":"https:\/\/www.pr-neu.de\/newsroom\/glaslaminat-der-superlative\/","title":{"rendered":"Glaslaminat der Superlative"},"content":{"rendered":"<p><u>sedak zeigt 18-fach-Laminat auf der glasstec-Sonderschau<\/u><\/p>\n<p><strong>Verbundsicherheitsglas in neuen Dimensionen: sedak zeigt auf der Sonderschau \u201eglass technology live\u201c das mit knapp 30 Zentimetern bislang dickste Laminat der Welt, gefertigt aus 18 Einzelgl\u00e4sern. Ein au\u00dfergew\u00f6hnliches Exempel daf\u00fcr, in welchem Ausma\u00df der Spezialist Glas laminieren kann, um so auch die M\u00f6glichkeiten des Werkstoffs als tragendes Element f\u00fcr den konstruktiven Glasbau zu erweitern. Mit dem Exponat m\u00f6chte sedak die Imagination der Planer und Architekten anregen und ihnen neue Gestaltungsr\u00e4ume er\u00f6ffnen. Ein zweiter Glasrekord, den sedak aktuell h\u00e4lt: ab September dieses Jahres werden bei sedak auch die l\u00e4ngsten Isolier- und Sicher\u00adheitsgl\u00e4ser der Welt produziert, Ma\u00dfe: bis 3,51 x 20 Meter.<\/strong><\/p>\n<p>Gl\u00e4ser in \u00dcberformaten als zuverl\u00e4ssige Tragkonstruktion zu produzieren, ist bei sedak Standard. Glasfins, -st\u00fctzen und -tr\u00e4ger aus Gersthofen kommen weltweit als tragende Elemente f\u00fcr Ganzglasfassaden oder -d\u00e4cher zum Einsatz. Planer erschaffen so mit dem transparenten Werkstoff archetypische Geb\u00e4ude, die zu Landmarks geworden sind: Das Haus der Europ\u00e4ischen Geschichte in Br\u00fcssel steht daf\u00fcr ebenso exemplarisch wie die medizinische Fakult\u00e4t in Montpellier oder eine gigantische Mall in Bangkok.<\/p>\n<p>Das knapp 30 Zentimeter dicke Sonderschau-Exponat aus 18 Lagen ESG-Glas in einer St\u00e4rke von 15 Millimetern und dazwischen\u00adliegenden SentryGlass-Interlayern wiegt mehr als 3,6 Tonnen. Jede einzelne Scheibe weist eine Bruchspannung von mindestens 160 MPA auf. \u201eDie physikalischen Eigenschaften dieses extremen Glas\u00adaufbaus erlauben, g\u00e4nzlich neue Wege in der Konstruktion mit Glas einzuschlagen\u201c, unterstreicht sedak-Prokurist Ulrich Theisen die Bedeutung der hauseigenen Entwicklung. Derartige Glaskonstruk\u00adtionen halten h\u00f6chsten Drucklasten stand und behalten zugleich ihre Transparenz, denn die 18 Optiwhite-Gl\u00e4ser schm\u00e4lern den Durch\u00adblick nicht und Dank sedak-Laminationskunst ist das Schwergewicht frei von Blasen oder anderen st\u00f6renden Verunreinigungen.<\/p>\n<p>Auf dem Messestand des sedak-Partners Benteler (Halle 15, E11) zeigen die Gersthofener zudem ein Glasfin-Exponat als Ausschnitt einer Ganzglas-Fassaden-Konstruktion. Technologisch wegweisend gel\u00f6st ist die filigrane Verbindung von Glasfin und Fassadenscheibe \u00fcber Toggels: Diese besonders kleinen Titanteile vereinen maximale Transparenz mit einem montagefreundlichen Verbundsystem. Sie werden werkseitig pr\u00e4zise in das Mehrfachlaminat eingearbeitet.<\/p>\n<hr noshade=\"noshade\" size=\"1\" \/>\n<p><strong>Glasstec-Sonderschau: glasstechnology live mit 18-fach-Laminat von sedak in Halle 11.<\/strong><\/p>\n<p><strong>\u00a0<\/strong><strong>sedak-Glasfin: Stand Benteler, Halle 15, Stand E 11.<\/strong><\/p>\n<hr noshade=\"noshade\" size=\"1\" \/>\n<p style=\"text-align: center;\"><em>Die Bilder in voller Gr\u00f6\u00dfe (300 dpi) \u00f6ffnen Sie durch einen Linksklick auf das jeweilige Bild.<br \/>\nKlicken Sie dann mit der rechten Maustaste und w\u00e4hlen Sie \u201eBild speichern unter\u201c um das Bild herunterzuladen.<\/em><\/p>\n<p><a href=\"http:\/\/www.pr-neu.de\/newsroom\/wordpress\/wp-content\/uploads\/2018\/06\/18-04_glasstec_01_G.jpg\" target=\"_blank\" rel=\"noopener noreferrer\"><img loading=\"lazy\" decoding=\"async\" class=\"aligncenter wp-image-8709 size-medium\" src=\"http:\/\/www.pr-neu.de\/newsroom\/wordpress\/wp-content\/uploads\/2018\/06\/18-04_glasstec_01_G-300x201.jpg\" alt=\"\" width=\"300\" height=\"201\" srcset=\"https:\/\/www.pr-neu.de\/newsroom\/wordpress\/wp-content\/uploads\/2018\/06\/18-04_glasstec_01_G-300x201.jpg 300w, https:\/\/www.pr-neu.de\/newsroom\/wordpress\/wp-content\/uploads\/2018\/06\/18-04_glasstec_01_G-768x516.jpg 768w, https:\/\/www.pr-neu.de\/newsroom\/wordpress\/wp-content\/uploads\/2018\/06\/18-04_glasstec_01_G-1024x687.jpg 1024w, https:\/\/www.pr-neu.de\/newsroom\/wordpress\/wp-content\/uploads\/2018\/06\/18-04_glasstec_01_G-110x74.jpg 110w, https:\/\/www.pr-neu.de\/newsroom\/wordpress\/wp-content\/uploads\/2018\/06\/18-04_glasstec_01_G-420x282.jpg 420w, https:\/\/www.pr-neu.de\/newsroom\/wordpress\/wp-content\/uploads\/2018\/06\/18-04_glasstec_01_G-641x430.jpg 641w, https:\/\/www.pr-neu.de\/newsroom\/wordpress\/wp-content\/uploads\/2018\/06\/18-04_glasstec_01_G.jpg 1795w\" sizes=\"auto, (max-width: 300px) 100vw, 300px\" \/><\/a><\/p>\n<p style=\"text-align: center;\">18 Scheiben, ein Exponat, h\u00f6chste Transparenz, perfekt in der Verarbeitung: sedak zeigt auf der Sonderschau \u201eglass technology live\u201c Laminationskunst der Superlative in h\u00f6chster Qualit\u00e4t.<\/p>\n<p style=\"text-align: center;\">Foto: sedak GmbH &amp; Co. KG<\/p>\n<p><a href=\"http:\/\/www.pr-neu.de\/newsroom\/wordpress\/wp-content\/uploads\/2018\/06\/18-04_glasstec_02_G.jpg\" target=\"_blank\" rel=\"noopener noreferrer\"><img loading=\"lazy\" decoding=\"async\" class=\"aligncenter wp-image-8710 size-medium\" src=\"http:\/\/www.pr-neu.de\/newsroom\/wordpress\/wp-content\/uploads\/2018\/06\/18-04_glasstec_02_G-300x201.jpg\" alt=\"\" width=\"300\" height=\"201\" srcset=\"https:\/\/www.pr-neu.de\/newsroom\/wordpress\/wp-content\/uploads\/2018\/06\/18-04_glasstec_02_G-300x201.jpg 300w, https:\/\/www.pr-neu.de\/newsroom\/wordpress\/wp-content\/uploads\/2018\/06\/18-04_glasstec_02_G-768x516.jpg 768w, https:\/\/www.pr-neu.de\/newsroom\/wordpress\/wp-content\/uploads\/2018\/06\/18-04_glasstec_02_G-1024x687.jpg 1024w, https:\/\/www.pr-neu.de\/newsroom\/wordpress\/wp-content\/uploads\/2018\/06\/18-04_glasstec_02_G-110x74.jpg 110w, https:\/\/www.pr-neu.de\/newsroom\/wordpress\/wp-content\/uploads\/2018\/06\/18-04_glasstec_02_G-420x282.jpg 420w, https:\/\/www.pr-neu.de\/newsroom\/wordpress\/wp-content\/uploads\/2018\/06\/18-04_glasstec_02_G-641x430.jpg 641w, https:\/\/www.pr-neu.de\/newsroom\/wordpress\/wp-content\/uploads\/2018\/06\/18-04_glasstec_02_G.jpg 1795w\" sizes=\"auto, (max-width: 300px) 100vw, 300px\" \/><\/a><\/p>\n<p style=\"text-align: center;\">Glasfins mit f\u00fcnf- bis zehnfachem Glasaufbau in der sedak Fertigung: Sie kommen in Ganzglasfassaden, repr\u00e4sentativen Foyers oder gro\u00dffl\u00e4chigen Ganzglasd\u00e4chern zum Einsatz.<\/p>\n<p style=\"text-align: center;\">Foto: sedak GmbH &amp; Co. KG<\/p>\n<p><a href=\"http:\/\/www.pr-neu.de\/newsroom\/wordpress\/wp-content\/uploads\/2018\/06\/18-04_glasstec_03_G.jpg\" target=\"_blank\" rel=\"noopener noreferrer\"><img loading=\"lazy\" decoding=\"async\" class=\"aligncenter wp-image-8711 size-medium\" src=\"http:\/\/www.pr-neu.de\/newsroom\/wordpress\/wp-content\/uploads\/2018\/06\/18-04_glasstec_03_G-300x201.jpg\" alt=\"\" width=\"300\" height=\"201\" srcset=\"https:\/\/www.pr-neu.de\/newsroom\/wordpress\/wp-content\/uploads\/2018\/06\/18-04_glasstec_03_G-300x201.jpg 300w, https:\/\/www.pr-neu.de\/newsroom\/wordpress\/wp-content\/uploads\/2018\/06\/18-04_glasstec_03_G-768x516.jpg 768w, https:\/\/www.pr-neu.de\/newsroom\/wordpress\/wp-content\/uploads\/2018\/06\/18-04_glasstec_03_G-1024x687.jpg 1024w, https:\/\/www.pr-neu.de\/newsroom\/wordpress\/wp-content\/uploads\/2018\/06\/18-04_glasstec_03_G-110x74.jpg 110w, https:\/\/www.pr-neu.de\/newsroom\/wordpress\/wp-content\/uploads\/2018\/06\/18-04_glasstec_03_G-420x282.jpg 420w, https:\/\/www.pr-neu.de\/newsroom\/wordpress\/wp-content\/uploads\/2018\/06\/18-04_glasstec_03_G-641x430.jpg 641w, https:\/\/www.pr-neu.de\/newsroom\/wordpress\/wp-content\/uploads\/2018\/06\/18-04_glasstec_03_G.jpg 1795w\" sizes=\"auto, (max-width: 300px) 100vw, 300px\" \/><\/a><\/p>\n<p style=\"text-align: center;\">Um den z\u00fcgigen und sicheren Einbau der Glasfins auf der Baustelle zu gew\u00e4hrleisten, erhalten die Elemente bereits werksseitig die vom Kunden bereit gestellten, erforderlichen Metallbauteile.<\/p>\n<p style=\"text-align: center;\">Foto: sedak GmbH &amp; Co. KG<\/p>\n<p><a href=\"http:\/\/www.pr-neu.de\/newsroom\/wordpress\/wp-content\/uploads\/2018\/06\/18-04_glasstec_04_G.jpg\" target=\"_blank\" rel=\"noopener noreferrer\"><img loading=\"lazy\" decoding=\"async\" class=\"aligncenter wp-image-8712 size-medium\" src=\"http:\/\/www.pr-neu.de\/newsroom\/wordpress\/wp-content\/uploads\/2018\/06\/18-04_glasstec_04_G-201x300.jpg\" alt=\"\" width=\"201\" height=\"300\" srcset=\"https:\/\/www.pr-neu.de\/newsroom\/wordpress\/wp-content\/uploads\/2018\/06\/18-04_glasstec_04_G-201x300.jpg 201w, https:\/\/www.pr-neu.de\/newsroom\/wordpress\/wp-content\/uploads\/2018\/06\/18-04_glasstec_04_G-768x1144.jpg 768w, https:\/\/www.pr-neu.de\/newsroom\/wordpress\/wp-content\/uploads\/2018\/06\/18-04_glasstec_04_G-687x1024.jpg 687w, https:\/\/www.pr-neu.de\/newsroom\/wordpress\/wp-content\/uploads\/2018\/06\/18-04_glasstec_04_G-74x110.jpg 74w, https:\/\/www.pr-neu.de\/newsroom\/wordpress\/wp-content\/uploads\/2018\/06\/18-04_glasstec_04_G-282x420.jpg 282w, https:\/\/www.pr-neu.de\/newsroom\/wordpress\/wp-content\/uploads\/2018\/06\/18-04_glasstec_04_G-289x430.jpg 289w, https:\/\/www.pr-neu.de\/newsroom\/wordpress\/wp-content\/uploads\/2018\/06\/18-04_glasstec_04_G.jpg 1205w\" sizes=\"auto, (max-width: 201px) 100vw, 201px\" \/><\/a><\/p>\n<p style=\"text-align: center;\">17 Meter lange Glasfins, sicher vepackt: die \u201egl\u00e4sernen Tr\u00e4ger\u201c werden in eigens gefertigten Holzkisten auf die Baustelle transportiert.<\/p>\n<p style=\"text-align: center;\">Foto: sedak GmbH &amp; Co. KG<\/p>\n<hr noshade=\"noshade\" size=\"1\" \/>\n<p><strong>R\u00fcckfragen beantworten gern<\/strong><\/p>\n<table>\n<tbody>\n<tr>\n<td valign=\"top\" width=\"260\" height=\"25\"><strong>sedak GmbH &amp; Co. KG<br \/>\n<\/strong>Tatjana Vinkovic<br \/>\nTel.: +49(0)821\/2494-823<br \/>\nFax: +49(0)821\/2494-777<br \/>\nE-Mail: <a href=\"&#109;&#x61;&#105;&#x6c;&#116;&#x6f;&#58;&#x74;&#97;&#x74;&#106;&#x61;&#110;&#x61;&#46;&#x76;&#105;&#x6e;&#107;&#x6f;&#118;&#x69;&#99;&#x40;&#115;&#x65;&#100;&#x61;&#107;&#x2e;&#99;&#x6f;&#109;\">&#116;&#97;&#x74;j&#97;&#x6e;&#x61;&#46;&#118;&#x69;&#x6e;k&#111;&#x76;&#x69;c&#64;&#x73;&#x65;d&#97;&#x6b;&#x2e;c&#111;&#x6d;<\/a><\/td>\n<td colspan=\"3\" valign=\"top\" width=\"260\" height=\"21\"><\/td>\n<\/tr>\n<\/tbody>\n<\/table>\n<p>Abdruck honorarfrei, Belegexemplar erbeten<\/p>\n<hr noshade=\"noshade\" size=\"1\" \/>\n<p><strong>Leading glass<\/strong><\/p>\n<p>Der Glasveredler sedak (Gersthofen), gegr\u00fcndet 2007, hat sich mit mittlerweile 170 Mitarbeitern zum weltweiten Technologie- und Innovationsf\u00fchrer f\u00fcr gro\u00dfformatige Isolier- und Sicherheitsgl\u00e4ser entwickelt. Nach zehnj\u00e4hriger Erfahrung in der Produktion von Scheiben in \u00dcbergr\u00f6\u00dfen und dem kontinuierlichen Ausbau der Automatisierung, gilt sedak als wegweisender Spezialist in diesem know-how-intensiven Segment. Die Scheiben reichen bis 3,2 x 16,5 Meter \u2013 bearbeitet, vorgespannt, laminiert, bedruckt, beschichtet und laminationsgebogen. Kernkompetenzen sind Glaslamination, Kantenbearbeitung und das Spezialwissen bei der Produktion von Glasbauteilen mit zus\u00e4tzlichen funktionalen und dekorativen Elementen. Die Fertigung ist auf die extremen Glasgr\u00f6\u00dfen und -gewichte optimiert, s\u00e4mtliche Veredelungsschritte erfolgen inhouse und hochautomatisiert. Als Full-Supplier f\u00fcr Gl\u00e4ser bis 16,5 Meter versteht sich sedak als Partner f\u00fcr Architekten, Planer und Fassadenbauer. Herausragende Referenzen sind u. a. das Haus der Europ\u00e4ischen Geschichte in Br\u00fcssel, die medizinische Fakult\u00e4t in Montpellier, der Torre Europa in Madrid, der Brookfield Place New York, die UNO Genf, der Apple Park in Cupertino, der Apple-Cube New York, die Experimenta in Heilbronn sowie zahlreiche eindrucksvolle Premium-Flagship-Stores weltweit.<\/p>\n<hr noshade=\"noshade\" size=\"1\" \/>\n<p><strong>Anwendungsgebiete<\/strong><\/p>\n<ul>\n<li>Glasfassaden<\/li>\n<li>Glasd\u00e4cher<\/li>\n<li>Glastreppen<\/li>\n<li>Glasbr\u00fcstungen<\/li>\n<li>Schiffsbau<\/li>\n<li>Sicherheitsverglasungen<\/li>\n<li>Ganzglaskonstruktionen<\/li>\n<li>Innenarchitektur<\/li>\n<li>Sonderanfertigung<\/li>\n<\/ul>\n","protected":false},"excerpt":{"rendered":"<p>Verbundsicherheitsglas in neuen Dimensionen: sedak zeigt auf der Sonderschau \u201eglass technology live\u201c das mit knapp 30 Zentimetern bislang dickste Laminat der Welt, gefertigt aus 18 Einzelgl\u00e4sern. Ein au\u00dfergew\u00f6hnliches Exempel daf\u00fcr, in welchem Ausma\u00df der Spezialist Glas laminieren kann, um so auch die M\u00f6glichkeiten des Werkstoffs als tragendes Element f\u00fcr den konstruktiven Glasbau zu erweitern. Mit dem Exponat m\u00f6chte sedak die Imagination der Planer und Architekten anregen und ihnen neue Gestaltungsr\u00e4ume er\u00f6ffnen. Ein zweiter Glasrekord, den sedak aktuell h\u00e4lt: ab September dieses Jahres werden bei sedak auch die l\u00e4ngsten Isolier- und Sicher-heitsgl\u00e4ser der Welt produziert, Ma\u00dfe: bis 3,51 x 20 Meter.\u201c <\/p>\n<table border=\"0\" width=\"95%\">\n<tbody>\n<tr>\n<td><!-- AddThis Button BEGIN --><\/p>\n<div class=\"addthis_toolbox addthis_default_style\">\n<div><a class=\"addthis_button_compact\" href=\"http:\/\/www.addthis.com\/bookmark.php?v=250&amp;username=xa-4bcef6844aa77bdd\">Share<\/a><span class=\"addthis_separator\">|<\/span><a class=\"addthis_button_facebook\"><\/a><a class=\"addthis_button_myspace\"><\/a><a class=\"addthis_button_google\"><\/a><a class=\"addthis_button_twitter\"><\/a><\/div>\n<\/div>\n<p><script src=\"http:\/\/s7.addthis.com\/js\/250\/addthis_widget.js#username=xa-4bcef6844aa77bdd\" type=\"text\/javascript\"><\/script><!-- AddThis Button END --><\/td>\n<\/tr>\n<\/tbody>\n<\/table>\n","protected":false},"author":6,"featured_media":8709,"comment_status":"closed","ping_status":"open","sticky":false,"template":"","format":"standard","meta":{"footnotes":""},"categories":[12],"tags":[],"class_list":["post-8707","post","type-post","status-publish","format-standard","has-post-thumbnail","hentry","category-sedak"],"_links":{"self":[{"href":"https:\/\/www.pr-neu.de\/newsroom\/wp-json\/wp\/v2\/posts\/8707","targetHints":{"allow":["GET"]}}],"collection":[{"href":"https:\/\/www.pr-neu.de\/newsroom\/wp-json\/wp\/v2\/posts"}],"about":[{"href":"https:\/\/www.pr-neu.de\/newsroom\/wp-json\/wp\/v2\/types\/post"}],"author":[{"embeddable":true,"href":"https:\/\/www.pr-neu.de\/newsroom\/wp-json\/wp\/v2\/users\/6"}],"replies":[{"embeddable":true,"href":"https:\/\/www.pr-neu.de\/newsroom\/wp-json\/wp\/v2\/comments?post=8707"}],"version-history":[{"count":6,"href":"https:\/\/www.pr-neu.de\/newsroom\/wp-json\/wp\/v2\/posts\/8707\/revisions"}],"predecessor-version":[{"id":11616,"href":"https:\/\/www.pr-neu.de\/newsroom\/wp-json\/wp\/v2\/posts\/8707\/revisions\/11616"}],"wp:featuredmedia":[{"embeddable":true,"href":"https:\/\/www.pr-neu.de\/newsroom\/wp-json\/wp\/v2\/media\/8709"}],"wp:attachment":[{"href":"https:\/\/www.pr-neu.de\/newsroom\/wp-json\/wp\/v2\/media?parent=8707"}],"wp:term":[{"taxonomy":"category","embeddable":true,"href":"https:\/\/www.pr-neu.de\/newsroom\/wp-json\/wp\/v2\/categories?post=8707"},{"taxonomy":"post_tag","embeddable":true,"href":"https:\/\/www.pr-neu.de\/newsroom\/wp-json\/wp\/v2\/tags?post=8707"}],"curies":[{"name":"wp","href":"https:\/\/api.w.org\/{rel}","templated":true}]}}