{"id":8636,"date":"2018-06-26T16:27:37","date_gmt":"2018-06-26T14:27:37","guid":{"rendered":"http:\/\/www.pr-nord.de\/newsroom\/?p=8636"},"modified":"2020-05-19T09:20:48","modified_gmt":"2020-05-19T07:20:48","slug":"rippendecken-instandsetzung-mit-moertel-der-klasse-r4","status":"publish","type":"post","link":"https:\/\/www.pr-neu.de\/newsroom\/rippendecken-instandsetzung-mit-moertel-der-klasse-r4\/","title":{"rendered":"Rippendecken-Instandsetzung mit M\u00f6rtel der Klasse R4"},"content":{"rendered":"<p><u>Gymnasium Balingen: Sanierung und Modernisierung<\/u><\/p>\n<p><strong>An der \u00fcber 50 Jahre alten Bausubstanz des Balingener Gymnasiums nagte der Zahn der Zeit. Zudem erf\u00fcllten die Geb\u00e4ude nicht mehr die strengeren Sicherheitsanforderungen von heute \u2013 eine umfassende Sanierung und Modernisierung war daher unumg\u00e4nglich. Um den Schulbetrieb weiterhin zu gew\u00e4hrleisten, erfolgten die Arbeiten in Etappen. Bei der Sanierung der Rippendecken kamen Produkte von StoCretec zum Einsatz.<\/strong><\/p>\n<p>Das Gymnasium in Balingen wurde 1969 eingeweiht und z\u00e4hlt derzeit circa 1.100 Sch\u00fcler\/innen in 49 Klassen und etwa 90 Lehrer\/innen. Ein halbes Jahrhundert Schulbetrieb hinterlie\u00df zahlreiche Spuren. Auch die Ausstattung entsprach nicht mehr den heutigen Anforderungen an Sicherheit und Brandschutz. Unter anderem mussten daher die alten Holzdecken inklusive Polystyrol-D\u00e4mmung ausgetauscht werden. Die darunter befindlichen Beton-Rippendecken wiesen signifikante Sch\u00e4den auf, bis hin zu teils freiliegender Bewehrung \u2013 die Tragf\u00e4higkeit der Decken war somit nicht mehr sichergestellt.<br \/>\nTragf\u00e4higkeit und Brandschutz wieder herstellen<\/p>\n<p>Die Sanierung der Rippendecken \u00fcbernahm die Firma Betos GmbH (Gelnhausen) mit Produkten von StoCretec. Im ersten Schritt bereiteten die Fachhandwerker den Betonuntergrund durch Feststoff-Feuchtstrahlen vor, um den Haftverbund f\u00fcr die nachfolgenden Schichten zu gew\u00e4hrleisten. Danach trugen sie den Korrosionsschutz StoCrete TK auf die freigelegte Bewehrung auf. Zur Reprofilierung der Schadstellen sowie zur Erh\u00f6hung der Betondeckung applizierten die Verarbeiter den Instandsetzungsm\u00f6rtel StoCrete TS 203 einlagig im Nassspritzverfahren mit einer spritzrauen Oberfl\u00e4che. Dieser M\u00f6rtel der Klasse R4 (statisch mitwirkend) erh\u00f6ht die Tragf\u00e4higkeit der Rippendecken und stellt gleichzeitig deren Feuerwiderstand (Baustoffklasse A2-s1, d0 \u2013 nichtbrennbar \u2013 gem\u00e4\u00df EN 13501-1) wieder her. Zudem \u00fcberzeugte StoCrete TS 203 durch seine gute Verarbeitung \u00fcber Kopf und seinen geringen R\u00fcckprall w\u00e4hrend der Applikation.<\/p>\n<p>Als Finish erhielten die sanierten Rippendecken eine Versiegelung mit StoPox WL 100. Der gl\u00e4nzende Wasserlack ist VOC-emissionsarm und eignet sich daher optimal f\u00fcr Innenr\u00e4ume. Aufgebracht wurde das zweikomponentige Material im Airless-Spritzverfahren \u2013 das spart Zeit und sorgt f\u00fcr eine gute Oberfl\u00e4chenqualit\u00e4t.<\/p>\n<hr noshade=\"noshade\" size=\"1\" \/>\n<p><span style=\"text-decoration: underline;\"><strong>Wer &amp; Was<\/strong><\/span><\/p>\n<p><strong>Objekt:<\/strong><br \/>\nGymnasium Balingen, Sanierung Rippendecken<br \/>\nBauteil B+D<\/p>\n<p><strong>Bauherr:\u00a0<\/strong><br \/>\nGro\u00dfe Kreisstadt Balingen<\/p>\n<p><strong>Architekt:\u00a0\u00a0\u00a0<\/strong><br \/>\nAckermann + Raff GmbH &amp; Co. KG, T\u00fcbingen<\/p>\n<p><strong>Fachplaner:\u00a0<\/strong><br \/>\nBWN Bauingenieure, Albstadt<\/p>\n<p><strong>Verarbeiter: \u00a0<\/strong><br \/>\nBETOS GmbH, Gelnhausen<\/p>\n<p><strong>Ausf\u00fchrung:<\/strong><br \/>\n2016\/2017<\/p>\n<p><strong>Produkte:\u00a0\u00a0\u00a0\u00a0\u00a0<\/strong><br \/>\nKorrosionsschutz: StoCrete TK<\/p>\n<p><strong>Nassspritzm\u00f6rtel:<\/strong><br \/>\nStoCrete TS 203<\/p>\n<p><strong>Oberfl\u00e4chenschutz:<\/strong><br \/>\nStoPox WL 100<\/p>\n<hr noshade=\"noshade\" size=\"1\" \/>\n<p style=\"text-align: center;\"><em>Die Bilder in voller Gr\u00f6\u00dfe (300 dpi) \u00f6ffnen Sie durch einen Linksklick auf das jeweilige Bild.<br \/>\nKlicken Sie dann mit der rechten Maustaste und w\u00e4hlen Sie \u201eBild speichern unter\u201c um das Bild herunterzuladen.<\/em><\/p>\n<p style=\"text-align: center;\"><a href=\"http:\/\/www.pr-neu.de\/newsroom\/wordpress\/wp-content\/uploads\/2018\/06\/18-01-Schaeden_01_G.jpg\" target=\"_blank\" rel=\"noopener noreferrer\"><img loading=\"lazy\" decoding=\"async\" class=\"aligncenter wp-image-8646 size-medium\" src=\"http:\/\/www.pr-neu.de\/newsroom\/wordpress\/wp-content\/uploads\/2018\/06\/18-01-Schaeden_01_G-300x169.jpg\" alt=\"\" width=\"300\" height=\"169\" srcset=\"https:\/\/www.pr-neu.de\/newsroom\/wordpress\/wp-content\/uploads\/2018\/06\/18-01-Schaeden_01_G-300x169.jpg 300w, https:\/\/www.pr-neu.de\/newsroom\/wordpress\/wp-content\/uploads\/2018\/06\/18-01-Schaeden_01_G-768x432.jpg 768w, https:\/\/www.pr-neu.de\/newsroom\/wordpress\/wp-content\/uploads\/2018\/06\/18-01-Schaeden_01_G-1024x576.jpg 1024w, https:\/\/www.pr-neu.de\/newsroom\/wordpress\/wp-content\/uploads\/2018\/06\/18-01-Schaeden_01_G-110x62.jpg 110w, https:\/\/www.pr-neu.de\/newsroom\/wordpress\/wp-content\/uploads\/2018\/06\/18-01-Schaeden_01_G-420x236.jpg 420w, https:\/\/www.pr-neu.de\/newsroom\/wordpress\/wp-content\/uploads\/2018\/06\/18-01-Schaeden_01_G-770x430.jpg 770w, https:\/\/www.pr-neu.de\/newsroom\/wordpress\/wp-content\/uploads\/2018\/06\/18-01-Schaeden_01_G-764x430.jpg 764w, https:\/\/www.pr-neu.de\/newsroom\/wordpress\/wp-content\/uploads\/2018\/06\/18-01-Schaeden_01_G.jpg 1795w\" sizes=\"auto, (max-width: 300px) 100vw, 300px\" \/><\/a><\/p>\n<p style=\"text-align: center;\">Schadhafte Decke im Gymnasium Balingen: Die Tragf\u00e4higkeit<br \/>\nder Beton-Rippendecke war nicht mehr sichergestellt.<br \/>\nFoto: Betos GmbH\/StoCretec<\/p>\n<p><a href=\"http:\/\/www.pr-neu.de\/newsroom\/wordpress\/wp-content\/uploads\/2018\/06\/18-01-Schaeden_02_G.jpg\" target=\"_blank\" rel=\"noopener noreferrer\"><img loading=\"lazy\" decoding=\"async\" class=\"aligncenter wp-image-8637 size-medium\" src=\"http:\/\/www.pr-neu.de\/newsroom\/wordpress\/wp-content\/uploads\/2018\/06\/18-01-Schaeden_02_G-300x169.jpg\" alt=\"\" width=\"300\" height=\"169\" srcset=\"https:\/\/www.pr-neu.de\/newsroom\/wordpress\/wp-content\/uploads\/2018\/06\/18-01-Schaeden_02_G-300x169.jpg 300w, https:\/\/www.pr-neu.de\/newsroom\/wordpress\/wp-content\/uploads\/2018\/06\/18-01-Schaeden_02_G-768x432.jpg 768w, https:\/\/www.pr-neu.de\/newsroom\/wordpress\/wp-content\/uploads\/2018\/06\/18-01-Schaeden_02_G-1024x576.jpg 1024w, https:\/\/www.pr-neu.de\/newsroom\/wordpress\/wp-content\/uploads\/2018\/06\/18-01-Schaeden_02_G-110x62.jpg 110w, https:\/\/www.pr-neu.de\/newsroom\/wordpress\/wp-content\/uploads\/2018\/06\/18-01-Schaeden_02_G-420x236.jpg 420w, https:\/\/www.pr-neu.de\/newsroom\/wordpress\/wp-content\/uploads\/2018\/06\/18-01-Schaeden_02_G-770x430.jpg 770w, https:\/\/www.pr-neu.de\/newsroom\/wordpress\/wp-content\/uploads\/2018\/06\/18-01-Schaeden_02_G-764x430.jpg 764w, https:\/\/www.pr-neu.de\/newsroom\/wordpress\/wp-content\/uploads\/2018\/06\/18-01-Schaeden_02_G.jpg 1795w\" sizes=\"auto, (max-width: 300px) 100vw, 300px\" \/><\/a><\/p>\n<p style=\"text-align: center;\">Schadhafte Decke im Gymnasium Balingen: Die Tragf\u00e4higkeit<br \/>\nder Beton-Rippendecke war nicht mehr sichergestellt.<br \/>\nFoto: Betos GmbH\/StoCretec<\/p>\n<p><a href=\"http:\/\/www.pr-neu.de\/newsroom\/wordpress\/wp-content\/uploads\/2018\/06\/18-01-Schaeden_03_G.jpg\" target=\"_blank\" rel=\"noopener noreferrer\"><img loading=\"lazy\" decoding=\"async\" class=\"aligncenter wp-image-8638 size-medium\" src=\"http:\/\/www.pr-neu.de\/newsroom\/wordpress\/wp-content\/uploads\/2018\/06\/18-01-Schaeden_03_G-300x169.jpg\" alt=\"\" width=\"300\" height=\"169\" srcset=\"https:\/\/www.pr-neu.de\/newsroom\/wordpress\/wp-content\/uploads\/2018\/06\/18-01-Schaeden_03_G-300x169.jpg 300w, https:\/\/www.pr-neu.de\/newsroom\/wordpress\/wp-content\/uploads\/2018\/06\/18-01-Schaeden_03_G-768x432.jpg 768w, https:\/\/www.pr-neu.de\/newsroom\/wordpress\/wp-content\/uploads\/2018\/06\/18-01-Schaeden_03_G-1024x576.jpg 1024w, https:\/\/www.pr-neu.de\/newsroom\/wordpress\/wp-content\/uploads\/2018\/06\/18-01-Schaeden_03_G-110x62.jpg 110w, https:\/\/www.pr-neu.de\/newsroom\/wordpress\/wp-content\/uploads\/2018\/06\/18-01-Schaeden_03_G-420x236.jpg 420w, https:\/\/www.pr-neu.de\/newsroom\/wordpress\/wp-content\/uploads\/2018\/06\/18-01-Schaeden_03_G-770x430.jpg 770w, https:\/\/www.pr-neu.de\/newsroom\/wordpress\/wp-content\/uploads\/2018\/06\/18-01-Schaeden_03_G-764x430.jpg 764w, https:\/\/www.pr-neu.de\/newsroom\/wordpress\/wp-content\/uploads\/2018\/06\/18-01-Schaeden_03_G.jpg 1795w\" sizes=\"auto, (max-width: 300px) 100vw, 300px\" \/><\/a><\/p>\n<p style=\"text-align: center;\">Schadhafte Decke im Gymnasium Balingen: Die Tragf\u00e4higkeit<br \/>\nder Beton-Rippendecke war nicht mehr sichergestellt.<br \/>\nFoto: Betos GmbH\/StoCretec<\/p>\n<p><a href=\"http:\/\/www.pr-neu.de\/newsroom\/wordpress\/wp-content\/uploads\/2018\/06\/18-01-Korrosionsschutz_01_G.jpg\" target=\"_blank\" rel=\"noopener noreferrer\"><img loading=\"lazy\" decoding=\"async\" class=\"aligncenter wp-image-8640 size-medium\" src=\"http:\/\/www.pr-neu.de\/newsroom\/wordpress\/wp-content\/uploads\/2018\/06\/18-01-Korrosionsschutz_01_G-300x169.jpg\" alt=\"\" width=\"300\" height=\"169\" srcset=\"https:\/\/www.pr-neu.de\/newsroom\/wordpress\/wp-content\/uploads\/2018\/06\/18-01-Korrosionsschutz_01_G-300x169.jpg 300w, https:\/\/www.pr-neu.de\/newsroom\/wordpress\/wp-content\/uploads\/2018\/06\/18-01-Korrosionsschutz_01_G-768x432.jpg 768w, https:\/\/www.pr-neu.de\/newsroom\/wordpress\/wp-content\/uploads\/2018\/06\/18-01-Korrosionsschutz_01_G-1024x576.jpg 1024w, https:\/\/www.pr-neu.de\/newsroom\/wordpress\/wp-content\/uploads\/2018\/06\/18-01-Korrosionsschutz_01_G-110x62.jpg 110w, https:\/\/www.pr-neu.de\/newsroom\/wordpress\/wp-content\/uploads\/2018\/06\/18-01-Korrosionsschutz_01_G-420x236.jpg 420w, https:\/\/www.pr-neu.de\/newsroom\/wordpress\/wp-content\/uploads\/2018\/06\/18-01-Korrosionsschutz_01_G-770x430.jpg 770w, https:\/\/www.pr-neu.de\/newsroom\/wordpress\/wp-content\/uploads\/2018\/06\/18-01-Korrosionsschutz_01_G-764x430.jpg 764w, https:\/\/www.pr-neu.de\/newsroom\/wordpress\/wp-content\/uploads\/2018\/06\/18-01-Korrosionsschutz_01_G.jpg 1795w\" sizes=\"auto, (max-width: 300px) 100vw, 300px\" \/><\/a><\/p>\n<p style=\"text-align: center;\">Die freigelegte Bewehrung erhielt einen Korrosionsschutz<br \/>\nFoto: Betos GmbH\/StoCretec<\/p>\n<p><a href=\"http:\/\/www.pr-neu.de\/newsroom\/wordpress\/wp-content\/uploads\/2018\/06\/18-01-Korrosionsschutz_02_G.jpg\" target=\"_blank\" rel=\"noopener noreferrer\"><img loading=\"lazy\" decoding=\"async\" class=\"aligncenter wp-image-8641 size-medium\" src=\"http:\/\/www.pr-neu.de\/newsroom\/wordpress\/wp-content\/uploads\/2018\/06\/18-01-Korrosionsschutz_02_G-300x169.jpg\" alt=\"\" width=\"300\" height=\"169\" srcset=\"https:\/\/www.pr-neu.de\/newsroom\/wordpress\/wp-content\/uploads\/2018\/06\/18-01-Korrosionsschutz_02_G-300x169.jpg 300w, https:\/\/www.pr-neu.de\/newsroom\/wordpress\/wp-content\/uploads\/2018\/06\/18-01-Korrosionsschutz_02_G-768x432.jpg 768w, https:\/\/www.pr-neu.de\/newsroom\/wordpress\/wp-content\/uploads\/2018\/06\/18-01-Korrosionsschutz_02_G-1024x576.jpg 1024w, https:\/\/www.pr-neu.de\/newsroom\/wordpress\/wp-content\/uploads\/2018\/06\/18-01-Korrosionsschutz_02_G-110x62.jpg 110w, https:\/\/www.pr-neu.de\/newsroom\/wordpress\/wp-content\/uploads\/2018\/06\/18-01-Korrosionsschutz_02_G-420x236.jpg 420w, https:\/\/www.pr-neu.de\/newsroom\/wordpress\/wp-content\/uploads\/2018\/06\/18-01-Korrosionsschutz_02_G-770x430.jpg 770w, https:\/\/www.pr-neu.de\/newsroom\/wordpress\/wp-content\/uploads\/2018\/06\/18-01-Korrosionsschutz_02_G-764x430.jpg 764w, https:\/\/www.pr-neu.de\/newsroom\/wordpress\/wp-content\/uploads\/2018\/06\/18-01-Korrosionsschutz_02_G.jpg 1795w\" sizes=\"auto, (max-width: 300px) 100vw, 300px\" \/><\/a><\/p>\n<p style=\"text-align: center;\">Die freigelegte Bewehrung erhielt einen Korrosionsschutz<br \/>\nFoto: Betos GmbH\/StoCretec<\/p>\n<p><a href=\"http:\/\/www.pr-neu.de\/newsroom\/wordpress\/wp-content\/uploads\/2018\/06\/18-01-Nassspritzmoertel_01_G.jpg\" target=\"_blank\" rel=\"noopener noreferrer\"><img loading=\"lazy\" decoding=\"async\" class=\"aligncenter wp-image-8642 size-medium\" src=\"http:\/\/www.pr-neu.de\/newsroom\/wordpress\/wp-content\/uploads\/2018\/06\/18-01-Nassspritzmoertel_01_G-300x169.jpg\" alt=\"\" width=\"300\" height=\"169\" srcset=\"https:\/\/www.pr-neu.de\/newsroom\/wordpress\/wp-content\/uploads\/2018\/06\/18-01-Nassspritzmoertel_01_G-300x169.jpg 300w, https:\/\/www.pr-neu.de\/newsroom\/wordpress\/wp-content\/uploads\/2018\/06\/18-01-Nassspritzmoertel_01_G-768x432.jpg 768w, https:\/\/www.pr-neu.de\/newsroom\/wordpress\/wp-content\/uploads\/2018\/06\/18-01-Nassspritzmoertel_01_G-1024x576.jpg 1024w, https:\/\/www.pr-neu.de\/newsroom\/wordpress\/wp-content\/uploads\/2018\/06\/18-01-Nassspritzmoertel_01_G-110x62.jpg 110w, https:\/\/www.pr-neu.de\/newsroom\/wordpress\/wp-content\/uploads\/2018\/06\/18-01-Nassspritzmoertel_01_G-420x236.jpg 420w, https:\/\/www.pr-neu.de\/newsroom\/wordpress\/wp-content\/uploads\/2018\/06\/18-01-Nassspritzmoertel_01_G-770x430.jpg 770w, https:\/\/www.pr-neu.de\/newsroom\/wordpress\/wp-content\/uploads\/2018\/06\/18-01-Nassspritzmoertel_01_G-764x430.jpg 764w, https:\/\/www.pr-neu.de\/newsroom\/wordpress\/wp-content\/uploads\/2018\/06\/18-01-Nassspritzmoertel_01_G.jpg 1795w\" sizes=\"auto, (max-width: 300px) 100vw, 300px\" \/><\/a><\/p>\n<p style=\"text-align: center;\">StoCrete TS 203 l\u00e4sst sich sehr gut \u00fcber Kopf verarbeiten:<br \/>\nApplikation des Instandsetzungsm\u00f6rtels im Nassspritzverfahren.<br \/>\nFoto: Betos GmbH\/StoCretec<\/p>\n<p><a href=\"http:\/\/www.pr-neu.de\/newsroom\/wordpress\/wp-content\/uploads\/2018\/06\/18-01-Nassspritzmoertel_fertig_01_G.jpg\" target=\"_blank\" rel=\"noopener noreferrer\"><img loading=\"lazy\" decoding=\"async\" class=\"aligncenter wp-image-8643 size-medium\" src=\"http:\/\/www.pr-neu.de\/newsroom\/wordpress\/wp-content\/uploads\/2018\/06\/18-01-Nassspritzmoertel_fertig_01_G-300x169.jpg\" alt=\"\" width=\"300\" height=\"169\" srcset=\"https:\/\/www.pr-neu.de\/newsroom\/wordpress\/wp-content\/uploads\/2018\/06\/18-01-Nassspritzmoertel_fertig_01_G-300x169.jpg 300w, https:\/\/www.pr-neu.de\/newsroom\/wordpress\/wp-content\/uploads\/2018\/06\/18-01-Nassspritzmoertel_fertig_01_G-768x432.jpg 768w, https:\/\/www.pr-neu.de\/newsroom\/wordpress\/wp-content\/uploads\/2018\/06\/18-01-Nassspritzmoertel_fertig_01_G-1024x576.jpg 1024w, https:\/\/www.pr-neu.de\/newsroom\/wordpress\/wp-content\/uploads\/2018\/06\/18-01-Nassspritzmoertel_fertig_01_G-110x62.jpg 110w, https:\/\/www.pr-neu.de\/newsroom\/wordpress\/wp-content\/uploads\/2018\/06\/18-01-Nassspritzmoertel_fertig_01_G-420x236.jpg 420w, https:\/\/www.pr-neu.de\/newsroom\/wordpress\/wp-content\/uploads\/2018\/06\/18-01-Nassspritzmoertel_fertig_01_G-770x430.jpg 770w, https:\/\/www.pr-neu.de\/newsroom\/wordpress\/wp-content\/uploads\/2018\/06\/18-01-Nassspritzmoertel_fertig_01_G-764x430.jpg 764w, https:\/\/www.pr-neu.de\/newsroom\/wordpress\/wp-content\/uploads\/2018\/06\/18-01-Nassspritzmoertel_fertig_01_G.jpg 1795w\" sizes=\"auto, (max-width: 300px) 100vw, 300px\" \/><\/a><\/p>\n<p style=\"text-align: center;\">Tragf\u00e4higkeit erh\u00f6ht, Feuerwiderstand wieder hergestellt.<br \/>\nFoto: Betos GmbH\/StoCretec<\/p>\n<p><a href=\"http:\/\/www.pr-neu.de\/newsroom\/wordpress\/wp-content\/uploads\/2018\/06\/18-01-Nassspritzmoertel_fertig_02_G.jpg\" target=\"_blank\" rel=\"noopener noreferrer\"><img loading=\"lazy\" decoding=\"async\" class=\"aligncenter wp-image-8644 size-medium\" src=\"http:\/\/www.pr-neu.de\/newsroom\/wordpress\/wp-content\/uploads\/2018\/06\/18-01-Nassspritzmoertel_fertig_02_G-300x169.jpg\" alt=\"\" width=\"300\" height=\"169\" srcset=\"https:\/\/www.pr-neu.de\/newsroom\/wordpress\/wp-content\/uploads\/2018\/06\/18-01-Nassspritzmoertel_fertig_02_G-300x169.jpg 300w, https:\/\/www.pr-neu.de\/newsroom\/wordpress\/wp-content\/uploads\/2018\/06\/18-01-Nassspritzmoertel_fertig_02_G-768x432.jpg 768w, https:\/\/www.pr-neu.de\/newsroom\/wordpress\/wp-content\/uploads\/2018\/06\/18-01-Nassspritzmoertel_fertig_02_G-1024x576.jpg 1024w, https:\/\/www.pr-neu.de\/newsroom\/wordpress\/wp-content\/uploads\/2018\/06\/18-01-Nassspritzmoertel_fertig_02_G-110x62.jpg 110w, https:\/\/www.pr-neu.de\/newsroom\/wordpress\/wp-content\/uploads\/2018\/06\/18-01-Nassspritzmoertel_fertig_02_G-420x236.jpg 420w, https:\/\/www.pr-neu.de\/newsroom\/wordpress\/wp-content\/uploads\/2018\/06\/18-01-Nassspritzmoertel_fertig_02_G-770x430.jpg 770w, https:\/\/www.pr-neu.de\/newsroom\/wordpress\/wp-content\/uploads\/2018\/06\/18-01-Nassspritzmoertel_fertig_02_G-764x430.jpg 764w, https:\/\/www.pr-neu.de\/newsroom\/wordpress\/wp-content\/uploads\/2018\/06\/18-01-Nassspritzmoertel_fertig_02_G.jpg 1795w\" sizes=\"auto, (max-width: 300px) 100vw, 300px\" \/><\/a><\/p>\n<p style=\"text-align: center;\">Tragf\u00e4higkeit erh\u00f6ht, Feuerwiderstand wieder hergestellt.<br \/>\nFoto: Betos GmbH\/StoCretec<\/p>\n<p><a href=\"http:\/\/www.pr-neu.de\/newsroom\/wordpress\/wp-content\/uploads\/2018\/06\/18-01-Oberflaechenschutz_G.jpg\" target=\"_blank\" rel=\"noopener noreferrer\"><img loading=\"lazy\" decoding=\"async\" class=\"aligncenter wp-image-8645 size-medium\" src=\"http:\/\/www.pr-neu.de\/newsroom\/wordpress\/wp-content\/uploads\/2018\/06\/18-01-Oberflaechenschutz_G-169x300.jpg\" alt=\"\" width=\"169\" height=\"300\" srcset=\"https:\/\/www.pr-neu.de\/newsroom\/wordpress\/wp-content\/uploads\/2018\/06\/18-01-Oberflaechenschutz_G-169x300.jpg 169w, https:\/\/www.pr-neu.de\/newsroom\/wordpress\/wp-content\/uploads\/2018\/06\/18-01-Oberflaechenschutz_G-768x1366.jpg 768w, https:\/\/www.pr-neu.de\/newsroom\/wordpress\/wp-content\/uploads\/2018\/06\/18-01-Oberflaechenschutz_G-576x1024.jpg 576w, https:\/\/www.pr-neu.de\/newsroom\/wordpress\/wp-content\/uploads\/2018\/06\/18-01-Oberflaechenschutz_G-62x110.jpg 62w, https:\/\/www.pr-neu.de\/newsroom\/wordpress\/wp-content\/uploads\/2018\/06\/18-01-Oberflaechenschutz_G-236x420.jpg 236w, https:\/\/www.pr-neu.de\/newsroom\/wordpress\/wp-content\/uploads\/2018\/06\/18-01-Oberflaechenschutz_G-242x430.jpg 242w, https:\/\/www.pr-neu.de\/newsroom\/wordpress\/wp-content\/uploads\/2018\/06\/18-01-Oberflaechenschutz_G.jpg 1795w\" sizes=\"auto, (max-width: 169px) 100vw, 169px\" \/><\/a><\/p>\n<p style=\"text-align: center;\">Auftrag der finalen Versiegelung.<br \/>\nFoto: Betos GmbH\/StoCretec<\/p>\n<p><a href=\"http:\/\/www.pr-neu.de\/newsroom\/wordpress\/wp-content\/uploads\/2018\/06\/18-01_Sanierte_Decke_final_G.jpg\" target=\"_blank\" rel=\"noopener noreferrer\"><img loading=\"lazy\" decoding=\"async\" class=\"aligncenter wp-image-8639 size-medium\" src=\"http:\/\/www.pr-neu.de\/newsroom\/wordpress\/wp-content\/uploads\/2018\/06\/18-01_Sanierte_Decke_final_G-300x169.jpg\" alt=\"\" width=\"300\" height=\"169\" srcset=\"https:\/\/www.pr-neu.de\/newsroom\/wordpress\/wp-content\/uploads\/2018\/06\/18-01_Sanierte_Decke_final_G-300x169.jpg 300w, https:\/\/www.pr-neu.de\/newsroom\/wordpress\/wp-content\/uploads\/2018\/06\/18-01_Sanierte_Decke_final_G-768x432.jpg 768w, https:\/\/www.pr-neu.de\/newsroom\/wordpress\/wp-content\/uploads\/2018\/06\/18-01_Sanierte_Decke_final_G-1024x576.jpg 1024w, https:\/\/www.pr-neu.de\/newsroom\/wordpress\/wp-content\/uploads\/2018\/06\/18-01_Sanierte_Decke_final_G-110x62.jpg 110w, https:\/\/www.pr-neu.de\/newsroom\/wordpress\/wp-content\/uploads\/2018\/06\/18-01_Sanierte_Decke_final_G-420x236.jpg 420w, https:\/\/www.pr-neu.de\/newsroom\/wordpress\/wp-content\/uploads\/2018\/06\/18-01_Sanierte_Decke_final_G-770x430.jpg 770w, https:\/\/www.pr-neu.de\/newsroom\/wordpress\/wp-content\/uploads\/2018\/06\/18-01_Sanierte_Decke_final_G-764x430.jpg 764w, https:\/\/www.pr-neu.de\/newsroom\/wordpress\/wp-content\/uploads\/2018\/06\/18-01_Sanierte_Decke_final_G.jpg 1795w\" sizes=\"auto, (max-width: 300px) 100vw, 300px\" \/><\/a><\/p>\n<p style=\"text-align: center;\">Sanierte Decke: Die instandgesetzten Geb\u00e4ude<br \/>\ndes Balinger Gymnasiums erf\u00fcllen nun wieder<br \/>\nalle Sicherheitsanforderungen.<br \/>\nFoto: Betos GmbH\/StoCretec<strong><br \/>\n<\/strong><\/p>\n<hr noshade=\"noshade\" size=\"1\" \/>\n<p>Abdruck honorarfrei, Belegexemplar erbeten<\/p>\n","protected":false},"excerpt":{"rendered":"<p>An der \u00fcber 50 Jahre alten Bausubstanz des Balingener Gymnasiums nagte der Zahn der Zeit. Zudem erf\u00fcllten die Geb\u00e4ude nicht mehr die strengeren Sicherheitsanforderungen von heute \u2013 eine umfassende Sanierung und Modernisierung war daher unumg\u00e4nglich. Um den Schulbetrieb weiterhin zu gew\u00e4hrleisten, erfolgten die Arbeiten in Etappen. Bei der Sanierung der Rippendecken kamen Produkte von StoCretec zum Einsatz.<\/p>\n<tbody>\n<tr>\n<td><!-- AddThis Button BEGIN --><\/p>\n<div class=\"addthis_toolbox addthis_default_style\">\n<div><a class=\"addthis_button_compact\" href=\"http:\/\/www.addthis.com\/bookmark.php?v=250&amp;username=xa-4bcef6844aa77bdd\">Share<\/a><span class=\"addthis_separator\">|<\/span><a class=\"addthis_button_facebook\"><\/a><a class=\"addthis_button_myspace\"><\/a><a class=\"addthis_button_google\"><\/a><a class=\"addthis_button_twitter\"><\/a><\/div>\n<\/div>\n<p><script src=\"http:\/\/s7.addthis.com\/js\/250\/addthis_widget.js#username=xa-4bcef6844aa77bdd\" type=\"text\/javascript\"><\/script><!-- AddThis Button END --><\/td>\n<\/tr>\n<\/tbody>\n<\/table>\n","protected":false},"author":6,"featured_media":8645,"comment_status":"closed","ping_status":"open","sticky":false,"template":"","format":"standard","meta":{"footnotes":""},"categories":[16],"tags":[],"class_list":["post-8636","post","type-post","status-publish","format-standard","has-post-thumbnail","hentry","category-stocretec"],"_links":{"self":[{"href":"https:\/\/www.pr-neu.de\/newsroom\/wp-json\/wp\/v2\/posts\/8636","targetHints":{"allow":["GET"]}}],"collection":[{"href":"https:\/\/www.pr-neu.de\/newsroom\/wp-json\/wp\/v2\/posts"}],"about":[{"href":"https:\/\/www.pr-neu.de\/newsroom\/wp-json\/wp\/v2\/types\/post"}],"author":[{"embeddable":true,"href":"https:\/\/www.pr-neu.de\/newsroom\/wp-json\/wp\/v2\/users\/6"}],"replies":[{"embeddable":true,"href":"https:\/\/www.pr-neu.de\/newsroom\/wp-json\/wp\/v2\/comments?post=8636"}],"version-history":[{"count":5,"href":"https:\/\/www.pr-neu.de\/newsroom\/wp-json\/wp\/v2\/posts\/8636\/revisions"}],"predecessor-version":[{"id":11665,"href":"https:\/\/www.pr-neu.de\/newsroom\/wp-json\/wp\/v2\/posts\/8636\/revisions\/11665"}],"wp:featuredmedia":[{"embeddable":true,"href":"https:\/\/www.pr-neu.de\/newsroom\/wp-json\/wp\/v2\/media\/8645"}],"wp:attachment":[{"href":"https:\/\/www.pr-neu.de\/newsroom\/wp-json\/wp\/v2\/media?parent=8636"}],"wp:term":[{"taxonomy":"category","embeddable":true,"href":"https:\/\/www.pr-neu.de\/newsroom\/wp-json\/wp\/v2\/categories?post=8636"},{"taxonomy":"post_tag","embeddable":true,"href":"https:\/\/www.pr-neu.de\/newsroom\/wp-json\/wp\/v2\/tags?post=8636"}],"curies":[{"name":"wp","href":"https:\/\/api.w.org\/{rel}","templated":true}]}}