{"id":8610,"date":"2018-06-12T14:58:10","date_gmt":"2018-06-12T12:58:10","guid":{"rendered":"http:\/\/www.pr-nord.de\/newsroom\/?p=8610"},"modified":"2020-05-18T14:37:47","modified_gmt":"2020-05-18T12:37:47","slug":"made-in-germany-fuer-europa-tuer-mit-ce-kennzeichen","status":"publish","type":"post","link":"https:\/\/www.pr-neu.de\/newsroom\/made-in-germany-fuer-europa-tuer-mit-ce-kennzeichen\/","title":{"rendered":"Made in Germany f\u00fcr Europa: T\u00fcr mit CE-Kennzeichen"},"content":{"rendered":"<p>Feuerschutz als Au\u00dfent\u00fcr: \u201eTeckentrup 62\u201c ist nun auch europaweit einsetzbar<\/p>\n<p><strong>Mit der CE-Kennzeichnung und der somit europaweit g\u00fcltigen Zulassung f\u00fcr den Feuerschutzabschluss \u201eTeckentrup 62\u201c wird Brandschutz jetzt einfacher: Die EI2-30-C5-Sa-T\u00fcr des Verler T\u00fcrenspezialisten ist jetzt \u2013 bedingt durch die europ\u00e4ischen Normen \u2013 in allen Mitgliedsl\u00e4ndern universell als Brandschutzelement einsetzbar, sogar als Feuerschutz-Au\u00dfent\u00fcr. Aufgrund der dadurch m\u00f6glichen gr\u00f6\u00dferen Fertigungszahlen k\u00f6nnen die Standardversionen zu attraktiven Konditionen angeboten werden. Damit reagiert Teckentrup bereits fr\u00fchzeitig auf den Umstellprozess auf die Euro-Norm (EN 16034). Im November 2019 l\u00e4uft die derzeit g\u00fcltige Koexistenzphase aus, dann verlieren nationale Zulassungen ihre G\u00fcltigkeit.<\/strong><\/p>\n<p>Die \u201eTeckentrup 62\u201c entspricht als Feuerschutzabschluss den Vorgaben der EN 16034 und EN 14351-1 und tr\u00e4gt ab sofort das CE-Kennzeichen, das die normkonforme Funktion des Bauelements best\u00e4tigt. Das vereinfacht den Auswahl-Prozess: Die T\u00fcr kann europaweit im Brandschutz eingesetzt werden. Baubeteiligte m\u00fcssen sich also nicht mehr um zus\u00e4tzliche nationale Zulassungen k\u00fcmmern.<\/p>\n<p>Auch mit dem CE-Zeichen bleibt die gro\u00dfe Variabilit\u00e4t der T\u00fcr erhalten: Sie steht mit vielen Zusatzfunktionen zur Verf\u00fcgung. Rauchschutz, Schallschutz, Einbruchschutz, vielf\u00e4ltige Zargenvarianten, Oberfl\u00e4chengestaltung, Verglasungen \u2013 sie passt sich an nahezu jede bauliche und planerische Vorgabe an, auch hinsichtlich der Gr\u00f6\u00dfe. Als bisher einziger Hersteller bietet Teckentrup die T\u00fcr bis 3.000 x 4.000 mm an. Zudem kann diese auch mit Brandschutzau\u00dfenglas (F30) ausgef\u00fchrt werden. Sollte in einer nationalen Ausschreibung noch explizit eine T30-T\u00fcr gefordert sein, ist auch das kein Problem: Die Brandschutzt\u00fcr ist weiterhin im Programm.<\/p>\n<hr \/>\n<h3>Eckdaten<\/h3>\n<p><strong>\u201eTeckentrup 62\u201c EI2-30-T\u00fcr mit CE-Kennzeichen<\/strong><\/p>\n<p><strong>Bauphysikalische Daten<\/strong><\/p>\n<p>Brandschutz: EI2 30 (30 Minuten)<br \/>\nEinbruchschutz: RC2 &#8211; RC4<br \/>\nSchallschutz: 35 &#8211; 44dB<br \/>\nRauchschutz: rauchdicht (SaS200)<br \/>\nSchlagregen: bis Klasse 6A<br \/>\nW\u00e4rmed\u00e4mmung: 1,3 &#8211; 1,5 W\/m\u00b2K<br \/>\nWindlast: C1 &#8211; C5<br \/>\nLuftdurchl\u00e4ssigkeit: Klasse 1 &#8211; 4<\/p>\n<p><strong>Ausstattung<\/strong><\/p>\n<p>\u2022 Mit Brandschutzau\u00dfenglas erh\u00e4ltlich (exklusiv bei Teckentrup)<br \/>\n\u2022 Fl\u00e4chenb\u00fcndiges T\u00fcrblatt (ohne Bandpr\u00e4gung)<br \/>\n\u2022 D\u00fcnnfalz<br \/>\n\u2022 Optional mit Oberblende, Edelstahl<br \/>\n\u2022 Serienm\u00e4\u00dfig f\u00fcr Sichtmauerwerks-Montage<br \/>\n\u2022 Standardausf\u00fchrung: verzinkt und grundiert, Grauwei\u00df \u00e4hnlich RAL 9002<br \/>\n\u2022 F\u00e4higkeit zur Freigabe bei Panik: EN179\/1125<\/p>\n<p><strong>Bau-Richtma\u00dfe <\/strong><\/p>\n<p>1-flg.<br \/>\nBreite: 500 &#8211; 1500 mm<br \/>\nH\u00f6he: 500 &#8211; 4000 mm*<br \/>\nMit Oberblende: H\u00f6he bis 4250 mm<\/p>\n<p>2-flg.:<br \/>\nBreite: 1375 &#8211; 3000 mm<br \/>\nH\u00f6he: 1750 &#8211; 4000 mm*<\/p>\n<p><em>*Ab 2500mm mit versiegelter Einlage<\/em><\/p>\n<hr \/>\n<p><a href=\"http:\/\/www.pr-neu.de\/newsroom\/wordpress\/wp-content\/uploads\/2018\/06\/18-08-FSA_G.jpg\" target=\"_blank\" rel=\"noopener noreferrer\"><img loading=\"lazy\" decoding=\"async\" class=\"aligncenter wp-image-8612 size-medium\" src=\"http:\/\/www.pr-neu.de\/newsroom\/wordpress\/wp-content\/uploads\/2018\/06\/18-08-FSA_G-300x212.jpg\" alt=\"\" width=\"300\" height=\"212\" srcset=\"https:\/\/www.pr-neu.de\/newsroom\/wordpress\/wp-content\/uploads\/2018\/06\/18-08-FSA_G-300x212.jpg 300w, https:\/\/www.pr-neu.de\/newsroom\/wordpress\/wp-content\/uploads\/2018\/06\/18-08-FSA_G-768x543.jpg 768w, https:\/\/www.pr-neu.de\/newsroom\/wordpress\/wp-content\/uploads\/2018\/06\/18-08-FSA_G-1024x725.jpg 1024w, https:\/\/www.pr-neu.de\/newsroom\/wordpress\/wp-content\/uploads\/2018\/06\/18-08-FSA_G-110x78.jpg 110w, https:\/\/www.pr-neu.de\/newsroom\/wordpress\/wp-content\/uploads\/2018\/06\/18-08-FSA_G-420x297.jpg 420w, https:\/\/www.pr-neu.de\/newsroom\/wordpress\/wp-content\/uploads\/2018\/06\/18-08-FSA_G-608x430.jpg 608w, https:\/\/www.pr-neu.de\/newsroom\/wordpress\/wp-content\/uploads\/2018\/06\/18-08-FSA_G.jpg 1795w\" sizes=\"auto, (max-width: 300px) 100vw, 300px\" \/><\/a><\/p>\n<p style=\"text-align: center;\">Die Brandschutzt\u00fcr \u201eTeckentrup 62\u201c ist aufgrund des<br \/>\nCE-Kennzeichens europaweit als Feuerschutzabschluss einsetzbar.<br \/>\nSie steht in vielen Varianten zur Verf\u00fcgung \u2013 bspw. als<br \/>\nzweifl\u00fcgelige Stahlt\u00fcr mit absenkbarer Bodendichtung.<br \/>\nBild: Teckentrup<\/p>\n<hr \/>\n<p>Abdruck honorarfrei, Belegexemplar erbeten an<\/p>\n","protected":false},"excerpt":{"rendered":"<p>Der Tourismus boomt weltweit, besonders an den Hotspots: Neue Hotels schie\u00dfen \u00fcberall aus der Erde. Eine Bauaufgabe mit erh\u00f6hten Anforderungen. Den T\u00fcren kommt hier besondere Bedeutung zu. Das zeigt sich auch am anderen Ende der Welt: In Kapstadt entstand jetzt mit dem \u201eRadisson Red\u201c ein Hotel mit fein abgestimmten T\u00fcrl\u00f6sungen. Aufgrund der exponierten Hafenlage spielt hier der Schallschutz eine besondere Rolle. Die Hotelplaner w\u00e4hlten Teckentrup (Verl) als Universal-Lieferanten.<\/p>\n<tbody>\n<tr>\n<td><!-- AddThis Button BEGIN --><\/p>\n<div class=\"addthis_toolbox addthis_default_style\">\n<div><a class=\"addthis_button_compact\" href=\"http:\/\/www.addthis.com\/bookmark.php?v=250&amp;username=xa-4bcef6844aa77bdd\">Share<\/a><span class=\"addthis_separator\">|<\/span><a class=\"addthis_button_facebook\"><\/a><a class=\"addthis_button_myspace\"><\/a><a class=\"addthis_button_google\"><\/a><a class=\"addthis_button_twitter\"><\/a><\/div>\n<\/div>\n<p><script src=\"http:\/\/s7.addthis.com\/js\/250\/addthis_widget.js#username=xa-4bcef6844aa77bdd\" type=\"text\/javascript\"><\/script><!-- AddThis Button END --><\/td>\n<\/tr>\n<\/tbody>\n<\/table>\n","protected":false},"author":6,"featured_media":8612,"comment_status":"closed","ping_status":"open","sticky":false,"template":"","format":"standard","meta":{"footnotes":""},"categories":[18],"tags":[],"class_list":["post-8610","post","type-post","status-publish","format-standard","has-post-thumbnail","hentry","category-teckentrup"],"_links":{"self":[{"href":"https:\/\/www.pr-neu.de\/newsroom\/wp-json\/wp\/v2\/posts\/8610","targetHints":{"allow":["GET"]}}],"collection":[{"href":"https:\/\/www.pr-neu.de\/newsroom\/wp-json\/wp\/v2\/posts"}],"about":[{"href":"https:\/\/www.pr-neu.de\/newsroom\/wp-json\/wp\/v2\/types\/post"}],"author":[{"embeddable":true,"href":"https:\/\/www.pr-neu.de\/newsroom\/wp-json\/wp\/v2\/users\/6"}],"replies":[{"embeddable":true,"href":"https:\/\/www.pr-neu.de\/newsroom\/wp-json\/wp\/v2\/comments?post=8610"}],"version-history":[{"count":3,"href":"https:\/\/www.pr-neu.de\/newsroom\/wp-json\/wp\/v2\/posts\/8610\/revisions"}],"predecessor-version":[{"id":11437,"href":"https:\/\/www.pr-neu.de\/newsroom\/wp-json\/wp\/v2\/posts\/8610\/revisions\/11437"}],"wp:featuredmedia":[{"embeddable":true,"href":"https:\/\/www.pr-neu.de\/newsroom\/wp-json\/wp\/v2\/media\/8612"}],"wp:attachment":[{"href":"https:\/\/www.pr-neu.de\/newsroom\/wp-json\/wp\/v2\/media?parent=8610"}],"wp:term":[{"taxonomy":"category","embeddable":true,"href":"https:\/\/www.pr-neu.de\/newsroom\/wp-json\/wp\/v2\/categories?post=8610"},{"taxonomy":"post_tag","embeddable":true,"href":"https:\/\/www.pr-neu.de\/newsroom\/wp-json\/wp\/v2\/tags?post=8610"}],"curies":[{"name":"wp","href":"https:\/\/api.w.org\/{rel}","templated":true}]}}