{"id":8599,"date":"2018-06-12T10:22:42","date_gmt":"2018-06-12T08:22:42","guid":{"rendered":"http:\/\/www.pr-nord.de\/newsroom\/?p=8599"},"modified":"2020-05-18T15:05:44","modified_gmt":"2020-05-18T13:05:44","slug":"allgaeu-resort-sonnenalp-holzfassade-renoviert","status":"publish","type":"post","link":"https:\/\/www.pr-neu.de\/newsroom\/allgaeu-resort-sonnenalp-holzfassade-renoviert\/","title":{"rendered":"Allg\u00e4u-Resort Sonnenalp: Holzfassade renoviert"},"content":{"rendered":"<p>Schutz f\u00fcr L\u00e4rchen-Look an der Fassade<\/p>\n<p><strong>In regionaltypischer Holz-Architektur begr\u00fc\u00dft das \u201eSonnenalp-Resort\u201c im Allg\u00e4u seine Besucher mit traditionellem Charme. Nun stand die Frischzellenkur an: Holzterrasse und Teile der Fassade wurden an die L\u00e4rchenholz-Schindeln der S\u00fcdseite angeglichen. Mit modernen Holzschutz-Beschichtungen von S\u00fcdwest gelang dies z\u00fcgig und effizient.<\/strong><\/p>\n<p>Auch das gepflegteste Hotel ben\u00f6tigt irgendwann frischen Wind \u2013 wie das Allg\u00e4u-Hotel \u201eSonnenalp\u201c in Ofterschwang. Die Anlage, bereits innen renoviert und an der S\u00fcdfassade mit L\u00e4rchenholzschindeln modernisiert, erhielt jetzt eine hellere, moderne Optik der weiteren Fassaden und der Holzterrasse. Bei der Produktwahl spielten f\u00fcr den ausf\u00fchrenden Malerbetrieb Rebholz funktionale Aspekte eine gro\u00dfe Rolle: Langlebigkeit, Wetterbest\u00e4ndigkeit und vor allem UV-Schutz \u2013 denn das Hotel ist der Witterung durch seine exponierte Lage besonders ausgesetzt. Die Wahl fiel auf eine Kombination von \u201eHolz-Isolier-Grund\u201c und \u201eFl\u00e4chen-Lasur\u201c (S\u00fcdwest, B\u00f6hl-Iggelheim).<\/p>\n<p><strong>Abgestimmtes System f\u00fcr Holz<\/strong><\/p>\n<p>An der S\u00fcdseite passte Rebholz die Holzfenster im Farbton dem L\u00e4rchenholz an, an der Nordseite verwendete er teilweise neue L\u00e4rchenschindeln, teilweise hellte er die Fassade mit dem S\u00fcdwest-Renovationssystem auf. Das Holz war hier schon sehr dunkel \u2013 ein typischer Anwendungsfall f\u00fcr den \u201eHolz-Isolier-Grund\u201c: Er dringt tief ein, isoliert Holzinhaltsstoffe, hellt dunkle Untergr\u00fcnde auf und erh\u00e4lt die charakteristische Maserung. Nach zweifacher Grundierung im Farbton Erle folgte ein Anstrich mit der Fl\u00e4chen-Lasur im Ton Eiche. F\u00fcr den letzten Durchgang mischte Rebholz die Farbt\u00f6ne Eiche und Nussbaum \u2013 ein kreativer Kniff, um die Farbe des L\u00e4rchenholzes zu imitieren. Durch das Abstreifen des Pinsels gegen den Strich erzeugte er beim zweiten Anstrich einen besonders lebendigen Effekt, wodurch die gew\u00fcnschte Optik entstand.<\/p>\n<p>Die seidengl\u00e4nzende Fl\u00e4chen-Lasur punktete nicht nur mit der Gestaltung, sie sch\u00fctzt das Holz auch langfristig: Sie ist feuchtigkeitsregulierend, hoch wetterbest\u00e4ndig und bietet durch UV-Absorber zuverl\u00e4ssigen UV-Schutz. Da sie sich f\u00fcr ma\u00dfhaltige und nicht ma\u00dfhaltige Bauteile, f\u00fcr Neuanstriche und Renovierungen eignet, ist sie nahezu universell einsetzbar.<\/p>\n<hr \/>\n<p><strong>Sonnenalp Resort in Ofterschwang<\/strong><\/p>\n<p><strong>Objekt:<\/strong> Sonnenalp Resort, Ofterschwang<br \/>\n<strong>Maler:<\/strong> Malerbetrieb Rebholz GmbH, Langenwang<br \/>\n<strong>Holzschutz:<\/strong> Holz-Isolier-Grund, Fl\u00e4chen-Lasur<br \/>\n<strong>Hersteller:<\/strong> S\u00fcdwest, B\u00f6hl-Iggelheim<\/p>\n<hr \/>\n<p style=\"text-align: center;\"><a href=\"http:\/\/www.pr-neu.de\/newsroom\/wordpress\/wp-content\/uploads\/2018\/06\/17-15-Hotel-Sonnenalp_01_G.jpg\" target=\"_blank\" rel=\"noopener noreferrer\"><img loading=\"lazy\" decoding=\"async\" class=\"aligncenter size-medium wp-image-8601\" src=\"http:\/\/www.pr-neu.de\/newsroom\/wordpress\/wp-content\/uploads\/2018\/06\/17-15-Hotel-Sonnenalp_01_G-300x197.jpg\" alt=\"\" width=\"300\" height=\"197\" srcset=\"https:\/\/www.pr-neu.de\/newsroom\/wordpress\/wp-content\/uploads\/2018\/06\/17-15-Hotel-Sonnenalp_01_G-300x197.jpg 300w, https:\/\/www.pr-neu.de\/newsroom\/wordpress\/wp-content\/uploads\/2018\/06\/17-15-Hotel-Sonnenalp_01_G-768x505.jpg 768w, https:\/\/www.pr-neu.de\/newsroom\/wordpress\/wp-content\/uploads\/2018\/06\/17-15-Hotel-Sonnenalp_01_G-1024x674.jpg 1024w, https:\/\/www.pr-neu.de\/newsroom\/wordpress\/wp-content\/uploads\/2018\/06\/17-15-Hotel-Sonnenalp_01_G-110x72.jpg 110w, https:\/\/www.pr-neu.de\/newsroom\/wordpress\/wp-content\/uploads\/2018\/06\/17-15-Hotel-Sonnenalp_01_G-420x276.jpg 420w, https:\/\/www.pr-neu.de\/newsroom\/wordpress\/wp-content\/uploads\/2018\/06\/17-15-Hotel-Sonnenalp_01_G-654x430.jpg 654w, https:\/\/www.pr-neu.de\/newsroom\/wordpress\/wp-content\/uploads\/2018\/06\/17-15-Hotel-Sonnenalp_01_G.jpg 1795w\" sizes=\"auto, (max-width: 300px) 100vw, 300px\" \/><\/a><\/p>\n<p style=\"text-align: center;\">Malerisch: Am Fu\u00dfe der Allg\u00e4uer Alpen gelegen,<br \/>\nverspr\u00fcht das Hotel Sonnenalp traditionellen Charme.<br \/>\nBild: S\u00fcdwest<\/p>\n<p style=\"text-align: center;\"><a href=\"http:\/\/www.pr-neu.de\/newsroom\/wordpress\/wp-content\/uploads\/2018\/06\/17-15-Hotel-Sonnenalp_02_G.jpg\" target=\"_blank\" rel=\"noopener noreferrer\"><img loading=\"lazy\" decoding=\"async\" class=\"aligncenter wp-image-8602 size-medium\" src=\"http:\/\/www.pr-neu.de\/newsroom\/wordpress\/wp-content\/uploads\/2018\/06\/17-15-Hotel-Sonnenalp_02_G-300x200.jpg\" alt=\"\" width=\"300\" height=\"200\" srcset=\"https:\/\/www.pr-neu.de\/newsroom\/wordpress\/wp-content\/uploads\/2018\/06\/17-15-Hotel-Sonnenalp_02_G-300x200.jpg 300w, https:\/\/www.pr-neu.de\/newsroom\/wordpress\/wp-content\/uploads\/2018\/06\/17-15-Hotel-Sonnenalp_02_G-768x512.jpg 768w, https:\/\/www.pr-neu.de\/newsroom\/wordpress\/wp-content\/uploads\/2018\/06\/17-15-Hotel-Sonnenalp_02_G-1024x683.jpg 1024w, https:\/\/www.pr-neu.de\/newsroom\/wordpress\/wp-content\/uploads\/2018\/06\/17-15-Hotel-Sonnenalp_02_G-110x73.jpg 110w, https:\/\/www.pr-neu.de\/newsroom\/wordpress\/wp-content\/uploads\/2018\/06\/17-15-Hotel-Sonnenalp_02_G-420x280.jpg 420w, https:\/\/www.pr-neu.de\/newsroom\/wordpress\/wp-content\/uploads\/2018\/06\/17-15-Hotel-Sonnenalp_02_G-645x430.jpg 645w, https:\/\/www.pr-neu.de\/newsroom\/wordpress\/wp-content\/uploads\/2018\/06\/17-15-Hotel-Sonnenalp_02_G.jpg 1807w\" sizes=\"auto, (max-width: 300px) 100vw, 300px\" \/><\/a><\/p>\n<p style=\"text-align: center;\">Die charakteristischen Holzelemente sind<br \/>\nnach der Renovierung ideal aufeinander abgestimmt.<br \/>\nDie warme Optik des L\u00e4rchenholzes wirkt traditionell<br \/>\nund modern zugleich und f\u00fcgt sich harmonisch ins Umfeld.<br \/>\nBild: S\u00fcdwest<\/p>\n<p style=\"text-align: center;\"><a href=\"http:\/\/www.pr-neu.de\/newsroom\/wordpress\/wp-content\/uploads\/2018\/06\/17-15-Hotel-Sonnenalp_03_G.jpg\" target=\"_blank\" rel=\"noopener noreferrer\"><img loading=\"lazy\" decoding=\"async\" class=\"aligncenter wp-image-8603 size-medium\" src=\"http:\/\/www.pr-neu.de\/newsroom\/wordpress\/wp-content\/uploads\/2018\/06\/17-15-Hotel-Sonnenalp_03_G-201x300.jpg\" alt=\"\" width=\"201\" height=\"300\" srcset=\"https:\/\/www.pr-neu.de\/newsroom\/wordpress\/wp-content\/uploads\/2018\/06\/17-15-Hotel-Sonnenalp_03_G-201x300.jpg 201w, https:\/\/www.pr-neu.de\/newsroom\/wordpress\/wp-content\/uploads\/2018\/06\/17-15-Hotel-Sonnenalp_03_G-768x1144.jpg 768w, https:\/\/www.pr-neu.de\/newsroom\/wordpress\/wp-content\/uploads\/2018\/06\/17-15-Hotel-Sonnenalp_03_G-687x1024.jpg 687w, https:\/\/www.pr-neu.de\/newsroom\/wordpress\/wp-content\/uploads\/2018\/06\/17-15-Hotel-Sonnenalp_03_G-74x110.jpg 74w, https:\/\/www.pr-neu.de\/newsroom\/wordpress\/wp-content\/uploads\/2018\/06\/17-15-Hotel-Sonnenalp_03_G-282x420.jpg 282w, https:\/\/www.pr-neu.de\/newsroom\/wordpress\/wp-content\/uploads\/2018\/06\/17-15-Hotel-Sonnenalp_03_G-289x430.jpg 289w, https:\/\/www.pr-neu.de\/newsroom\/wordpress\/wp-content\/uploads\/2018\/06\/17-15-Hotel-Sonnenalp_03_G.jpg 1205w\" sizes=\"auto, (max-width: 201px) 100vw, 201px\" \/><\/a><\/p>\n<p style=\"text-align: center;\">Die charakteristischen Holzelemente sind<br \/>\nnach der Renovierung ideal aufeinander abgestimmt.<br \/>\nDie warme Optik des L\u00e4rchenholzes wirkt traditionell<br \/>\nund modern zugleich und f\u00fcgt sich harmonisch ins Umfeld.<br \/>\nBild: S\u00fcdwest<\/p>\n<p style=\"text-align: center;\"><a href=\"http:\/\/www.pr-neu.de\/newsroom\/wordpress\/wp-content\/uploads\/2018\/06\/17-15-Hotel-Sonnenalp_04_G.jpg\" target=\"_blank\" rel=\"noopener noreferrer\"><img loading=\"lazy\" decoding=\"async\" class=\"aligncenter wp-image-8604 size-medium\" src=\"http:\/\/www.pr-neu.de\/newsroom\/wordpress\/wp-content\/uploads\/2018\/06\/17-15-Hotel-Sonnenalp_04_G-200x300.jpg\" alt=\"\" width=\"200\" height=\"300\" srcset=\"https:\/\/www.pr-neu.de\/newsroom\/wordpress\/wp-content\/uploads\/2018\/06\/17-15-Hotel-Sonnenalp_04_G-200x300.jpg 200w, https:\/\/www.pr-neu.de\/newsroom\/wordpress\/wp-content\/uploads\/2018\/06\/17-15-Hotel-Sonnenalp_04_G-768x1151.jpg 768w, https:\/\/www.pr-neu.de\/newsroom\/wordpress\/wp-content\/uploads\/2018\/06\/17-15-Hotel-Sonnenalp_04_G-683x1024.jpg 683w, https:\/\/www.pr-neu.de\/newsroom\/wordpress\/wp-content\/uploads\/2018\/06\/17-15-Hotel-Sonnenalp_04_G-73x110.jpg 73w, https:\/\/www.pr-neu.de\/newsroom\/wordpress\/wp-content\/uploads\/2018\/06\/17-15-Hotel-Sonnenalp_04_G-280x420.jpg 280w, https:\/\/www.pr-neu.de\/newsroom\/wordpress\/wp-content\/uploads\/2018\/06\/17-15-Hotel-Sonnenalp_04_G-287x430.jpg 287w, https:\/\/www.pr-neu.de\/newsroom\/wordpress\/wp-content\/uploads\/2018\/06\/17-15-Hotel-Sonnenalp_04_G.jpg 1198w\" sizes=\"auto, (max-width: 200px) 100vw, 200px\" \/><\/a><\/p>\n<p style=\"text-align: center;\">Vorher: Durch h\u00e4ufiges Nacharbeiten war die Fassade<br \/>\nsehr dunkel geworden. Mit dem S\u00fcdwest Renovationssystem<br \/>\nkonnte das Holz unkompliziert aufgehellt und an die<br \/>\nL\u00e4rchenoptik angeglichen werden.<br \/>\nBild: S\u00fcdwest<\/p>\n<p style=\"text-align: center;\"><a href=\"http:\/\/www.pr-neu.de\/newsroom\/wordpress\/wp-content\/uploads\/2018\/06\/17-15-Hotel-Sonnenalp_05_G.jpg\" target=\"_blank\" rel=\"noopener noreferrer\"><img loading=\"lazy\" decoding=\"async\" class=\"aligncenter wp-image-8605 size-medium\" src=\"http:\/\/www.pr-neu.de\/newsroom\/wordpress\/wp-content\/uploads\/2018\/06\/17-15-Hotel-Sonnenalp_05_G-300x200.jpg\" alt=\"\" width=\"300\" height=\"200\" srcset=\"https:\/\/www.pr-neu.de\/newsroom\/wordpress\/wp-content\/uploads\/2018\/06\/17-15-Hotel-Sonnenalp_05_G-300x200.jpg 300w, https:\/\/www.pr-neu.de\/newsroom\/wordpress\/wp-content\/uploads\/2018\/06\/17-15-Hotel-Sonnenalp_05_G-768x512.jpg 768w, https:\/\/www.pr-neu.de\/newsroom\/wordpress\/wp-content\/uploads\/2018\/06\/17-15-Hotel-Sonnenalp_05_G-1024x683.jpg 1024w, https:\/\/www.pr-neu.de\/newsroom\/wordpress\/wp-content\/uploads\/2018\/06\/17-15-Hotel-Sonnenalp_05_G-110x73.jpg 110w, https:\/\/www.pr-neu.de\/newsroom\/wordpress\/wp-content\/uploads\/2018\/06\/17-15-Hotel-Sonnenalp_05_G-420x280.jpg 420w, https:\/\/www.pr-neu.de\/newsroom\/wordpress\/wp-content\/uploads\/2018\/06\/17-15-Hotel-Sonnenalp_05_G-645x430.jpg 645w, https:\/\/www.pr-neu.de\/newsroom\/wordpress\/wp-content\/uploads\/2018\/06\/17-15-Hotel-Sonnenalp_05_G.jpg 1795w\" sizes=\"auto, (max-width: 300px) 100vw, 300px\" \/><\/a><\/p>\n<p style=\"text-align: center;\">Legten viel Wert auf eine durchdachte Planung des Projekts:<br \/>\nDr. Klaus M\u00fcller (links), Produktmanager Lacke von S\u00fcdwest (B\u00f6hl-Iggelheim)<br \/>\nund Stephan Rebholz, Gesch\u00e4ftsf\u00fchrer Malerbetrieb Rebholz (Oberstdorf).<br \/>\nBild: S\u00fcdwest<\/p>\n<hr \/>\n<p><strong>S\u00fcdwest<\/strong> entwickelt und produziert seit mehr als 90 Jahren Lacke und Farben f\u00fcr die unterschiedlichsten Anwendungen. Erg\u00e4nzt werden die Kernsortimente noch um ein malerfreundliches W\u00e4rmed\u00e4mmverbundsystem und Putze. Sie stehen f\u00fcr Top Qualit\u00e4t, hohe Funktionalit\u00e4t, zeitgem\u00e4\u00dfe Wirtschaftlichkeit und zukunftsweisende Umweltvertr\u00e4glichkeit. Im Mittelpunkt stehen dabei die speziellen Bed\u00fcrfnissen und Anforderungen des professionellen Verarbeiters: Die N\u00e4he zum Handwerk charakterisiert das Selbstverst\u00e4ndnis des Mittelst\u00e4ndlers. Dazu z\u00e4hlt Kundenn\u00e4he mit einer \u201eGeht-nicht-gibt\u2019s-nicht-Mentalit\u00e4t\u201c. S\u00dcDWEST Produkte sind die Summe aus jahrzehntelanger Erfahrung, fundiertem Know-How und hoher an den Marktbed\u00fcrfnissen orientierter Innovationskraft. Gemeinsam mit den Partnern im Handel sorgt S\u00fcdwest f\u00fcr einen stets funktionierenden 24-Stunden-Lieferservice und bietet zus\u00e4tzliche Services \u2013 beispielsweise Technische Beratung, Design-Studio und Abt\u00f6nservice.<\/p>\n<hr \/>\n<p>Abdruck honorarfrei, Belegexemplar erbeten<\/p>\n","protected":false},"excerpt":{"rendered":"<p>In regionaltypischer Holz-Architektur begr\u00fc\u00dft das \u201eSonnenalp-Resort\u201c im Allg\u00e4u seine Besucher mit traditionellem Charme. Nun stand die Frischzellenkur an: Holzterrasse und Teile der Fassade wurden an die L\u00e4rchenholz-Schindeln der S\u00fcdseite angeglichen. Mit modernen Holzschutz-Beschichtungen von S\u00fcdwest gelang dies z\u00fcgig und effizient.<\/p>\n<tbody>\n<tr>\n<td><!-- AddThis Button BEGIN --><\/p>\n<div class=\"addthis_toolbox addthis_default_style\">\n<div><a class=\"addthis_button_compact\" href=\"http:\/\/www.addthis.com\/bookmark.php?v=250&amp;username=xa-4bcef6844aa77bdd\">Share<\/a><span class=\"addthis_separator\">|<\/span><a class=\"addthis_button_facebook\"><\/a><a class=\"addthis_button_myspace\"><\/a><a class=\"addthis_button_google\"><\/a><a class=\"addthis_button_twitter\"><\/a><\/div>\n<\/div>\n<p><script src=\"http:\/\/s7.addthis.com\/js\/250\/addthis_widget.js#username=xa-4bcef6844aa77bdd\" type=\"text\/javascript\"><\/script><!-- AddThis Button END --><\/td>\n<\/tr>\n<\/tbody>\n<\/table>\n","protected":false},"author":6,"featured_media":8602,"comment_status":"closed","ping_status":"open","sticky":false,"template":"","format":"standard","meta":{"footnotes":""},"categories":[17],"tags":[],"class_list":["post-8599","post","type-post","status-publish","format-standard","has-post-thumbnail","hentry","category-sudwest"],"_links":{"self":[{"href":"https:\/\/www.pr-neu.de\/newsroom\/wp-json\/wp\/v2\/posts\/8599","targetHints":{"allow":["GET"]}}],"collection":[{"href":"https:\/\/www.pr-neu.de\/newsroom\/wp-json\/wp\/v2\/posts"}],"about":[{"href":"https:\/\/www.pr-neu.de\/newsroom\/wp-json\/wp\/v2\/types\/post"}],"author":[{"embeddable":true,"href":"https:\/\/www.pr-neu.de\/newsroom\/wp-json\/wp\/v2\/users\/6"}],"replies":[{"embeddable":true,"href":"https:\/\/www.pr-neu.de\/newsroom\/wp-json\/wp\/v2\/comments?post=8599"}],"version-history":[{"count":3,"href":"https:\/\/www.pr-neu.de\/newsroom\/wp-json\/wp\/v2\/posts\/8599\/revisions"}],"predecessor-version":[{"id":11500,"href":"https:\/\/www.pr-neu.de\/newsroom\/wp-json\/wp\/v2\/posts\/8599\/revisions\/11500"}],"wp:featuredmedia":[{"embeddable":true,"href":"https:\/\/www.pr-neu.de\/newsroom\/wp-json\/wp\/v2\/media\/8602"}],"wp:attachment":[{"href":"https:\/\/www.pr-neu.de\/newsroom\/wp-json\/wp\/v2\/media?parent=8599"}],"wp:term":[{"taxonomy":"category","embeddable":true,"href":"https:\/\/www.pr-neu.de\/newsroom\/wp-json\/wp\/v2\/categories?post=8599"},{"taxonomy":"post_tag","embeddable":true,"href":"https:\/\/www.pr-neu.de\/newsroom\/wp-json\/wp\/v2\/tags?post=8599"}],"curies":[{"name":"wp","href":"https:\/\/api.w.org\/{rel}","templated":true}]}}