{"id":8545,"date":"2018-05-30T12:08:32","date_gmt":"2018-05-30T10:08:32","guid":{"rendered":"http:\/\/www.pr-nord.de\/newsroom\/?p=8545"},"modified":"2020-05-19T08:56:13","modified_gmt":"2020-05-19T06:56:13","slug":"detailverliebte-grossglas-kunst","status":"publish","type":"post","link":"https:\/\/www.pr-neu.de\/newsroom\/detailverliebte-grossglas-kunst\/","title":{"rendered":"Detailverliebte Gro\u00dfglas-Kunst"},"content":{"rendered":"<p><span style=\"text-decoration: underline;\">Kunstwerk auf 51 Gl\u00e4sern<\/span><\/p>\n<p><strong>Ein komplexer keramischer Digitaldruck auf insgesamt 51 Gl\u00e4sern verwandelt den Neubau der international aktiven Lerninstitution \u201eCambridge Assessment\u201c zur spektakul\u00e4ren Landmarke. Ausgangspunkt war die Frage des K\u00fcnstlerehepaars Vong Phaophanit und Claire Oboussier: \u201eWas bedeutet Wissen f\u00fcr Sie?\u201c \u2013 Die Antworten, zahlreich und in vielen Sprachen, druckte sedak (Gersthofen) auf 36 Zweifach-Laminate mit bis zu 4 x 2,45 Meter und 15 beschichtete Isoliergl\u00e4ser mit bis zu 4,58 x 1,98 Meter. Im Ergebnis steht ein starkes Statement f\u00fcr den transnationalen und interkulturellen Charakter der Non-Profit-Bildungseinrichtung \u2013 und f\u00fcr die Glaskompetenz von sedak. Wie ein Leuchtturm strahlen die safranorangen Schreiben bei Nacht vom 39 Meter hohen B\u00fcroturm in die Welt, indigo-blaugraue Scheiben unterst\u00fctzten den zwei Geb\u00e4udekomplexe verbindenden Skywalk \u201eLink\u201c in seiner metaphorischen Ebene.<\/strong><\/p>\n<p>F\u00fcr mehr als acht Millionen Lernende in \u00fcber 170 L\u00e4ndern stellt das zur Universit\u00e4t geh\u00f6rende Cambridge Assessment Lehrmaterial bereit und entwickelt die Grundlagen der Wissensvermittlung weiter. Um dies auch in Zukunft effizient zu gestalten, begann 2013 die Planung des sogenannten Triangle-Projekts in der englischen Universit\u00e4tsstadt. Platz f\u00fcr bis zu 3.000 Mitarbeiter, Tagungsr\u00e4ume, Raum f\u00fcr modular an den Bedarf anpassbare Einrichtungen (zum Beispiel einen Kindergarten) und eine Vielzahl an nutzbaren Au\u00dfenanlagen sollen dem aktuellen Wachstumskurs der Non-Profit-Organisation die Entwicklungschancen wahren.<\/p>\n<p><strong>Weithin sichtbar: Der Querschnitt einer Definition von Wissen<\/strong><\/p>\n<p>Um diesen Kern von Cambridge Assessment weithin optisch greifbar zu machen, haben sich die Planer von Eric Parry Architects und HLM Architects f\u00fcr ein \u201eSite responsive Artwork\u201c entschieden und daf\u00fcr mit den K\u00fcnstlern Phaophanit und Oboussier (London) zusammengearbeitet. Im Mittelpunkt stand die Frage, wie der Begriff \u201eWissen\u201c weltweit interpretiert wird \u2013 zeiten\u00fcbergreifend und multilingual. Neben aktuellen Statements aus der ganzen Welt ber\u00fccksichtigten die K\u00fcnstler auch Definitionen, die sie auf alten Pergamenten und Papyri fanden. Entstanden ist so das Werk \u201eIN ANDEREN WORTEN\u201c \u2013 ein Doppelst\u00fcck, das zwei keramische Druckglasarbeiten umfasst. Eine f\u00fcr die Fassade des Skywalks, der die beiden Hauptgeb\u00e4udekomplexe verbindet, und eine f\u00fcr die Spitze des 39 Meter hohen Zentralturms.<\/p>\n<p>In enger Abstimmung mit den Kreativen brachte sedak die Kunst aufs Glas. \u201eWir sind auf sehr technikaffine und neugierige Partner getroffen, die gro\u00dfes Interesse daran hatten, was m\u00f6glich ist und wie sich unsere F\u00e4higkeiten in das Kunstwerk einbinden lassen\u201c, berichtet sedak-Projektleiter Ralf Scheurer.<\/p>\n<p><strong>Keramischer Druck mit Erfahrung, Kompetenz und Wagemut<\/strong><\/p>\n<p>Unz\u00e4hlige Definitionen verschmolzen die K\u00fcnstler zu einem schier \u00fcberw\u00e4ltigenden Gesamtmix. Worte und Buchstaben verschiedener Gr\u00f6\u00dfen und Sprachen verschwimmen, scheinbar \u00fcbergangslos greifen sie ineinander und bilden eine massive W\u00f6rterfront, die aus der Ferne wie eine schillernde Farbmasse wirkt, aufgrund des pr\u00e4zisen Digitaldrucks aus der N\u00e4he aber gut lesbar bleibt. An die Farblichkeit stellten die K\u00fcnstler hohe Anspr\u00fcche: Mit genauen Vorstellungen \u00fcber die richtigen Pantone-Farbt\u00f6ne und deren detaillierten Abstufungen wurden in enger Zusammenarbeit mit sedak anhand von mehreren A3-Mustergl\u00e4sern die richtigen Nuancen bestimmt. W\u00e4hrend der \u201eLink\u201c von Indigo- und Graut\u00f6nen bestimmt wird, das starke Assoziationen zur Wissenschaft weckt, erinnert die Turmspitze an einen Leuchtturm und strahlt, nachts beleuchtet, safranorange in die Ferne. \u201eDie K\u00fcnstler waren mit Begeisterung in den technischen Prozess eingebunden und haben dabei auch Wechselwirkungen f\u00fcr ihr Werk mitgenommen. Wir teilen die Liebe zur Perfektion \u2013 deswegen konnte ein so aussagekr\u00e4ftiges Kunstwerk entstehen\u201c, sagt Scheuer.<\/p>\n<p><strong>Technisch anspruchsvoller Druck<\/strong><\/p>\n<p>Um die insgesamt 476 Quadratmeter Glas den Vorstellungen der Auftraggeber entsprechend zu bedrucken, setzte sedak seinen keramischen Digitaldrucker ein, der mit bis zu 1024dpi auch die feinen Linien der arabischen und fern\u00f6stlichen Schriftzeichen gestochen scharf auf die Scheiben setzte. Die kleinsten Buchstaben messen gerade einmal 6 Millimeter in der H\u00f6he. Die UV-Best\u00e4ndigkeit der keramischen Farben und ihre Kratzfestigkeit sichern die Strahlkraft des Kunstwerks langfristig. Durch die akribische Kantenbearbeitung und eine Lamination mit freier Glaskante wurde eine hohe Qualit\u00e4t der Scheiben gew\u00e4hrleistet, die dem Anspruch der Elite-Universit\u00e4t gerecht wird.<\/p>\n<hr noshade=\"noshade\" size=\"1\" \/>\n<p><img loading=\"lazy\" decoding=\"async\" class=\"aligncenter size-medium wp-image-8546\" src=\"http:\/\/www.pr-neu.de\/newsroom\/wordpress\/wp-content\/uploads\/2018\/05\/18-02_Konzept_G-300x157.jpg\" alt=\"\" width=\"300\" height=\"157\" srcset=\"https:\/\/www.pr-neu.de\/newsroom\/wordpress\/wp-content\/uploads\/2018\/05\/18-02_Konzept_G-300x157.jpg 300w, https:\/\/www.pr-neu.de\/newsroom\/wordpress\/wp-content\/uploads\/2018\/05\/18-02_Konzept_G-768x402.jpg 768w, https:\/\/www.pr-neu.de\/newsroom\/wordpress\/wp-content\/uploads\/2018\/05\/18-02_Konzept_G-1024x536.jpg 1024w, https:\/\/www.pr-neu.de\/newsroom\/wordpress\/wp-content\/uploads\/2018\/05\/18-02_Konzept_G-110x58.jpg 110w, https:\/\/www.pr-neu.de\/newsroom\/wordpress\/wp-content\/uploads\/2018\/05\/18-02_Konzept_G-420x220.jpg 420w, https:\/\/www.pr-neu.de\/newsroom\/wordpress\/wp-content\/uploads\/2018\/05\/18-02_Konzept_G-770x403.jpg 770w, https:\/\/www.pr-neu.de\/newsroom\/wordpress\/wp-content\/uploads\/2018\/05\/18-02_Konzept_G.jpg 1795w\" sizes=\"auto, (max-width: 300px) 100vw, 300px\" \/><\/p>\n<p style=\"text-align: center;\">Der Neubau von Cambridge Assessment wird durch zwei pr\u00e4gende Bauk\u00f6rper und den Baustoff Glas zur Landmarke: Die hinterleuchtete Glasfassade aus orangefarbenen Laminaten setzt mit dem Turm einen weithin sichtbaren Architektur-Akzent. Isoliergl\u00e4ser mit blauem Druck verbinden als Skywalk zwei Trakte \u2013 und setzen einen optischen Gegenpol zum Turm.<\/p>\n<p style=\"text-align: center;\">Foto: sedak GmbH &amp; Co. KG<\/p>\n<p style=\"text-align: center;\"><a href=\"http:\/\/www.pr-neu.de\/newsroom\/wordpress\/wp-content\/uploads\/2018\/05\/18-02_Konzept_G.jpg\" target=\"_blank\" rel=\"noopener noreferrer\">Download (300dpi)<\/a><\/p>\n<p><img loading=\"lazy\" decoding=\"async\" class=\"aligncenter size-medium wp-image-8547\" src=\"http:\/\/www.pr-neu.de\/newsroom\/wordpress\/wp-content\/uploads\/2018\/05\/18-02_erleuchtet_G-300x200.jpg\" alt=\"\" width=\"300\" height=\"200\" srcset=\"https:\/\/www.pr-neu.de\/newsroom\/wordpress\/wp-content\/uploads\/2018\/05\/18-02_erleuchtet_G-300x200.jpg 300w, https:\/\/www.pr-neu.de\/newsroom\/wordpress\/wp-content\/uploads\/2018\/05\/18-02_erleuchtet_G-768x513.jpg 768w, https:\/\/www.pr-neu.de\/newsroom\/wordpress\/wp-content\/uploads\/2018\/05\/18-02_erleuchtet_G-1024x683.jpg 1024w, https:\/\/www.pr-neu.de\/newsroom\/wordpress\/wp-content\/uploads\/2018\/05\/18-02_erleuchtet_G-110x73.jpg 110w, https:\/\/www.pr-neu.de\/newsroom\/wordpress\/wp-content\/uploads\/2018\/05\/18-02_erleuchtet_G-420x280.jpg 420w, https:\/\/www.pr-neu.de\/newsroom\/wordpress\/wp-content\/uploads\/2018\/05\/18-02_erleuchtet_G-644x430.jpg 644w, https:\/\/www.pr-neu.de\/newsroom\/wordpress\/wp-content\/uploads\/2018\/05\/18-02_erleuchtet_G.jpg 1795w\" sizes=\"auto, (max-width: 300px) 100vw, 300px\" \/><\/p>\n<p style=\"text-align: center;\">Nach Sonnenuntergang strahlen die 36 aufw\u00e4ndig keramisch bedruckten Laminate an der hinterleuchteten Fassade wie ein Leuchtturm in die Ferne.<\/p>\n<p style=\"text-align: center;\">Foto: sedak GmbH &amp; Co. KG<\/p>\n<p style=\"text-align: center;\"><a href=\"http:\/\/www.pr-neu.de\/newsroom\/wordpress\/wp-content\/uploads\/2018\/05\/18-02_erleuchtet_G.jpg\" target=\"_blank\" rel=\"noopener noreferrer\">Download (300dpi)<\/a><\/p>\n<p><img loading=\"lazy\" decoding=\"async\" class=\"aligncenter size-medium wp-image-8548\" src=\"http:\/\/www.pr-neu.de\/newsroom\/wordpress\/wp-content\/uploads\/2018\/05\/18-02_Detail1_G-300x225.jpg\" alt=\"\" width=\"300\" height=\"225\" srcset=\"https:\/\/www.pr-neu.de\/newsroom\/wordpress\/wp-content\/uploads\/2018\/05\/18-02_Detail1_G-300x225.jpg 300w, https:\/\/www.pr-neu.de\/newsroom\/wordpress\/wp-content\/uploads\/2018\/05\/18-02_Detail1_G-768x576.jpg 768w, https:\/\/www.pr-neu.de\/newsroom\/wordpress\/wp-content\/uploads\/2018\/05\/18-02_Detail1_G-1024x768.jpg 1024w, https:\/\/www.pr-neu.de\/newsroom\/wordpress\/wp-content\/uploads\/2018\/05\/18-02_Detail1_G-110x82.jpg 110w, https:\/\/www.pr-neu.de\/newsroom\/wordpress\/wp-content\/uploads\/2018\/05\/18-02_Detail1_G-420x315.jpg 420w, https:\/\/www.pr-neu.de\/newsroom\/wordpress\/wp-content\/uploads\/2018\/05\/18-02_Detail1_G-573x430.jpg 573w, https:\/\/www.pr-neu.de\/newsroom\/wordpress\/wp-content\/uploads\/2018\/05\/18-02_Detail1_G.jpg 1795w\" sizes=\"auto, (max-width: 300px) 100vw, 300px\" \/><\/p>\n<p style=\"text-align: center;\">Pr\u00e4zisionsarbeit: Die kleinsten Buchstaben sind gerade mal sechs Millimeter gro\u00df. In dem Kunstwerk wurden Antworten auf die Frage \u201eWas ist die Bedeutung von Wissen?\u201c gesammelt und in den verschiedensten Sprachen und Schriften auf das Glas gedruckt.<\/p>\n<p style=\"text-align: center;\">Foto: sedak GmbH &amp; Co. KG<\/p>\n<p style=\"text-align: center;\"><a href=\"http:\/\/www.pr-neu.de\/newsroom\/wordpress\/wp-content\/uploads\/2018\/05\/18-02_Detail1_G.jpg\" target=\"_blank\" rel=\"noopener noreferrer\">Download (300dpi)<\/a><\/p>\n<p><img loading=\"lazy\" decoding=\"async\" class=\"aligncenter size-medium wp-image-8549\" src=\"http:\/\/www.pr-neu.de\/newsroom\/wordpress\/wp-content\/uploads\/2018\/05\/18-02_Detail2_G-300x183.jpg\" alt=\"\" width=\"300\" height=\"183\" srcset=\"https:\/\/www.pr-neu.de\/newsroom\/wordpress\/wp-content\/uploads\/2018\/05\/18-02_Detail2_G-300x183.jpg 300w, https:\/\/www.pr-neu.de\/newsroom\/wordpress\/wp-content\/uploads\/2018\/05\/18-02_Detail2_G-768x468.jpg 768w, https:\/\/www.pr-neu.de\/newsroom\/wordpress\/wp-content\/uploads\/2018\/05\/18-02_Detail2_G-1024x624.jpg 1024w, https:\/\/www.pr-neu.de\/newsroom\/wordpress\/wp-content\/uploads\/2018\/05\/18-02_Detail2_G-110x67.jpg 110w, https:\/\/www.pr-neu.de\/newsroom\/wordpress\/wp-content\/uploads\/2018\/05\/18-02_Detail2_G-420x256.jpg 420w, https:\/\/www.pr-neu.de\/newsroom\/wordpress\/wp-content\/uploads\/2018\/05\/18-02_Detail2_G-706x430.jpg 706w, https:\/\/www.pr-neu.de\/newsroom\/wordpress\/wp-content\/uploads\/2018\/05\/18-02_Detail2_G.jpg 1795w\" sizes=\"auto, (max-width: 300px) 100vw, 300px\" \/><\/p>\n<p style=\"text-align: center;\">Pr\u00e4zisionsarbeit: Die kleinsten Buchstaben sind gerade mal sechs Millimeter gro\u00df. In dem Kunstwerk wurden Antworten auf die Frage \u201eWas ist die Bedeutung von Wissen?\u201c gesammelt und in den verschiedensten Sprachen und Schriften auf das Glas gedruckt.<\/p>\n<p style=\"text-align: center;\">Foto: sedak GmbH &amp; Co. KG<\/p>\n<p style=\"text-align: center;\"><a href=\"http:\/\/www.pr-neu.de\/newsroom\/wordpress\/wp-content\/uploads\/2018\/05\/18-02_Detail2_G.jpg\" target=\"_blank\" rel=\"noopener noreferrer\">Download (300dpi)<\/a><\/p>\n<p><img loading=\"lazy\" decoding=\"async\" class=\"size-medium wp-image-8550 aligncenter\" src=\"http:\/\/www.pr-neu.de\/newsroom\/wordpress\/wp-content\/uploads\/2018\/05\/18-02_Glasdruck_G-300x165.jpg\" alt=\"\" width=\"300\" height=\"165\" srcset=\"https:\/\/www.pr-neu.de\/newsroom\/wordpress\/wp-content\/uploads\/2018\/05\/18-02_Glasdruck_G-300x165.jpg 300w, https:\/\/www.pr-neu.de\/newsroom\/wordpress\/wp-content\/uploads\/2018\/05\/18-02_Glasdruck_G-768x422.jpg 768w, https:\/\/www.pr-neu.de\/newsroom\/wordpress\/wp-content\/uploads\/2018\/05\/18-02_Glasdruck_G-1024x563.jpg 1024w, https:\/\/www.pr-neu.de\/newsroom\/wordpress\/wp-content\/uploads\/2018\/05\/18-02_Glasdruck_G-110x60.jpg 110w, https:\/\/www.pr-neu.de\/newsroom\/wordpress\/wp-content\/uploads\/2018\/05\/18-02_Glasdruck_G-420x231.jpg 420w, https:\/\/www.pr-neu.de\/newsroom\/wordpress\/wp-content\/uploads\/2018\/05\/18-02_Glasdruck_G-770x423.jpg 770w, https:\/\/www.pr-neu.de\/newsroom\/wordpress\/wp-content\/uploads\/2018\/05\/18-02_Glasdruck_G.jpg 1795w\" sizes=\"auto, (max-width: 300px) 100vw, 300px\" \/><\/p>\n<p style=\"text-align: center;\">Bedruckt wurden die Gl\u00e4ser von sedak mit einem hochpr\u00e4zisen keramischen Verfahren, das langfristig die Qualit\u00e4t sicherstellt. Der Drucker erreicht bis zu 1024 dpi.<\/p>\n<p style=\"text-align: center;\">Foto: sedak GmbH &amp; Co. KG<\/p>\n<p style=\"text-align: center;\"><a href=\"http:\/\/www.pr-neu.de\/newsroom\/wordpress\/wp-content\/uploads\/2018\/05\/18-02_Glasdruck_G.jpg\" target=\"_blank\" rel=\"noopener noreferrer\">Download (300dpi)<\/a><\/p>\n<p><img loading=\"lazy\" decoding=\"async\" class=\"aligncenter size-medium wp-image-8551\" src=\"http:\/\/www.pr-neu.de\/newsroom\/wordpress\/wp-content\/uploads\/2018\/05\/18-02_Bauphase_G-300x212.jpg\" alt=\"\" width=\"300\" height=\"212\" srcset=\"https:\/\/www.pr-neu.de\/newsroom\/wordpress\/wp-content\/uploads\/2018\/05\/18-02_Bauphase_G-300x212.jpg 300w, https:\/\/www.pr-neu.de\/newsroom\/wordpress\/wp-content\/uploads\/2018\/05\/18-02_Bauphase_G-768x542.jpg 768w, https:\/\/www.pr-neu.de\/newsroom\/wordpress\/wp-content\/uploads\/2018\/05\/18-02_Bauphase_G-1024x722.jpg 1024w, https:\/\/www.pr-neu.de\/newsroom\/wordpress\/wp-content\/uploads\/2018\/05\/18-02_Bauphase_G-110x78.jpg 110w, https:\/\/www.pr-neu.de\/newsroom\/wordpress\/wp-content\/uploads\/2018\/05\/18-02_Bauphase_G-420x296.jpg 420w, https:\/\/www.pr-neu.de\/newsroom\/wordpress\/wp-content\/uploads\/2018\/05\/18-02_Bauphase_G-610x430.jpg 610w, https:\/\/www.pr-neu.de\/newsroom\/wordpress\/wp-content\/uploads\/2018\/05\/18-02_Bauphase_G.jpg 1795w\" sizes=\"auto, (max-width: 300px) 100vw, 300px\" \/><\/p>\n<p style=\"text-align: center;\">Das Glaskunstwerk \u201eIn Other Words\u201c thront am Zentralturm des Cambridge Assessment.<\/p>\n<p style=\"text-align: center;\">Foto: sedak GmbH &amp; Co. KG<\/p>\n<p style=\"text-align: center;\"><a href=\"http:\/\/www.pr-neu.de\/newsroom\/wordpress\/wp-content\/uploads\/2018\/05\/18-02_Bauphase_G.jpg\" target=\"_blank\" rel=\"noopener noreferrer\">Download (300dpi)<\/a><\/p>\n<hr noshade=\"noshade\" size=\"1\" \/>\n<p><strong>R\u00fcckfragen beantworten gern<\/strong><\/p>\n<table>\n<tbody>\n<tr>\n<td valign=\"top\" width=\"260\" height=\"25\"><strong>sedak GmbH &amp; Co. KG<br \/>\n<\/strong>Tatjana Vinkovic<br \/>\nTel.: +49(0)821\/2494-823<br \/>\nFax: +49(0)821\/2494-777<br \/>\nE-Mail: <a href=\"m&#97;&#105;&#x6c;&#x74;o:&#116;&#97;&#x74;&#x6a;an&#97;&#46;&#x76;&#x69;nk&#111;&#x76;&#x69;&#x63;&#64;&#115;&#101;&#x64;&#x61;&#x6b;&#46;&#99;&#111;&#x6d;\">&#x74;&#97;&#116;j&#x61;&#x6e;&#97;&#46;&#x76;&#x69;&#110;k&#x6f;&#x76;&#105;c&#x40;&#x73;&#101;d&#x61;&#x6b;&#46;c&#x6f;&#x6d;<\/a><\/td>\n<td colspan=\"3\" valign=\"top\" width=\"260\" height=\"21\"><\/td>\n<\/tr>\n<\/tbody>\n<\/table>\n<p>Abdruck honorarfrei, Belegexemplar erbeten<\/p>\n<hr noshade=\"noshade\" size=\"1\" \/>\n<p><strong>Leading glass<\/strong><\/p>\n<p>Der Glasveredler sedak (Gersthofen), gegr\u00fcndet 2007, hat sich mit mittlerweile 150 Mitarbeitern zum weltweiten Technologie- und Innovationsf\u00fchrer f\u00fcr gro\u00dfformatige Isolier- und Sicherheitsgl\u00e4ser entwickelt. Nach zehnj\u00e4hriger Erfahrung in der Produktion von Scheiben in \u00dcbergr\u00f6\u00dfen und dem kontinuierlichen Ausbau der Automatisierung, gilt sedak als wegweisender Spezialist in diesem know-how-intensiven Segment. Die Scheiben reichen bis 3,2 x 16,5 Meter \u2013 bearbeitet, vorgespannt, laminiert, bedruckt, beschichtet und laminationsgebogen. Kernkompetenzen sind Glaslamination, Kantenbearbeitung und das Spezialwissen bei der Produktion von Glasbauteilen mit zus\u00e4tzlichen funktionalen und dekorativen Elementen. Die Fertigung ist auf die extremen Glasgr\u00f6\u00dfen und -gewichte optimiert, s\u00e4mtliche Veredelungsschritte erfolgen inhouse und hochautomatisiert. Als Full-Supplier f\u00fcr Gl\u00e4ser bis 16,5 Meter versteht sich sedak als Partner f\u00fcr Architekten, Planer und Fassadenbauer. Herausragende Referenzen sind u.a. das Haus der Europ\u00e4ischen Geschichte in Br\u00fcssel, die medizinische Fakult\u00e4t in Montpellier, der Torre Europa in Madrid, Brookfield Place New York, die UNO Genf, der Apple-Cube New York, die Experimenta in Heilbronn sowie zahlreiche Premium-Flagship-Stores weltweit.<\/p>\n<p><strong>Anwendungsgebiete<\/strong><\/p>\n<ul>\n<li>Glasfassaden<\/li>\n<li>Glasd\u00e4cher<\/li>\n<li>Glastreppen<\/li>\n<li>Glasbr\u00fcstungen<\/li>\n<li>Schiffsbau<\/li>\n<li>Sicherheitsverglasungen<\/li>\n<li>Ganzglaskonstruktionen<\/li>\n<li>Innenarchitektur<\/li>\n<li>Sonderanfertigungen<\/li>\n<\/ul>\n","protected":false},"excerpt":{"rendered":"<p>Ein komplexer keramischer Digitaldruck auf insgesamt 51 Gl\u00e4sern verwandelt den Neubau der international aktiven Lerninstitution \u201eCambridge Assessment\u201c zur spektakul\u00e4ren Landmarke. Ausgangspunkt war die Frage des K\u00fcnstlerehepaars Vong Phaophanit und Claire Oboussier: \u201eWas bedeutet Wissen f\u00fcr Sie?\u201c \u2013 Die Antworten, zahlreich und in vielen Sprachen, druckte sedak (Gersthofen) auf 36 Zweifach-Laminate mit bis zu 4 x 2,45 Meter und 15 beschichtete Isoliergl\u00e4ser mit bis zu 4,58 x 1,98 Meter.<\/p>\n<table border=\"0\" width=\"95%\">\n<tbody>\n<tr>\n<td><!-- AddThis Button BEGIN --><\/p>\n<div class=\"addthis_toolbox addthis_default_style\">\n<div><a class=\"addthis_button_compact\" href=\"http:\/\/www.addthis.com\/bookmark.php?v=250&amp;username=xa-4bcef6844aa77bdd\">Share<\/a><span class=\"addthis_separator\">|<\/span><a class=\"addthis_button_facebook\"><\/a><a class=\"addthis_button_myspace\"><\/a><a class=\"addthis_button_google\"><\/a><a class=\"addthis_button_twitter\"><\/a><\/div>\n<\/div>\n<p><script src=\"http:\/\/s7.addthis.com\/js\/250\/addthis_widget.js#username=xa-4bcef6844aa77bdd\" type=\"text\/javascript\"><\/script><!-- AddThis Button END --><\/td>\n<\/tr>\n<\/tbody>\n<\/table>\n","protected":false},"author":8,"featured_media":8551,"comment_status":"closed","ping_status":"open","sticky":false,"template":"","format":"standard","meta":{"footnotes":""},"categories":[12],"tags":[],"class_list":["post-8545","post","type-post","status-publish","format-standard","has-post-thumbnail","hentry","category-sedak"],"_links":{"self":[{"href":"https:\/\/www.pr-neu.de\/newsroom\/wp-json\/wp\/v2\/posts\/8545","targetHints":{"allow":["GET"]}}],"collection":[{"href":"https:\/\/www.pr-neu.de\/newsroom\/wp-json\/wp\/v2\/posts"}],"about":[{"href":"https:\/\/www.pr-neu.de\/newsroom\/wp-json\/wp\/v2\/types\/post"}],"author":[{"embeddable":true,"href":"https:\/\/www.pr-neu.de\/newsroom\/wp-json\/wp\/v2\/users\/8"}],"replies":[{"embeddable":true,"href":"https:\/\/www.pr-neu.de\/newsroom\/wp-json\/wp\/v2\/comments?post=8545"}],"version-history":[{"count":4,"href":"https:\/\/www.pr-neu.de\/newsroom\/wp-json\/wp\/v2\/posts\/8545\/revisions"}],"predecessor-version":[{"id":11617,"href":"https:\/\/www.pr-neu.de\/newsroom\/wp-json\/wp\/v2\/posts\/8545\/revisions\/11617"}],"wp:featuredmedia":[{"embeddable":true,"href":"https:\/\/www.pr-neu.de\/newsroom\/wp-json\/wp\/v2\/media\/8551"}],"wp:attachment":[{"href":"https:\/\/www.pr-neu.de\/newsroom\/wp-json\/wp\/v2\/media?parent=8545"}],"wp:term":[{"taxonomy":"category","embeddable":true,"href":"https:\/\/www.pr-neu.de\/newsroom\/wp-json\/wp\/v2\/categories?post=8545"},{"taxonomy":"post_tag","embeddable":true,"href":"https:\/\/www.pr-neu.de\/newsroom\/wp-json\/wp\/v2\/tags?post=8545"}],"curies":[{"name":"wp","href":"https:\/\/api.w.org\/{rel}","templated":true}]}}