{"id":836,"date":"2011-09-22T14:57:51","date_gmt":"2011-09-22T12:57:51","guid":{"rendered":"http:\/\/www.pr-nord.de\/newsroom\/?p=836"},"modified":"2020-05-29T08:36:16","modified_gmt":"2020-05-29T06:36:16","slug":"econtrol-startet-social-media","status":"publish","type":"post","link":"https:\/\/www.pr-neu.de\/newsroom\/econtrol-startet-social-media\/","title":{"rendered":"EControl startet Social Media"},"content":{"rendered":"<p><span style=\"text-decoration: underline;\"> Dimmbares Glas auf Facebook und Co<\/span><\/p>\n<p>Mit Pr\u00e4senz auf Facebook, Youtube und Twitter startet die EControl-Glas GmbH (Plauen) jetzt auch den Dialog im Web 2.0. Zum einen erkl\u00e4rt das Unternehmen anschaulich die Funktionsweise von EControl-Fensterglas: Dieses l\u00e4sst sich per Touch-Panel oder Klimaautomatik in feinen Stufen dimmen, um Sonnen- und Blendschutz je nach pers\u00f6nlicher Pr\u00e4ferenz und Wetterlage zu gew\u00e4hren. Zum anderen bieten die neuen Kommunikationswege ideale M\u00f6glichkeiten f\u00fcr schnellen Austausch. \u201eDas passt zu unseren Kunden: Menschen, die offen sind f\u00fcr Innovationen und Wert darauf legen, dass moderne Technik intelligent genutzt wird. In unserem Fall hei\u00dft das oft: Wozu Jalousien anbringen, wenn man stattdessen einfach das Fensterglas dimmen kann? Und mit dem Social Web ist es \u00e4hnlich: Wozu Informationen hinterher rennen, wenn man \u00fcber Youtube sofort sieht, wie dimmbares Glas funktioniert oder \u00fcber Facebook direkt und unkompliziert Kontakt hat?\u201c, erl\u00e4utert Manfred Dittmar, Vertriebsleiter und Gesellschafter des Unternehmens.<\/p>\n<p><a href=\"http:\/\/www.facebook.com\/econtrol.glas\" target=\"_blank\" rel=\"noopener noreferrer\">www.facebook.com\/econtrol.glas<\/a>:<br \/>\nAntworten auf Fragen zu dimmbarem Glas, Neuigkeiten aus dem Unternehmen, besondere Aktionen, Messe-Termine, Architektur-Beispiele und vieles mehr.<\/p>\n<p><a href=\"http:\/\/www.twitter.com\/dimmbares_Glas\" target=\"_blank\" rel=\"noopener noreferrer\">www.twitter.com\/dimmbares_Glas<\/a>:<br \/>\nSchnelle Nachrichten, direkt aus dem Unternehmen.<\/p>\n<p><a href=\"http:\/\/www.youtube.com\/econtrolglas\" target=\"_blank\" rel=\"noopener noreferrer\">www.youtube.com\/econtrolglas<\/a>:<br \/>\nDimmbares Glas, erl\u00e4utert in Form anschaulicher Info-Filme.<\/p>\n<hr noshade=\"noshade\" size=\"1\" \/>\n<table style=\"height: 159px;\" border=\"0\" width=\"678\" cellspacing=\"0\" cellpadding=\"0\">\n<tbody>\n<tr>\n<td valign=\"top\" width=\"370\" height=\"200\"><a href=\"http:\/\/www.pr-neu.de\/newsroom\/wordpress\/wp-content\/uploads\/2011\/09\/11-05_Screenshot_SocialMedia_G-1.jpg\"><img loading=\"lazy\" decoding=\"async\" class=\"size-medium wp-image-13275\" src=\"http:\/\/www.pr-neu.de\/newsroom\/wordpress\/wp-content\/uploads\/2011\/09\/11-05_Screenshot_SocialMedia_G-1-300x200.jpg\" alt=\"\" width=\"300\" height=\"200\" srcset=\"https:\/\/www.pr-neu.de\/newsroom\/wordpress\/wp-content\/uploads\/2011\/09\/11-05_Screenshot_SocialMedia_G-1-300x200.jpg 300w, https:\/\/www.pr-neu.de\/newsroom\/wordpress\/wp-content\/uploads\/2011\/09\/11-05_Screenshot_SocialMedia_G-1-1024x682.jpg 1024w, https:\/\/www.pr-neu.de\/newsroom\/wordpress\/wp-content\/uploads\/2011\/09\/11-05_Screenshot_SocialMedia_G-1-768x512.jpg 768w, https:\/\/www.pr-neu.de\/newsroom\/wordpress\/wp-content\/uploads\/2011\/09\/11-05_Screenshot_SocialMedia_G-1-1536x1024.jpg 1536w, https:\/\/www.pr-neu.de\/newsroom\/wordpress\/wp-content\/uploads\/2011\/09\/11-05_Screenshot_SocialMedia_G-1-110x73.jpg 110w, https:\/\/www.pr-neu.de\/newsroom\/wordpress\/wp-content\/uploads\/2011\/09\/11-05_Screenshot_SocialMedia_G-1-420x280.jpg 420w, https:\/\/www.pr-neu.de\/newsroom\/wordpress\/wp-content\/uploads\/2011\/09\/11-05_Screenshot_SocialMedia_G-1-645x430.jpg 645w, https:\/\/www.pr-neu.de\/newsroom\/wordpress\/wp-content\/uploads\/2011\/09\/11-05_Screenshot_SocialMedia_G-1.jpg 1772w\" sizes=\"auto, (max-width: 300px) 100vw, 300px\" \/><\/a><\/td>\n<td>Auf offene Kommunikation ausgerichtet: EControl startet die Kommunikation \u00fcber Facebook, Twitter und Youtube.<\/p>\n<p>Foto: EControl-Glas<\/td>\n<\/tr>\n<\/tbody>\n<\/table>\n<hr noshade=\"noshade\" size=\"1\" \/>\n<p>Abdruck honorarfrei, Belegexemplar erbeten<\/p>\n<p><strong>R\u00fcckfragen beantwortet gern<\/strong><\/p>\n<table width=\"532\">\n<tbody>\n<tr>\n<td valign=\"top\" width=\"260\" height=\"25\"><strong>EControl-Glas<\/strong> GmbH &amp; Co. KG<br \/>\nNadine Witt<br \/>\nTel.: +49(0)3741\/14820-116<br \/>\nFax: +49(0)3741\/14820-150<br \/>\nE-Mail: <a href=\"&#x6d;&#x61;&#x69;&#x6c;&#x74;&#x6f;&#x3a;&#x70;&#x72;&#x65;&#x73;&#x73;&#x65;&#x40;&#101;&#99;&#111;&#110;&#116;&#114;&#111;&#108;&#45;&#103;&#108;as&#46;de\">&#x70;&#x72;&#101;s&#x73;&#x65;&#x40;&#101;c&#x6f;&#x6e;&#x74;&#114;o&#x6c;&#x2d;&#x67;&#108;a&#x73;&#x2e;&#x64;&#101;<\/a><\/td>\n<td colspan=\"3\" valign=\"top\" width=\"260\" height=\"21\"><\/td>\n<\/tr>\n<\/tbody>\n<\/table>\n","protected":false},"excerpt":{"rendered":"<p>Dimmbares Glas auf Facebook und Co Mit Pr\u00e4senz auf Facebook, Youtube und Twitter startet die EControl-Glas GmbH (Plauen) jetzt auch den Dialog im Web 2.0. Zum einen erkl\u00e4rt das Unternehmen anschaulich die Funktionsweise von EControl-Fensterglas: Dieses l\u00e4sst sich per Touch-Panel oder Klimaautomatik in feinen Stufen dimmen, um Sonnen- und Blendschutz je nach pers\u00f6nlicher Pr\u00e4ferenz und [&hellip;]<\/p>\n","protected":false},"author":6,"featured_media":7888,"comment_status":"closed","ping_status":"open","sticky":false,"template":"","format":"standard","meta":{"footnotes":""},"categories":[25,3],"tags":[135,147,172,230,475,594,608,646],"class_list":["post-836","post","type-post","status-publish","format-standard","has-post-thumbnail","hentry","category-econtrol","category-kundenmeldungen","tag-dimmbares-glas","tag-econtrol-2","tag-facebook","tag-glas","tag-social-media","tag-twitter","tag-verglasung","tag-youtube"],"_links":{"self":[{"href":"https:\/\/www.pr-neu.de\/newsroom\/wp-json\/wp\/v2\/posts\/836","targetHints":{"allow":["GET"]}}],"collection":[{"href":"https:\/\/www.pr-neu.de\/newsroom\/wp-json\/wp\/v2\/posts"}],"about":[{"href":"https:\/\/www.pr-neu.de\/newsroom\/wp-json\/wp\/v2\/types\/post"}],"author":[{"embeddable":true,"href":"https:\/\/www.pr-neu.de\/newsroom\/wp-json\/wp\/v2\/users\/6"}],"replies":[{"embeddable":true,"href":"https:\/\/www.pr-neu.de\/newsroom\/wp-json\/wp\/v2\/comments?post=836"}],"version-history":[{"count":3,"href":"https:\/\/www.pr-neu.de\/newsroom\/wp-json\/wp\/v2\/posts\/836\/revisions"}],"predecessor-version":[{"id":13276,"href":"https:\/\/www.pr-neu.de\/newsroom\/wp-json\/wp\/v2\/posts\/836\/revisions\/13276"}],"wp:featuredmedia":[{"embeddable":true,"href":"https:\/\/www.pr-neu.de\/newsroom\/wp-json\/wp\/v2\/media\/7888"}],"wp:attachment":[{"href":"https:\/\/www.pr-neu.de\/newsroom\/wp-json\/wp\/v2\/media?parent=836"}],"wp:term":[{"taxonomy":"category","embeddable":true,"href":"https:\/\/www.pr-neu.de\/newsroom\/wp-json\/wp\/v2\/categories?post=836"},{"taxonomy":"post_tag","embeddable":true,"href":"https:\/\/www.pr-neu.de\/newsroom\/wp-json\/wp\/v2\/tags?post=836"}],"curies":[{"name":"wp","href":"https:\/\/api.w.org\/{rel}","templated":true}]}}