{"id":8357,"date":"2018-05-14T15:00:24","date_gmt":"2018-05-14T12:30:24","guid":{"rendered":"http:\/\/www.pr-nord.de\/newsroom\/?p=6317"},"modified":"2020-05-19T08:56:32","modified_gmt":"2020-05-19T06:56:32","slug":"infos-aus-erster-hand","status":"publish","type":"post","link":"https:\/\/www.pr-neu.de\/newsroom\/infos-aus-erster-hand\/","title":{"rendered":"Infos aus erster Hand"},"content":{"rendered":"<p><span style=\"text-decoration: underline;\">sedak startet Newsletter:<\/span><\/p>\n<p>Einblicke in die Fertigung, Innovationen der Flachglasveredelung und aktuelle Projekte \u2013 das sind die exklusiven Inhalte des neuen Newsletters von sedak. Viele Informationen werden erstmalig beziehungsweise zuerst \u00fcber den Newsletter ver\u00f6ffentlicht. Abonnenten werden so zu \u201esedak-Insidern\u201c. Der Spezialist f\u00fcr Glas in \u00dcberformaten aus Gersthofen bietet den Infoversand in Deutsch und Englisch an. Die Anmeldung f\u00fcr den drei Mal pro Jahr erscheinenden Newsletter erfolgt \u00fcber die sedak-Website: <a href=\"http:\/\/www.sedak.com\/de\/unternehmen\/newsletter\/\" target=\"_blank\" rel=\"noopener noreferrer\">www.sedak.com\/de\/unternehmen\/newsletter<\/a><\/p>\n<hr noshade=\"noshade\" size=\"1\" \/>\n<p style=\"text-align: center;\"><a href=\"http:\/\/www.pr-neu.de\/newsroom\/wordpress\/wp-content\/uploads\/2018\/05\/18-03_sedak-newsletter_G.jpg\" target=\"_blank\" rel=\"noopener noreferrer\"><img loading=\"lazy\" decoding=\"async\" class=\"aligncenter wp-image-6318 size-medium\" src=\"http:\/\/www.pr-neu.de\/newsroom\/wordpress\/wp-content\/uploads\/2018\/05\/18-03_sedak-newsletter_G-300x201.jpg\" alt=\"18-03_sedak newsletter_G\" width=\"300\" height=\"201\" \/><\/a>Informativ und exklusiv: Der neue Newsletter von sedak erscheint drei Mal im Jahr.<\/p>\n<p style=\"text-align: center;\">Foto: sedak GmbH &amp; Co. KG<\/p>\n<p style=\"text-align: center;\"><a href=\"http:\/\/www.pr-neu.de\/newsroom\/wordpress\/wp-content\/uploads\/2018\/05\/18-03_sedak-newsletter_G.jpg\" target=\"_blank\" rel=\"noopener noreferrer\">Download (300dpi)<\/a><\/p>\n<p style=\"text-align: center;\"><a href=\"http:\/\/www.pr-neu.de\/newsroom\/wordpress\/wp-content\/uploads\/2018\/05\/18-03_sedak-newsletter_pur_G.jpg\" target=\"_blank\" rel=\"noopener noreferrer\"><img loading=\"lazy\" decoding=\"async\" class=\"aligncenter wp-image-6319 size-medium\" src=\"http:\/\/www.pr-neu.de\/newsroom\/wordpress\/wp-content\/uploads\/2018\/05\/18-03_sedak-newsletter_pur_G-300x201.jpg\" alt=\"18-03_sedak newsletter_pur_G\" width=\"300\" height=\"201\" \/><\/a>Informativ und exklusiv: Der neue Newsletter von sedak erscheint drei Mal im Jahr.<\/p>\n<p style=\"text-align: center;\">Foto: sedak GmbH &amp; Co. KG<\/p>\n<p style=\"text-align: center;\"><a href=\"http:\/\/www.pr-neu.de\/newsroom\/wordpress\/wp-content\/uploads\/2018\/05\/18-03_sedak-newsletter_pur_G.jpg\" target=\"_blank\" rel=\"noopener noreferrer\">Download (300dpi)<\/a><\/p>\n<hr noshade=\"noshade\" size=\"1\" \/>\n<p><strong>R\u00fcckfragen beantworten gern<\/strong><\/p>\n<table>\n<tbody>\n<tr>\n<td valign=\"top\" width=\"260\" height=\"25\"><strong>sedak GmbH &amp; Co. KG<br \/>\n<\/strong>Tatjana Vinkovic<br \/>\nTel.: +49(0)821\/2494-823<br \/>\nFax: +49(0)821\/2494-777<br \/>\nE-Mail: <a href=\"&#x6d;a&#x69;l&#x74;&#111;&#x3a;&#116;a&#x74;j&#x61;&#110;&#x61;&#46;&#x76;&#105;n&#x6b;o&#x76;&#105;&#x63;&#64;&#x73;&#x65;d&#x61;k&#x2e;&#99;&#x6f;&#109;\">&#x74;&#x61;&#116;j&#x61;&#x6e;&#97;&#46;v&#x69;&#x6e;&#107;o&#x76;&#x69;&#99;&#64;s&#x65;&#x64;&#97;k&#x2e;&#x63;&#111;&#109;<\/a><\/td>\n<td colspan=\"3\" valign=\"top\" width=\"260\" height=\"21\"><\/td>\n<\/tr>\n<\/tbody>\n<\/table>\n<p>Abdruck honorarfrei, Belegexemplar erbeten<\/p>\n<hr noshade=\"noshade\" size=\"1\" \/>\n<p><strong>Leading glass<\/strong><\/p>\n<p>Der Glasveredler sedak (Gersthofen), gegr\u00fcndet 2007, hat sich mit mittlerweile 150 Mitarbeitern zum weltweiten Technologie- und Innovationsf\u00fchrer f\u00fcr gro\u00dfformatige Isolier- und Sicherheitsgl\u00e4ser entwickelt. Nach zehnj\u00e4hriger Erfahrung in der Produktion von Scheiben in \u00dcbergr\u00f6\u00dfen und dem kontinuierlichen Ausbau der Automatisierung, gilt sedak als wegweisender Spezialist in diesem know-how-intensiven Segment. Die Scheiben reichen bis 3,2 x 16,5 Meter \u2013 bearbeitet, vorgespannt, laminiert, bedruckt, beschichtet und laminationsgebogen. Kernkompetenzen sind Glaslamination, Kantenbearbeitung und das Spezialwissen bei der Produktion von Glasbauteilen mit zus\u00e4tzlichen funktionalen und dekorativen Elementen. Die Fertigung ist auf die extremen Glasgr\u00f6\u00dfen und -gewichte optimiert, s\u00e4mtliche Veredelungsschritte erfolgen inhouse und hochautomatisiert. Als Full-Supplier f\u00fcr Gl\u00e4ser bis 16,5 Meter versteht sich sedak als Partner f\u00fcr Architekten, Planer und Fassadenbauer. Herausragende Referenzen sind u.a. das Haus der Europ\u00e4ischen Geschichte in Br\u00fcssel, die medizinische Fakult\u00e4t in Montpellier, der Torre Europa in Madrid, Brookfield Place New York, die UNO Genf, der Apple-Cube New York, die Experimenta in Heilbronn sowie zahlreiche Premium-Flagship-Stores weltweit.<\/p>\n<p><strong>Anwendungsgebiete<\/strong><\/p>\n<ul>\n<li>Glasfassaden<\/li>\n<li>Glasd\u00e4cher<\/li>\n<li>Glastreppen<\/li>\n<li>Glasbr\u00fcstungen<\/li>\n<li>Schiffsbau<\/li>\n<li>Sicherheitsverglasungen<\/li>\n<li>Ganzglaskonstruktionen<\/li>\n<li>Innenarchitektur<\/li>\n<li>Sonderanfertigungen<\/li>\n<\/ul>\n","protected":false},"excerpt":{"rendered":"<p>Einblicke in die Fertigung, Innovationen der Flachglasveredelung und aktuelle Projekte \u2013 das sind die exklusiven Inhalte des neuen Newsletters von sedak. Viele Informationen werden erstmalig beziehungsweise zuerst \u00fcber den Newsletter ver\u00f6ffentlicht. <\/p>\n<table border=\"0\" width=\"95%\">\n<tbody>\n<tr>\n<td><!-- AddThis Button BEGIN --><\/p>\n<div class=\"addthis_toolbox addthis_default_style\">\n<div><a class=\"addthis_button_compact\" href=\"http:\/\/www.addthis.com\/bookmark.php?v=250&amp;username=xa-4bcef6844aa77bdd\">Share<\/a><span class=\"addthis_separator\">|<\/span><a class=\"addthis_button_facebook\"><\/a><a class=\"addthis_button_myspace\"><\/a><a class=\"addthis_button_google\"><\/a><a class=\"addthis_button_twitter\"><\/a><\/div>\n<\/div>\n<p><script src=\"http:\/\/s7.addthis.com\/js\/250\/addthis_widget.js#username=xa-4bcef6844aa77bdd\" type=\"text\/javascript\"><\/script><!-- AddThis Button END --><\/td>\n<\/tr>\n<\/tbody>\n<\/table>\n","protected":false},"author":6,"featured_media":8316,"comment_status":"closed","ping_status":"open","sticky":false,"template":"","format":"standard","meta":{"footnotes":""},"categories":[12],"tags":[],"class_list":["post-8357","post","type-post","status-publish","format-standard","has-post-thumbnail","hentry","category-sedak"],"_links":{"self":[{"href":"https:\/\/www.pr-neu.de\/newsroom\/wp-json\/wp\/v2\/posts\/8357","targetHints":{"allow":["GET"]}}],"collection":[{"href":"https:\/\/www.pr-neu.de\/newsroom\/wp-json\/wp\/v2\/posts"}],"about":[{"href":"https:\/\/www.pr-neu.de\/newsroom\/wp-json\/wp\/v2\/types\/post"}],"author":[{"embeddable":true,"href":"https:\/\/www.pr-neu.de\/newsroom\/wp-json\/wp\/v2\/users\/6"}],"replies":[{"embeddable":true,"href":"https:\/\/www.pr-neu.de\/newsroom\/wp-json\/wp\/v2\/comments?post=8357"}],"version-history":[{"count":5,"href":"https:\/\/www.pr-neu.de\/newsroom\/wp-json\/wp\/v2\/posts\/8357\/revisions"}],"predecessor-version":[{"id":11618,"href":"https:\/\/www.pr-neu.de\/newsroom\/wp-json\/wp\/v2\/posts\/8357\/revisions\/11618"}],"wp:featuredmedia":[{"embeddable":true,"href":"https:\/\/www.pr-neu.de\/newsroom\/wp-json\/wp\/v2\/media\/8316"}],"wp:attachment":[{"href":"https:\/\/www.pr-neu.de\/newsroom\/wp-json\/wp\/v2\/media?parent=8357"}],"wp:term":[{"taxonomy":"category","embeddable":true,"href":"https:\/\/www.pr-neu.de\/newsroom\/wp-json\/wp\/v2\/categories?post=8357"},{"taxonomy":"post_tag","embeddable":true,"href":"https:\/\/www.pr-neu.de\/newsroom\/wp-json\/wp\/v2\/tags?post=8357"}],"curies":[{"name":"wp","href":"https:\/\/api.w.org\/{rel}","templated":true}]}}