{"id":8354,"date":"2018-04-11T14:52:12","date_gmt":"2018-04-11T12:22:12","guid":{"rendered":"http:\/\/www.pr-nord.de\/newsroom\/?p=6224"},"modified":"2020-05-18T14:38:26","modified_gmt":"2020-05-18T12:38:26","slug":"teckentrup-lieferservice-vom-band-bis-zur-wand","status":"publish","type":"post","link":"https:\/\/www.pr-neu.de\/newsroom\/teckentrup-lieferservice-vom-band-bis-zur-wand\/","title":{"rendered":"Teckentrup Vertrage-Service:  Vom Band bis zur Wand"},"content":{"rendered":"<p><strong>Mit dem neuen \u201eT\u00fcren-Vertrage-Service\u201c entlasten Montagebetriebe ihre Mitarbeiter von der m\u00fchsamen Transport- und Vertragearbeit auf der Baustelle: Wer das Angebot \u00fcber Teckentrup (Verl) bucht, bekommt die T\u00fcren direkt bis an den Einbauort transportiert. Speditions-Teams, f\u00fcr die der Umgang mit schweren Lasten zum Kerngesch\u00e4ft geh\u00f6rt, transportieren und vertragen die T\u00fcren auf der Baustelle vom Abstellort bis an den Einsatzort. Dadurch k\u00f6nnen sich die Monteure auf ihre Arbeit konzentrieren \u2013 den T\u00fcren-Einbau. So steigt die Effizienz im Bauprozess. Das Angebot gilt bundesweit.<\/strong><\/p>\n<p>In der Regel sind Montagetrupps nicht nur f\u00fcr den Einbau von T\u00fcren zust\u00e4ndig, sondern auch f\u00fcr die Logistik auf der Baustelle. Sie m\u00fcssen die teilweise recht schweren Bau\u00adelemente vom Abstellort auf der Baustelle an ihren Einbauort vertragen. Das ist nicht nur m\u00fchselig, die Profis sind f\u00fcr diese Aufgabe auch \u00fcberqualifiziert. Hier setzt der neue Service des T\u00fcrenspezialisten Teckentrup (Verl) an, der in enger Zusammenarbeit mit Kunden und Partnern entwickelt wurde: Mit einem Partner, dem Unternehmen H. E. Herbst GmbH &amp; Co. f\u00fcr Umzug und Logistik, k\u00f6nnen Teckentrup-Kunden nun exklusiv einen Vertrage-Service buchen. Das Fachpersonal transportiert und vertr\u00e4gt die T\u00fcren dann vom Abstellort auf der Baustelle bis an ihren Einbauort. Thomas Lammel, Key-Account-Manager, der das Projekt bei Teckentrup initiiert und von Beginn an begleitet hat, erkl\u00e4rt: \u201eMit diesem Service versetzen wir unsere Kunden in die Lage, sich auf ihr Kerngesch\u00e4ft zu konzentrieren. Das schafft freie Zeitressourcen f\u00fcr weitere neue Projekte.\u201c Der Vertriebsleiter Kundenservice Alexander Bauer erg\u00e4nzt: \u201eDie zus\u00e4tzlichen Kosten rentieren sich schnell, da sich die Handwerker die Zeit f\u00fcr den Transport sparen und wesentlich schneller montieren k\u00f6nnen.\u201c<\/p>\n<p>Der Ablauf ist bewusst einfach gehalten. Mit einer E-Mail an \u201e<a href=\"mail&#116;&#111;&#58;&#116;&#117;&#101;&#114;&#x65;&#x6e;&#x73;&#x65;&#x72;&#x76;&#x69;&#x63;&#x65;&#64;tec&#107;&#101;&#110;&#116;&#114;&#117;&#112;&#x2e;&#x62;&#x69;&#x7a;\">&#116;&#117;&#x65;&#x72;&#101;&#110;&#x73;&#x65;&#114;&#118;&#x69;&#x63;&#101;&#64;&#x74;&#x65;&#99;&#107;&#x65;&#x6e;&#116;&#114;&#x75;&#x70;&#46;&#98;&#x69;&#x7a;<\/a>\u201c l\u00e4sst sich der Service direkt bei der T\u00fcren-Bestellung mitbuchen, der Besteller erh\u00e4lt dann vom Partner-Unternehmen H. E. Herbst eine baustellenspezifische Checkliste. Anschlie\u00dfend wird nur noch der genaue Termin vereinbart \u2013 und die T\u00fcren erreichen wie gew\u00fcnscht ihren Montageort.<\/p>\n<p>Michael Kohlmann, Bauleiter bei der \u201eJens Dunkel Glas- und Bauelemente GmbH\u201c aus Biederitz, hat den Service bereits genutzt und will dabei bleiben: \u201eMir hat die Idee sofort gefallen: Wenn meine Leute nicht mehr mit den schweren T\u00fcren \u00fcber die Baustelle m\u00fcssen, k\u00f6nnen sie sich auf das konzentrieren, wof\u00fcr sie ausgebildet sind, was sie gut k\u00f6nnen und gern machen. Das ist \u00e4u\u00dferst effizient und steigert auch noch die Arbeitsfreude\u201c.<\/p>\n<hr noshade=\"noshade\" size=\"1\" \/>\n<p style=\"text-align: center;\"><a href=\"http:\/\/www.pr-neu.de\/newsroom\/wordpress\/wp-content\/uploads\/2018\/04\/18-06-TuerenVertragen_01_G.jpg\" target=\"_blank\" rel=\"noopener noreferrer\"><img loading=\"lazy\" decoding=\"async\" class=\"aligncenter wp-image-6250 size-medium\" src=\"http:\/\/www.pr-neu.de\/newsroom\/wordpress\/wp-content\/uploads\/2018\/04\/18-06-TuerenVertragen_01_G-201x300.jpg\" alt=\"T\u00fcren vertragen bis zum Einbauort Teckentrup Lieferservice: Vom Band bis zur Wand\" width=\"201\" height=\"300\" srcset=\"https:\/\/www.pr-neu.de\/newsroom\/wordpress\/wp-content\/uploads\/2018\/04\/18-06-TuerenVertragen_01_G-201x300.jpg 201w, https:\/\/www.pr-neu.de\/newsroom\/wordpress\/wp-content\/uploads\/2018\/04\/18-06-TuerenVertragen_01_G-768x1144.jpg 768w, https:\/\/www.pr-neu.de\/newsroom\/wordpress\/wp-content\/uploads\/2018\/04\/18-06-TuerenVertragen_01_G-687x1024.jpg 687w, https:\/\/www.pr-neu.de\/newsroom\/wordpress\/wp-content\/uploads\/2018\/04\/18-06-TuerenVertragen_01_G-74x110.jpg 74w, https:\/\/www.pr-neu.de\/newsroom\/wordpress\/wp-content\/uploads\/2018\/04\/18-06-TuerenVertragen_01_G-282x420.jpg 282w, https:\/\/www.pr-neu.de\/newsroom\/wordpress\/wp-content\/uploads\/2018\/04\/18-06-TuerenVertragen_01_G-289x430.jpg 289w, https:\/\/www.pr-neu.de\/newsroom\/wordpress\/wp-content\/uploads\/2018\/04\/18-06-TuerenVertragen_01_G.jpg 1205w\" sizes=\"auto, (max-width: 201px) 100vw, 201px\" \/><\/a>Sicher, schnell, effizient: Teckentrup bietet den Vertrage-Service f\u00fcr T\u00fcren jetzt bis zum Einbauort. Der Transport erfolgt in Kooperation mit einem spezialisierten Speditionsunternehmen.<\/p>\n<p style=\"text-align: center;\">Bild: Teckentrup<\/p>\n<p style=\"text-align: center;\"><a href=\"http:\/\/www.pr-neu.de\/newsroom\/wordpress\/wp-content\/uploads\/2018\/04\/18-06-TuerenVertragen_01_G.jpg\" target=\"_blank\" rel=\"noopener noreferrer\">Bild downloaden (300dpi)<\/a><\/p>\n<p style=\"text-align: center;\"><a href=\"http:\/\/www.pr-neu.de\/newsroom\/wordpress\/wp-content\/uploads\/2018\/04\/18-06-TuerenVertragen_02_G.jpg\" target=\"_blank\" rel=\"noopener noreferrer\"><img loading=\"lazy\" decoding=\"async\" class=\"aligncenter wp-image-6251 size-medium\" src=\"http:\/\/www.pr-neu.de\/newsroom\/wordpress\/wp-content\/uploads\/2018\/04\/18-06-TuerenVertragen_02_G-300x201.jpg\" alt=\"T\u00fcren vertragen bis zum Einbauort Teckentrup Vertrage-Service: Vom Band bis zur Wand\" width=\"300\" height=\"201\" srcset=\"https:\/\/www.pr-neu.de\/newsroom\/wordpress\/wp-content\/uploads\/2018\/04\/18-06-TuerenVertragen_02_G-300x201.jpg 300w, https:\/\/www.pr-neu.de\/newsroom\/wordpress\/wp-content\/uploads\/2018\/04\/18-06-TuerenVertragen_02_G-768x516.jpg 768w, https:\/\/www.pr-neu.de\/newsroom\/wordpress\/wp-content\/uploads\/2018\/04\/18-06-TuerenVertragen_02_G-1024x687.jpg 1024w, https:\/\/www.pr-neu.de\/newsroom\/wordpress\/wp-content\/uploads\/2018\/04\/18-06-TuerenVertragen_02_G-110x74.jpg 110w, https:\/\/www.pr-neu.de\/newsroom\/wordpress\/wp-content\/uploads\/2018\/04\/18-06-TuerenVertragen_02_G-420x282.jpg 420w, https:\/\/www.pr-neu.de\/newsroom\/wordpress\/wp-content\/uploads\/2018\/04\/18-06-TuerenVertragen_02_G-641x430.jpg 641w, https:\/\/www.pr-neu.de\/newsroom\/wordpress\/wp-content\/uploads\/2018\/04\/18-06-TuerenVertragen_02_G.jpg 1795w\" sizes=\"auto, (max-width: 300px) 100vw, 300px\" \/><\/a>Thomas Lammel, Key-Account-Manager, hat das Projekt bei Teckentrup von Beginn an begleitet.<\/p>\n<p style=\"text-align: center;\">Bild: Teckentrup<\/p>\n<p style=\"text-align: center;\"><a href=\"http:\/\/www.pr-neu.de\/newsroom\/wordpress\/wp-content\/uploads\/2018\/04\/18-06-TuerenVertragen_02_G.jpg\" target=\"_blank\" rel=\"noopener noreferrer\">Bild downloaden (300dpi)<\/a><\/p>\n<p style=\"text-align: center;\"><a href=\"http:\/\/www.pr-neu.de\/newsroom\/wordpress\/wp-content\/uploads\/2018\/04\/18-06-TuerenVertragen_03_G.jpg\" target=\"_blank\" rel=\"noopener noreferrer\"><img loading=\"lazy\" decoding=\"async\" class=\"aligncenter wp-image-6252 size-medium\" src=\"http:\/\/www.pr-neu.de\/newsroom\/wordpress\/wp-content\/uploads\/2018\/04\/18-06-TuerenVertragen_03_G-300x201.jpg\" alt=\"T\u00fcren vertragen bis zum Einbauort Teckentrup Vertrage-Service: Vom Band bis zur Wand\" width=\"300\" height=\"201\" \/><\/a>Alexander Bauer, Vertriebsleiter Kundenservice, geht davon aus, dass sich die zus\u00e4tzlichen Kosten f\u00fcr den Service schnell lohnen: denn so bleibt mehr Zeit f\u00fcr die Montage der T\u00fcren.<\/p>\n<p style=\"text-align: center;\">Bild: Teckentrup<\/p>\n<p style=\"text-align: center;\"><a href=\"http:\/\/www.pr-neu.de\/newsroom\/wordpress\/wp-content\/uploads\/2018\/04\/18-06-TuerenVertragen_03_G.jpg\" target=\"_blank\" rel=\"noopener noreferrer\">Bild downloaden (300dpi)<\/a><\/p>\n<hr noshade=\"noshade\" size=\"1\" \/>\n<p>Abdruck honorarfrei, Belegexemplar erbeten an<\/p>\n<hr noshade=\"noshade\" size=\"1\" \/>\n<p><strong>Teckentrup: Door Solutions<\/strong><\/p>\n<p>Teckentrup z\u00e4hlt mit den Produktionswerken in Verl-S\u00fcrenheide (Hauptsitz, NRW) und Gro\u00dfz\u00f6beritz (Sachsen-Anhalt) sowie seinen 900 Mitarbeitern zu den gr\u00f6\u00dften Herstellern von T\u00fcren und Toren in Europa.<\/p>\n<p>Das in dritter Generation inhabergef\u00fchrte mittelst\u00e4ndische Familien\u00adunternehmen hat sich insbesondere den Werten Qualit\u00e4t, Design und Service verpflichtet. St\u00e4ndige Verbesserungen der Produkte und die Entwicklung neuer Technologien sind f\u00fcr Teckentrup selbstverst\u00e4nd\u00adlich. F\u00fcr die kontinuierliche Weiterentwicklung wurde im gesamten Unternehmen eine kundenzentrierte Ausrichtung (Customer Centri\u00adcity) implementiert. So sorgt das Unternehmen daf\u00fcr, dass gemein\u00adsam mit den Partnern stets die beste L\u00f6sung gefunden wird \u2013 hinsichtlich Design, Sicherheit und Service. Das Angebot umfasst Produktl\u00f6sungen aus den Bereichen HOME (Garagentore), PROFESSIONAL (Funktionst\u00fcren), INDUSTRIAL (Industrietore).<\/p>\n<p>Heute verbindet das 1932 gegr\u00fcndete Unternehmen Tradition mit Fortschritt und das stets \u201emade in Germany\u201c. Zahlreiche internatio\u00adnale Zertifizierungen sind die Basis f\u00fcr einen weltweit erfolgreichen Vertrieb der Produkte. Gesellschaftliche Verantwortung \u00fcbernimmt Teckentrup unter anderem durch die Erf\u00fcllung der \u201eCharta der Vielfalt\u201c.<\/p>\n","protected":false},"excerpt":{"rendered":"<p>Mit dem neuen \u201eT\u00fcren-Vertrage-Service\u201c entlasten Montagebetriebe ihre Mitarbeiter von der m\u00fchsamen Transport- und Vertragearbeit auf der Baustelle: Wer das Angebot \u00fcber Teckentrup (Verl) bucht, bekommt die T\u00fcren direkt bis an den Einbauort transportiert. Speditions-Teams, f\u00fcr die der Umgang mit schweren Lasten zum Kerngesch\u00e4ft geh\u00f6rt, transportieren und vertragen die T\u00fcren auf der Baustelle vom Abstellort bis an den Einsatzort. <\/p>\n<tbody>\n<tr>\n<td><!-- AddThis Button BEGIN --><\/p>\n<div class=\"addthis_toolbox addthis_default_style\">\n<div><a class=\"addthis_button_compact\" href=\"http:\/\/www.addthis.com\/bookmark.php?v=250&amp;username=xa-4bcef6844aa77bdd\">Share<\/a><span class=\"addthis_separator\">|<\/span><a class=\"addthis_button_facebook\"><\/a><a class=\"addthis_button_myspace\"><\/a><a class=\"addthis_button_google\"><\/a><a class=\"addthis_button_twitter\"><\/a><\/div>\n<\/div>\n<p><script src=\"http:\/\/s7.addthis.com\/js\/250\/addthis_widget.js#username=xa-4bcef6844aa77bdd\" type=\"text\/javascript\"><\/script><!-- AddThis Button END --><\/td>\n<\/tr>\n<\/tbody>\n<\/table>\n","protected":false},"author":6,"featured_media":6250,"comment_status":"closed","ping_status":"open","sticky":false,"template":"","format":"standard","meta":{"footnotes":""},"categories":[18],"tags":[],"class_list":["post-8354","post","type-post","status-publish","format-standard","has-post-thumbnail","hentry","category-teckentrup"],"_links":{"self":[{"href":"https:\/\/www.pr-neu.de\/newsroom\/wp-json\/wp\/v2\/posts\/8354","targetHints":{"allow":["GET"]}}],"collection":[{"href":"https:\/\/www.pr-neu.de\/newsroom\/wp-json\/wp\/v2\/posts"}],"about":[{"href":"https:\/\/www.pr-neu.de\/newsroom\/wp-json\/wp\/v2\/types\/post"}],"author":[{"embeddable":true,"href":"https:\/\/www.pr-neu.de\/newsroom\/wp-json\/wp\/v2\/users\/6"}],"replies":[{"embeddable":true,"href":"https:\/\/www.pr-neu.de\/newsroom\/wp-json\/wp\/v2\/comments?post=8354"}],"version-history":[{"count":3,"href":"https:\/\/www.pr-neu.de\/newsroom\/wp-json\/wp\/v2\/posts\/8354\/revisions"}],"predecessor-version":[{"id":11439,"href":"https:\/\/www.pr-neu.de\/newsroom\/wp-json\/wp\/v2\/posts\/8354\/revisions\/11439"}],"wp:featuredmedia":[{"embeddable":true,"href":"https:\/\/www.pr-neu.de\/newsroom\/wp-json\/wp\/v2\/media\/6250"}],"wp:attachment":[{"href":"https:\/\/www.pr-neu.de\/newsroom\/wp-json\/wp\/v2\/media?parent=8354"}],"wp:term":[{"taxonomy":"category","embeddable":true,"href":"https:\/\/www.pr-neu.de\/newsroom\/wp-json\/wp\/v2\/categories?post=8354"},{"taxonomy":"post_tag","embeddable":true,"href":"https:\/\/www.pr-neu.de\/newsroom\/wp-json\/wp\/v2\/tags?post=8354"}],"curies":[{"name":"wp","href":"https:\/\/api.w.org\/{rel}","templated":true}]}}