{"id":80,"date":"2010-06-08T14:36:22","date_gmt":"2010-06-08T12:36:22","guid":{"rendered":"http:\/\/www.pr-nord.de\/newsroom\/?p=80"},"modified":"2020-05-28T16:06:11","modified_gmt":"2020-05-28T14:06:11","slug":"cool-durch-den-sommer","status":"publish","type":"post","link":"https:\/\/www.pr-neu.de\/newsroom\/cool-durch-den-sommer\/","title":{"rendered":"\u201eCool\u201c durch den Sommer"},"content":{"rendered":"<p><u>Schaltbares Sonnenschutzglas EControl<\/u><\/p>\n<p>Mit schaltbarem Sonnenschutzglas die \u00dcberhitzung von Wohnr\u00e4umen vermeiden \/ \u201eLifestyle-Glas\u201c: Abblenden als Hightech-Verschattungs-Alternative<\/p>\n<p><strong>Von nat\u00fcrlichem Tageslicht durchflutet w\u00fcnschen sich viele Bauherren oder Renovierer ihr Traumhaus. Gro\u00dffl\u00e4chige Verglasungen sind im Trend und geben viel Licht auch bei tr\u00fcbem Wetter. Doch je h\u00f6her der Glasanteil in der Fassade, desto leichter \u00fcberhitzen die Wohnr\u00e4ume bei starker Sonneneinstrahlung \u2013 dann wird Verschattung notwendig. \u201eDie moderne Hightech-Alternative zu Jalousien oder Rolll\u00e4den ist das schaltbare Sonnenschutzglas EControl \u2013 es l\u00e4sst sich auf Knopfdruck in fein justierten Stufen elektrochrom \u201everdunkeln\u201c. So kann der Licht- und W\u00e4rmedurchgang individuell geregelt werden, ganz nach Wetterlage und pers\u00f6nlichem Lebensstil. Und die Sicht nach drau\u00dfen bleibt jederzeit voll erhalten\u201c, erkl\u00e4rt Dr. Hartmut Wittkopf, Gesch\u00e4ftsf\u00fchrer der EControl Glas GmbH &amp; Co KG in Plauen. <\/strong><\/p>\n<p>Die Zeiten, in denen Fensterglas lediglich als transparenter Wetterschutz und Quelle nat\u00fcrlichen Tageslichts diente, sind vorbei. Glas erf\u00fcllt heute immer komplexere Funktionen. Die neue schaltbare Verglasung kann heutzutage der Tages- und Jahreszeit angepasst werden, wenn elektrochrome Technik zum Einsatz kommt. Entwickelt wurde sie speziell f\u00fcr modernes Lifestyle-Wohnen mit gro\u00dfen Glasfl\u00e4chen. \u201eDie Leute wollen ein Maximum an Tageslicht im Haus. Paradoxerweise musste man aufgrund der \u00dcberhitzungsgefahr aber bislang genau dann verschatten, wenn die Sonne am sch\u00f6nsten und intensivsten Licht spendet \u2013 n\u00e4mlich im Sommer. Dann sitzt man unfreiwillig im Dunkeln, w\u00e4hrend drau\u00dfen das Leben bl\u00fcht. Mit schaltbarem EControl Sonnenschutzglas bleibt der Ausblick ohne blendendes Licht und gesch\u00fctzt vor Hitze erhalten. Per Handschalter oder auch \u00fcber eine automatische Steuerung werden die Scheiben individuell geregelt\u201c, erl\u00e4utert Dr. Wittkopf.<\/p>\n<p><strong>Wie\u2019s funktioniert<\/strong><\/p>\n<p>Das variable Sonnenschutzglas besteht aus einer \u201eSandwichscheibe\u201c mit innen liegender nanostrukturierter Beschichtung. Wird eine geringe Spannung angelegt (3 Volt), f\u00e4rbt sich die Beschichtung durch den so genannten elektrochromen Effekt ger\u00e4uschlos in ein angenehmes Blau ein. Dann l\u00e4sst das Glas \u2013 je nach Intensit\u00e4t der in f\u00fcnf Stufen regelbaren \u201eAbblendung\u201c nur noch zwischen 38 und 12 Prozent der Sonnenenergie in den Raum. Vom Tageslicht gelangen zwischen 50 und 15 Prozent ins Innere. Beispiel f\u00fcr die Effektivit\u00e4t der Verglasung: An hei\u00dfen Sommertagen erhitzt sich die Au\u00dfenscheibe auf bis zu 70 Grad Celsius \u2013 die Innenscheibe bleibt bei voller Einf\u00e4rbung mit 25 bis 30 Grad Celsius verh\u00e4ltnism\u00e4\u00dfig k\u00fchl.<\/p>\n<p>Stylische Wohnungen mit gro\u00dfen Glasfl\u00e4chen stellen ohne konventionelle Verschattungssysteme eine besonders intensive Verbindung zur umliegenden Natur her und liegen voll im Trend. Die Scheiben brauchen nur zum Schalten Strom und k\u00f6nnen wie normale Isolierglasscheiben in g\u00e4ngige Rahmen-profile eingebaut werden.<\/p>\n<p>Weitere ideale Einsatzorte f\u00fcr schaltbaren Sonnenschutz sind Winterg\u00e4rten, Atrien und Dachfenster, denn hier strahlt die Sommersonne besonders intensiv in die dahinter liegenden R\u00e4ume.<\/p>\n<p><strong>Multifunktion f\u00fcr Gesundheit und Wellness <\/strong><\/p>\n<p>Das Glas bietet zudem einen UV-Schutz von 99,5 Prozent. Denn was wenige wissen: Herk\u00f6mmliches Fensterglas h\u00e4lt zwar einen erheblichen Teil der Sonnenbrand verursachenden UVB-Strahlen ab, ist aber f\u00fcr langwellige UVA-Strahlen, die z.B. Falten und Altersflecken hervorrufen k\u00f6nnen, weitestgehend durchl\u00e4ssig. Auch der f\u00fcr Menschen und Pflanzen wichtige \u201eBlaulichtanteil\u201c bleibt erhalten \u2013 er f\u00f6rdert die Vitalit\u00e4t und ist ein wichtiger Faktor f\u00fcr Pflanzenwachstum. Aufgrund seiner guten Abschirmwirkung wird durch EControl auch ein guter Schutz vor externem Elektrosmog gew\u00e4hrleistet.<\/p>\n<p>EControl-Glas ist standardm\u00e4\u00dfig mit einer hochwertigen W\u00e4rmeschutzbeschichtung ausgestattet und kann auch als modernes Dreifach-Isolierglas ausgef\u00fchrt werden \u2013 dann isoliert es mit einem Ug-Wert von bis zu 0,5 W\/m2K erstklassig gegen Heizw\u00e4rmeverluste. Die maximale Scheibengr\u00f6\u00dfe von 120 x 220 cm wird Anfang 2011 auf 130 x 300 cm erh\u00f6ht.<\/p>\n<p>Weitere Informationen im Internet unter <a href=\"https:\/\/www.econtrol-glas.de\/\" target=\"_blank\" rel=\"noopener noreferrer\">www.econtrol-glas.de<\/a>.<\/p>\n<hr noshade=\"noshade\" size=\"1\" \/>\n<table style=\"height: 121px;\" border=\"0\" width=\"694\" cellspacing=\"0\" cellpadding=\"0\">\n<tbody>\n<tr>\n<td valign=\"top\" width=\"360\" height=\"200\"><a href=\"http:\/\/www.pr-neu.de\/newsroom\/wordpress\/wp-content\/uploads\/2010\/06\/10-04_Lifestyleglas_G-1.jpg\"><img loading=\"lazy\" decoding=\"async\" class=\"aligncenter size-medium wp-image-12966\" src=\"http:\/\/www.pr-neu.de\/newsroom\/wordpress\/wp-content\/uploads\/2010\/06\/10-04_Lifestyleglas_G-1-300x201.jpg\" alt=\"\" width=\"300\" height=\"201\" srcset=\"https:\/\/www.pr-neu.de\/newsroom\/wordpress\/wp-content\/uploads\/2010\/06\/10-04_Lifestyleglas_G-1-300x201.jpg 300w, https:\/\/www.pr-neu.de\/newsroom\/wordpress\/wp-content\/uploads\/2010\/06\/10-04_Lifestyleglas_G-1-1024x687.jpg 1024w, https:\/\/www.pr-neu.de\/newsroom\/wordpress\/wp-content\/uploads\/2010\/06\/10-04_Lifestyleglas_G-1-768x516.jpg 768w, https:\/\/www.pr-neu.de\/newsroom\/wordpress\/wp-content\/uploads\/2010\/06\/10-04_Lifestyleglas_G-1-1536x1031.jpg 1536w, https:\/\/www.pr-neu.de\/newsroom\/wordpress\/wp-content\/uploads\/2010\/06\/10-04_Lifestyleglas_G-1-110x74.jpg 110w, https:\/\/www.pr-neu.de\/newsroom\/wordpress\/wp-content\/uploads\/2010\/06\/10-04_Lifestyleglas_G-1-420x282.jpg 420w, https:\/\/www.pr-neu.de\/newsroom\/wordpress\/wp-content\/uploads\/2010\/06\/10-04_Lifestyleglas_G-1-641x430.jpg 641w, https:\/\/www.pr-neu.de\/newsroom\/wordpress\/wp-content\/uploads\/2010\/06\/10-04_Lifestyleglas_G-1.jpg 1795w\" sizes=\"auto, (max-width: 300px) 100vw, 300px\" \/><\/a><\/td>\n<td>Wohne lieber ungew\u00f6hnlich: Mit schaltbarem EControl Sonnenschutzglas<br \/>\nwerden Lichtdurchl\u00e4ssigkeit und Energietransmission individuell regelbar \u2013 je nach Lebensstil und Wetterlage.Foto: EControl-Glas<\/td>\n<\/tr>\n<\/tbody>\n<\/table>\n<hr noshade=\"noshade\" size=\"1\" \/>\n<p>Abdruck honorarfrei, Belegexemplar erbeten<\/p>\n<p><strong>R\u00fcckfragen beantwortet gern<\/strong><\/p>\n<table width=\"532\">\n<tbody>\n<tr>\n<td valign=\"top\" width=\"260\" height=\"25\"><strong>EControl-Glas<\/strong> GmbH &amp; Co. KG<br \/>\nNadine Witt<br \/>\nTel.: +49(0)3741\/14820-116<br \/>\nFax: +49(0)3741\/14820-150<br \/>\nE-Mail: <a href=\"&#x6d;&#x61;&#105;l&#x74;&#x6f;&#58;pr&#x65;&#x73;&#115;e&#x40;&#x65;&#99;&#111;n&#x74;&#x72;&#111;l&#x2d;&#x67;&#108;&#97;s&#x2e;&#x64;&#101;\">&#x70;&#x72;&#x65;&#115;&#115;e&#64;&#x65;&#x63;&#x6f;&#110;&#116;ro&#x6c;&#x2d;&#x67;&#108;&#97;s&#46;&#x64;&#x65;<\/a><\/td>\n<td colspan=\"3\" valign=\"top\" width=\"260\" height=\"21\"><\/td>\n<\/tr>\n<\/tbody>\n<\/table>\n","protected":false},"excerpt":{"rendered":"<p>Schaltbares Sonnenschutzglas EControl Mit schaltbarem Sonnenschutzglas die \u00dcberhitzung von Wohnr\u00e4umen vermeiden \/ \u201eLifestyle-Glas\u201c: Abblenden als Hightech-Verschattungs-Alternative Von nat\u00fcrlichem Tageslicht durchflutet w\u00fcnschen sich viele Bauherren oder Renovierer ihr Traumhaus. Gro\u00dffl\u00e4chige Verglasungen sind im Trend und geben viel Licht auch bei tr\u00fcbem Wetter. Doch je h\u00f6her der Glasanteil in der Fassade, desto leichter \u00fcberhitzen die Wohnr\u00e4ume bei [&hellip;]<\/p>\n","protected":false},"author":6,"featured_media":7909,"comment_status":"closed","ping_status":"open","sticky":false,"template":"","format":"standard","meta":{"footnotes":""},"categories":[25,3],"tags":[],"class_list":["post-80","post","type-post","status-publish","format-standard","has-post-thumbnail","hentry","category-econtrol","category-kundenmeldungen"],"_links":{"self":[{"href":"https:\/\/www.pr-neu.de\/newsroom\/wp-json\/wp\/v2\/posts\/80","targetHints":{"allow":["GET"]}}],"collection":[{"href":"https:\/\/www.pr-neu.de\/newsroom\/wp-json\/wp\/v2\/posts"}],"about":[{"href":"https:\/\/www.pr-neu.de\/newsroom\/wp-json\/wp\/v2\/types\/post"}],"author":[{"embeddable":true,"href":"https:\/\/www.pr-neu.de\/newsroom\/wp-json\/wp\/v2\/users\/6"}],"replies":[{"embeddable":true,"href":"https:\/\/www.pr-neu.de\/newsroom\/wp-json\/wp\/v2\/comments?post=80"}],"version-history":[{"count":4,"href":"https:\/\/www.pr-neu.de\/newsroom\/wp-json\/wp\/v2\/posts\/80\/revisions"}],"predecessor-version":[{"id":12967,"href":"https:\/\/www.pr-neu.de\/newsroom\/wp-json\/wp\/v2\/posts\/80\/revisions\/12967"}],"wp:featuredmedia":[{"embeddable":true,"href":"https:\/\/www.pr-neu.de\/newsroom\/wp-json\/wp\/v2\/media\/7909"}],"wp:attachment":[{"href":"https:\/\/www.pr-neu.de\/newsroom\/wp-json\/wp\/v2\/media?parent=80"}],"wp:term":[{"taxonomy":"category","embeddable":true,"href":"https:\/\/www.pr-neu.de\/newsroom\/wp-json\/wp\/v2\/categories?post=80"},{"taxonomy":"post_tag","embeddable":true,"href":"https:\/\/www.pr-neu.de\/newsroom\/wp-json\/wp\/v2\/tags?post=80"}],"curies":[{"name":"wp","href":"https:\/\/api.w.org\/{rel}","templated":true}]}}