{"id":771,"date":"2011-09-08T15:03:09","date_gmt":"2011-09-08T13:03:09","guid":{"rendered":"http:\/\/www.pr-nord.de\/newsroom\/?p=771"},"modified":"2020-05-28T16:50:25","modified_gmt":"2020-05-28T14:50:25","slug":"sto-bester-baustoff-hersteller-im-wirtschaftswoche-ranking","status":"publish","type":"post","link":"https:\/\/www.pr-neu.de\/newsroom\/sto-bester-baustoff-hersteller-im-wirtschaftswoche-ranking\/","title":{"rendered":"Sto: Bester Baustoff-Hersteller im Wirtschaftswoche-Ranking"},"content":{"rendered":"<table border=\"0\" width=\"520\" cellspacing=\"0\" cellpadding=\"0\">\n<tbody>\n<tr>\n<td><span style=\"text-decoration: underline;\"> Sto AG auf Platz 11 der \u201eHidden Champions\u201c <\/span><\/p>\n<p><strong>Sto: Bester Baustoff-Hersteller im Wirtschaftswoche-Ranking<\/strong><\/p>\n<p><strong>Die Zeitschrift Wirtschaftswoche hat den deutschen Mittelstand unter die Lupe genommen und die \u201eHidden Champions\u201c der weltweit erfolgreichen Familien-Unternehmen ermittelt. Als einziger Baustoff-Hersteller ist Sto unter den \u201eTop 20\u201c platziert (Rang 11). <\/strong><\/p>\n<p>Das Ranking bewertet die Markenst\u00e4rke deutscher mittelst\u00e4ndischer Weltmarktf\u00fchrer \u2013 die \u201eHidden Champions\u201c. Diese Unternehmen haben zwar nicht den Bekanntheitsgrad von Mercedes oder Oetker, stehen aber in ihrer Branche an der Spitze. Sie zeichnet eine besondere Markenkraft aus. Die Zeitschrift (Ausgabe 34 vom 22. 8. 2011) nennt als typische Grundwerte der Unternehmen Zuverl\u00e4ssigkeit, Kontinuit\u00e4t und Werthaltigkeit sowie als zentrale St\u00e4rken der jeweiligen Marken Qualit\u00e4t, Zuverl\u00e4ssigkeit und Innovation. \u201eDie Platzierung unter den Top 20 der deutschen Mittelst\u00e4ndler ist Ergebnis unserer auf Langfristigkeit ausgerichteten Markenstrategie\u201c, freut sich Sto-Chef Jochen Stotmeister.<\/p>\n<hr noshade=\"noshade\" size=\"1\" \/>\n<p><strong>Hintergrund<\/strong><\/p>\n<p>Die Studie wurde im Auftrag der Wirtschaftswoche von Biesalski &amp; Company durchgef\u00fchrt und analysiert den Stellenwert der Marke bei deutschen Weltmarktf\u00fchrern im Investitionsg\u00fctergesch\u00e4ft und deren Bedeutung f\u00fcr den Unternehmenserfolg. Ber\u00fccksichtigt wurden Unternehmen mit einem Umsatz zwischen 50 und 1.000 Mio. Euro, die vom Mehrheits-Eigent\u00fcmer gef\u00fchrt werden. In die Bewertung flossen Markenbekanntheit, Qualit\u00e4t der Marketing-Aktivit\u00e4ten, Markenreputation und -verbundenheit sowie zus\u00e4tzlicher wirtschaftlicher Erfolg durch die Marke ein. Zudem wurden Umsatz, Rentabilit\u00e4t, Innovationskraft, Kompetenz und Stellung im Markt bewertet.<\/p>\n<hr noshade=\"noshade\" size=\"1\" \/>\n<table style=\"height: 25px;\" border=\"0\" width=\"520\" cellspacing=\"0\" cellpadding=\"0\">\n<tbody>\n<tr>\n<td valign=\"top\" width=\"237\" height=\"25\"><a href=\"http:\/\/www.pr-neu.de\/newsroom\/wordpress\/wp-content\/uploads\/2011\/09\/11-46-Logo_G.jpg\"><img loading=\"lazy\" decoding=\"async\" class=\"size-medium wp-image-13219\" src=\"http:\/\/www.pr-neu.de\/newsroom\/wordpress\/wp-content\/uploads\/2011\/09\/11-46-Logo_G-300x53.jpg\" alt=\"\" width=\"300\" height=\"53\" srcset=\"https:\/\/www.pr-neu.de\/newsroom\/wordpress\/wp-content\/uploads\/2011\/09\/11-46-Logo_G-300x53.jpg 300w, https:\/\/www.pr-neu.de\/newsroom\/wordpress\/wp-content\/uploads\/2011\/09\/11-46-Logo_G-110x19.jpg 110w, https:\/\/www.pr-neu.de\/newsroom\/wordpress\/wp-content\/uploads\/2011\/09\/11-46-Logo_G-420x74.jpg 420w, https:\/\/www.pr-neu.de\/newsroom\/wordpress\/wp-content\/uploads\/2011\/09\/11-46-Logo_G.jpg 621w\" sizes=\"auto, (max-width: 300px) 100vw, 300px\" \/><\/a><\/td>\n<td colspan=\"3\" width=\"283\" height=\"21\">Starke Marke: Sto z\u00e4hlt zu den Top 20 der deutschen \u201eHidden Champions\u201c im Ranking der Wirtschaftswoche \u2013 als einziger Baustoffhersteller.<\/p>\n<p>Bild: Sto AG<\/td>\n<\/tr>\n<\/tbody>\n<\/table>\n<hr noshade=\"noshade\" size=\"1\" \/>\n<p>Abdruck honorarfrei, Belegexemplar erbeten<\/td>\n<\/tr>\n<tr>\n<td><\/td>\n<\/tr>\n<\/tbody>\n<\/table>\n<table border=\"0\" width=\"95{ab9cb22b1639c68dfef7c1751c9d63405358944ce3964465eb35eb6b5b6beaaa}\">\n<tbody>\n<tr>\n<td><!-- AddThis Button BEGIN --><\/p>\n<div class=\"addthis_toolbox addthis_default_style\"><\/div>\n<p>&nbsp;<\/td>\n<\/tr>\n<\/tbody>\n<\/table>\n","protected":false},"excerpt":{"rendered":"<p>Sto AG auf Platz 11 der \u201eHidden Champions\u201c Sto: Bester Baustoff-Hersteller im Wirtschaftswoche-Ranking Die Zeitschrift Wirtschaftswoche hat den deutschen Mittelstand unter die Lupe genommen und die \u201eHidden Champions\u201c der weltweit erfolgreichen Familien-Unternehmen ermittelt. Als einziger Baustoff-Hersteller ist Sto unter den \u201eTop 20\u201c platziert (Rang 11). Das Ranking bewertet die Markenst\u00e4rke deutscher mittelst\u00e4ndischer Weltmarktf\u00fchrer \u2013 die [&hellip;]<\/p>\n","protected":false},"author":6,"featured_media":0,"comment_status":"closed","ping_status":"open","sticky":false,"template":"","format":"standard","meta":{"footnotes":""},"categories":[3,15],"tags":[],"class_list":["post-771","post","type-post","status-publish","format-standard","hentry","category-kundenmeldungen","category-sto"],"_links":{"self":[{"href":"https:\/\/www.pr-neu.de\/newsroom\/wp-json\/wp\/v2\/posts\/771","targetHints":{"allow":["GET"]}}],"collection":[{"href":"https:\/\/www.pr-neu.de\/newsroom\/wp-json\/wp\/v2\/posts"}],"about":[{"href":"https:\/\/www.pr-neu.de\/newsroom\/wp-json\/wp\/v2\/types\/post"}],"author":[{"embeddable":true,"href":"https:\/\/www.pr-neu.de\/newsroom\/wp-json\/wp\/v2\/users\/6"}],"replies":[{"embeddable":true,"href":"https:\/\/www.pr-neu.de\/newsroom\/wp-json\/wp\/v2\/comments?post=771"}],"version-history":[{"count":5,"href":"https:\/\/www.pr-neu.de\/newsroom\/wp-json\/wp\/v2\/posts\/771\/revisions"}],"predecessor-version":[{"id":13221,"href":"https:\/\/www.pr-neu.de\/newsroom\/wp-json\/wp\/v2\/posts\/771\/revisions\/13221"}],"wp:attachment":[{"href":"https:\/\/www.pr-neu.de\/newsroom\/wp-json\/wp\/v2\/media?parent=771"}],"wp:term":[{"taxonomy":"category","embeddable":true,"href":"https:\/\/www.pr-neu.de\/newsroom\/wp-json\/wp\/v2\/categories?post=771"},{"taxonomy":"post_tag","embeddable":true,"href":"https:\/\/www.pr-neu.de\/newsroom\/wp-json\/wp\/v2\/tags?post=771"}],"curies":[{"name":"wp","href":"https:\/\/api.w.org\/{rel}","templated":true}]}}