{"id":764,"date":"2011-09-08T14:33:36","date_gmt":"2011-09-08T12:33:36","guid":{"rendered":"http:\/\/www.pr-nord.de\/newsroom\/?p=764"},"modified":"2020-05-28T16:53:50","modified_gmt":"2020-05-28T14:53:50","slug":"764","status":"publish","type":"post","link":"https:\/\/www.pr-neu.de\/newsroom\/764\/","title":{"rendered":"Tore in Tiefgaragen: Mehr als Brandschutz"},"content":{"rendered":"<table border=\"0\" width=\"520\" cellspacing=\"0\" cellpadding=\"0\">\n<tbody>\n<tr>\n<td><span style=\"text-decoration: underline;\">Pasing Arcaden, M\u00fcnchen<\/span><\/p>\n<p><strong>Tore in Tiefgaragen: Mehr als Brandschutz<\/strong><\/p>\n<p><strong>Tore bis 40 Quadratmeter Gr\u00f6\u00dfe und Sonderkonstruktionen mit Rohrmotor \u2013 mit solchen Spezial-L\u00f6sungen wird die Tiefgarage der \u201ePasing-Arcaden\u201c in M\u00fcnchen zum sicheren und zugleich komfortablen Ort f\u00fcr den \u201eruhenden Verkehr\u201c. Die neue Anlage umfasst 700 Stellpl\u00e4tze auf zwei Etagen.<\/strong><\/p>\n<p>Im Fr\u00fchjahr 2011 er\u00f6ffneten die \u201ePasing-Arcaden\u201c, ein modernes Einkaufszentrum mit 150 Gesch\u00e4ften auf einer Fl\u00e4che von 31.000 Quadratmetern. Trotz zentraler Lage und gutem Anschluss an Bus und Bahn braucht eine \u201eMall\u201c dieser Gr\u00f6\u00dfe (zur Er\u00f6ffnung kamen rund 80.000 Menschen) viel Platz f\u00fcr PKW-Nutzer. Daher bietet die Tiefgarage der Arcaden Abstellfl\u00e4chen f\u00fcr rund 700 Autos. Hier \u00fcbernehmen ma\u00dfgeschneiderte T90-Tore der Serie \u201eTeckentrup E\u201c in Gr\u00f6\u00dfen von 2,50 Meter bis 9 Meter Breite den Brandschutz, Mehrzweck- und Rolltore kommen an den Ein- und Ausfahrten zum Einsatz. Aufgrund der baulichen Situation waren jedoch einige Sonderl\u00f6sungen n\u00f6tig.<\/p>\n<p>Zur Anlieferung geht es durch ein Mehrzweck-Schiebetor. Damit auch gro\u00dfe Fahrzeuge problemlos einfahren k\u00f6nnen, misst es 9,00 x 4,35 Meter. \u201eEs ging um Gr\u00f6\u00dfe \u2013 ein 40-Quadratmeter-Tor wird nicht alle Tage gefertigt\u201c, berichtet Teckentrup-Experte Armin Willmes, der den Einbau der Tore begleitete. Um in der Ein- und Ausfahrt die gr\u00f6\u00dftm\u00f6gliche Durchfahrtsh\u00f6he zu erreichen, erhielt das Rolltor (Typ \u201eThermoTeck\u201c) einen platzsparenden Rohrmotor. Die \u201elichte Durchfahrt\u201c ist gegen\u00fcber der Standardmontage mit Konsole rund 30 Zentimeter breiter. So bleibt die Durchfahrtsgr\u00f6\u00dfe bei 6,70 x 3,00 Meter. Eine andere Ein- und Ausfahrt ist noch gr\u00f6\u00dfer, das Rolltor (ebenfalls Typ ThermoTeck) misst hier 9,94 x 4,2 Meter und ist farblich der Betonfassade angepasst (RAL 7038 Achatgrau).<\/p>\n<p>Ein besonderer Service: W\u00e4hrend die G\u00e4ste durch die Einkaufsmeile schlendern, k\u00f6nnen sie ihr Auto reinigen lassen. Die werkstatt\u00e4hnliche Reinigungsstation bietet Platz f\u00fcr zwei PKW, Ein- und Ausfahrt sind durch zwei T30-Tore \u201eTeckentrup E\u201c gesch\u00fctzt.<\/p>\n<hr noshade=\"noshade\" size=\"1\" \/>\n<p><strong>B A U T A F E L<\/strong><\/p>\n<p><strong>Bauherr:<\/strong> Pasing Arcaden GmbH &amp; Co. KG, M\u00fcnchen<\/p>\n<p><strong>Tore:<\/strong> Teckentrup, Verl<\/p>\n<p><strong>Bauzeit:<\/strong> 2008 \u2013 2011 (1. BA)<\/p>\n<hr noshade=\"noshade\" size=\"1\" \/>\n<table style=\"height: 29px;\" border=\"0\" width=\"100{ab9cb22b1639c68dfef7c1751c9d63405358944ce3964465eb35eb6b5b6beaaa}\" cellspacing=\"0\" cellpadding=\"0\">\n<tbody>\n<tr>\n<td valign=\"top\"><a href=\"http:\/\/www.pr-neu.de\/newsroom\/wordpress\/wp-content\/uploads\/2011\/09\/11-17-Aufzuege-Tor_G.jpg\"><img loading=\"lazy\" decoding=\"async\" class=\"aligncenter size-medium wp-image-13231\" src=\"http:\/\/www.pr-neu.de\/newsroom\/wordpress\/wp-content\/uploads\/2011\/09\/11-17-Aufzuege-Tor_G-300x200.jpg\" alt=\"\" width=\"300\" height=\"200\" srcset=\"https:\/\/www.pr-neu.de\/newsroom\/wordpress\/wp-content\/uploads\/2011\/09\/11-17-Aufzuege-Tor_G-300x200.jpg 300w, https:\/\/www.pr-neu.de\/newsroom\/wordpress\/wp-content\/uploads\/2011\/09\/11-17-Aufzuege-Tor_G-1024x682.jpg 1024w, https:\/\/www.pr-neu.de\/newsroom\/wordpress\/wp-content\/uploads\/2011\/09\/11-17-Aufzuege-Tor_G-768x512.jpg 768w, https:\/\/www.pr-neu.de\/newsroom\/wordpress\/wp-content\/uploads\/2011\/09\/11-17-Aufzuege-Tor_G-1536x1024.jpg 1536w, https:\/\/www.pr-neu.de\/newsroom\/wordpress\/wp-content\/uploads\/2011\/09\/11-17-Aufzuege-Tor_G-110x73.jpg 110w, https:\/\/www.pr-neu.de\/newsroom\/wordpress\/wp-content\/uploads\/2011\/09\/11-17-Aufzuege-Tor_G-420x280.jpg 420w, https:\/\/www.pr-neu.de\/newsroom\/wordpress\/wp-content\/uploads\/2011\/09\/11-17-Aufzuege-Tor_G-645x430.jpg 645w, https:\/\/www.pr-neu.de\/newsroom\/wordpress\/wp-content\/uploads\/2011\/09\/11-17-Aufzuege-Tor_G.jpg 1772w\" sizes=\"auto, (max-width: 300px) 100vw, 300px\" \/><\/a><\/td>\n<td>In der Tiefgarage sorgen farbig lackierte Schiebetore f\u00fcr den Brandschutz. Das Bild zeigt ein T90- Tor \u201eTeckentrup E\u201c, das im Brandfall den gesamten Erschlie\u00dfungsweg \u2013 Fahrst\u00fchle und Treppenhaus \u2013 sichert.<\/p>\n<p>Bild: Teckentrup<\/td>\n<\/tr>\n<tr>\n<td valign=\"top\"><a href=\"http:\/\/www.pr-neu.de\/newsroom\/wordpress\/wp-content\/uploads\/2011\/09\/11-17-Tore-aussen_G.jpg\"><img loading=\"lazy\" decoding=\"async\" class=\"aligncenter size-medium wp-image-13232\" src=\"http:\/\/www.pr-neu.de\/newsroom\/wordpress\/wp-content\/uploads\/2011\/09\/11-17-Tore-aussen_G-300x200.jpg\" alt=\"\" width=\"300\" height=\"200\" srcset=\"https:\/\/www.pr-neu.de\/newsroom\/wordpress\/wp-content\/uploads\/2011\/09\/11-17-Tore-aussen_G-300x200.jpg 300w, https:\/\/www.pr-neu.de\/newsroom\/wordpress\/wp-content\/uploads\/2011\/09\/11-17-Tore-aussen_G-1024x682.jpg 1024w, https:\/\/www.pr-neu.de\/newsroom\/wordpress\/wp-content\/uploads\/2011\/09\/11-17-Tore-aussen_G-768x512.jpg 768w, https:\/\/www.pr-neu.de\/newsroom\/wordpress\/wp-content\/uploads\/2011\/09\/11-17-Tore-aussen_G-1536x1024.jpg 1536w, https:\/\/www.pr-neu.de\/newsroom\/wordpress\/wp-content\/uploads\/2011\/09\/11-17-Tore-aussen_G-110x73.jpg 110w, https:\/\/www.pr-neu.de\/newsroom\/wordpress\/wp-content\/uploads\/2011\/09\/11-17-Tore-aussen_G-420x280.jpg 420w, https:\/\/www.pr-neu.de\/newsroom\/wordpress\/wp-content\/uploads\/2011\/09\/11-17-Tore-aussen_G-645x430.jpg 645w, https:\/\/www.pr-neu.de\/newsroom\/wordpress\/wp-content\/uploads\/2011\/09\/11-17-Tore-aussen_G.jpg 1772w\" sizes=\"auto, (max-width: 300px) 100vw, 300px\" \/><\/a><\/td>\n<td>Die Anlieferung wird durch ein sehr breites Schiebetor, die Garageneinfahrt durch ein Rolltor verschlossen.<\/p>\n<p>Bild: Teckentrup<\/td>\n<\/tr>\n<tr>\n<td valign=\"top\"><a href=\"http:\/\/www.pr-neu.de\/newsroom\/wordpress\/wp-content\/uploads\/2011\/09\/11-17-Ausfahrt_G.jpg\"><img loading=\"lazy\" decoding=\"async\" class=\"aligncenter size-medium wp-image-13233\" src=\"http:\/\/www.pr-neu.de\/newsroom\/wordpress\/wp-content\/uploads\/2011\/09\/11-17-Ausfahrt_G-300x200.jpg\" alt=\"\" width=\"300\" height=\"200\" srcset=\"https:\/\/www.pr-neu.de\/newsroom\/wordpress\/wp-content\/uploads\/2011\/09\/11-17-Ausfahrt_G-300x200.jpg 300w, https:\/\/www.pr-neu.de\/newsroom\/wordpress\/wp-content\/uploads\/2011\/09\/11-17-Ausfahrt_G-1024x682.jpg 1024w, https:\/\/www.pr-neu.de\/newsroom\/wordpress\/wp-content\/uploads\/2011\/09\/11-17-Ausfahrt_G-768x512.jpg 768w, https:\/\/www.pr-neu.de\/newsroom\/wordpress\/wp-content\/uploads\/2011\/09\/11-17-Ausfahrt_G-1536x1024.jpg 1536w, https:\/\/www.pr-neu.de\/newsroom\/wordpress\/wp-content\/uploads\/2011\/09\/11-17-Ausfahrt_G-110x73.jpg 110w, https:\/\/www.pr-neu.de\/newsroom\/wordpress\/wp-content\/uploads\/2011\/09\/11-17-Ausfahrt_G-420x280.jpg 420w, https:\/\/www.pr-neu.de\/newsroom\/wordpress\/wp-content\/uploads\/2011\/09\/11-17-Ausfahrt_G-645x430.jpg 645w, https:\/\/www.pr-neu.de\/newsroom\/wordpress\/wp-content\/uploads\/2011\/09\/11-17-Ausfahrt_G.jpg 1772w\" sizes=\"auto, (max-width: 300px) 100vw, 300px\" \/><\/a><\/td>\n<td>Zufahrt zur Tiefgarage. Das Rolltor \u201eThermoTeck\u201c ist besonders robust und leise.<\/p>\n<p>Bild: Teckentrup<\/td>\n<\/tr>\n<tr>\n<td valign=\"top\"><a href=\"http:\/\/www.pr-neu.de\/newsroom\/wordpress\/wp-content\/uploads\/2011\/09\/11-17-Anlieferung_G.jpg\"><img loading=\"lazy\" decoding=\"async\" class=\"aligncenter size-medium wp-image-13234\" src=\"http:\/\/www.pr-neu.de\/newsroom\/wordpress\/wp-content\/uploads\/2011\/09\/11-17-Anlieferung_G-300x200.jpg\" alt=\"\" width=\"300\" height=\"200\" srcset=\"https:\/\/www.pr-neu.de\/newsroom\/wordpress\/wp-content\/uploads\/2011\/09\/11-17-Anlieferung_G-300x200.jpg 300w, https:\/\/www.pr-neu.de\/newsroom\/wordpress\/wp-content\/uploads\/2011\/09\/11-17-Anlieferung_G-1024x682.jpg 1024w, https:\/\/www.pr-neu.de\/newsroom\/wordpress\/wp-content\/uploads\/2011\/09\/11-17-Anlieferung_G-768x512.jpg 768w, https:\/\/www.pr-neu.de\/newsroom\/wordpress\/wp-content\/uploads\/2011\/09\/11-17-Anlieferung_G-1536x1024.jpg 1536w, https:\/\/www.pr-neu.de\/newsroom\/wordpress\/wp-content\/uploads\/2011\/09\/11-17-Anlieferung_G-110x73.jpg 110w, https:\/\/www.pr-neu.de\/newsroom\/wordpress\/wp-content\/uploads\/2011\/09\/11-17-Anlieferung_G-420x280.jpg 420w, https:\/\/www.pr-neu.de\/newsroom\/wordpress\/wp-content\/uploads\/2011\/09\/11-17-Anlieferung_G-645x430.jpg 645w, https:\/\/www.pr-neu.de\/newsroom\/wordpress\/wp-content\/uploads\/2011\/09\/11-17-Anlieferung_G.jpg 1772w\" sizes=\"auto, (max-width: 300px) 100vw, 300px\" \/><\/a><\/td>\n<td>LKW und andere gro\u00dfe Fahrzeuge k\u00f6nnen problemlos das hohe und breite Schiebetor zum Anlieferungsbereich passieren.<\/p>\n<p>Bild: Teckentrup<\/td>\n<\/tr>\n<tr>\n<td valign=\"top\" width=\"370\"><a href=\"http:\/\/www.pr-neu.de\/newsroom\/wordpress\/wp-content\/uploads\/2011\/09\/11-17-Autostation_G.jpg\"><img loading=\"lazy\" decoding=\"async\" class=\"aligncenter size-medium wp-image-13235\" src=\"http:\/\/www.pr-neu.de\/newsroom\/wordpress\/wp-content\/uploads\/2011\/09\/11-17-Autostation_G-300x200.jpg\" alt=\"\" width=\"300\" height=\"200\" srcset=\"https:\/\/www.pr-neu.de\/newsroom\/wordpress\/wp-content\/uploads\/2011\/09\/11-17-Autostation_G-300x200.jpg 300w, https:\/\/www.pr-neu.de\/newsroom\/wordpress\/wp-content\/uploads\/2011\/09\/11-17-Autostation_G-1024x682.jpg 1024w, https:\/\/www.pr-neu.de\/newsroom\/wordpress\/wp-content\/uploads\/2011\/09\/11-17-Autostation_G-768x512.jpg 768w, https:\/\/www.pr-neu.de\/newsroom\/wordpress\/wp-content\/uploads\/2011\/09\/11-17-Autostation_G-1536x1024.jpg 1536w, https:\/\/www.pr-neu.de\/newsroom\/wordpress\/wp-content\/uploads\/2011\/09\/11-17-Autostation_G-110x73.jpg 110w, https:\/\/www.pr-neu.de\/newsroom\/wordpress\/wp-content\/uploads\/2011\/09\/11-17-Autostation_G-420x280.jpg 420w, https:\/\/www.pr-neu.de\/newsroom\/wordpress\/wp-content\/uploads\/2011\/09\/11-17-Autostation_G-645x430.jpg 645w, https:\/\/www.pr-neu.de\/newsroom\/wordpress\/wp-content\/uploads\/2011\/09\/11-17-Autostation_G.jpg 1772w\" sizes=\"auto, (max-width: 300px) 100vw, 300px\" \/><\/a><\/td>\n<td>Waschen. Pflegen, Ausbessern \u2013 eine Autostation betreut die Autos der Kunden nach Wunsch. Sie ist durch ein T-30-Tor von Teckentrup von der restlichen Garage getrennt.<\/p>\n<p>Bild: Teckentrup<\/td>\n<\/tr>\n<\/tbody>\n<\/table>\n<hr noshade=\"noshade\" size=\"1\" \/>\n<p>Abdruck honorarfrei, Belegexemplar erbeten<\/p>\n<p>R\u00fcckfragen beantwortet gern:<\/p>\n<p><strong>Teckentrup<\/strong> GmbH &amp; Co. KG<\/p>\n<p>Thomas Moldrickx<\/p>\n<p>Tel.: 05246 \/ 5 04-350 \/ Fax: -173<\/p>\n<p>E-Mail: <a href=\"&#x6d;&#x61;&#x69;&#x6c;&#x74;&#x6f;&#x3a;&#x74;&#x68;&#x6f;&#x6d;&#x61;&#x73;&#x2e;&#x6d;&#x6f;&#x6c;&#x64;&#x72;&#x69;&#x63;&#x6b;&#x78;&#x40;&#x74;&#x65;&#x63;&#x6b;&#x65;&#x6e;&#x74;&#x72;&#x75;&#x70;&#x2e;&#x62;&#x69;&#x7a;\">&#x74;&#104;o&#x6d;&#x61;&#115;&#46;&#x6d;&#x6f;&#108;d&#x72;&#105;c&#x6b;&#x78;&#64;t&#x65;&#x63;&#107;e&#x6e;&#116;&#114;&#x75;&#x70;&#46;b&#x69;&#x7a;<\/a><\/td>\n<\/tr>\n<\/tbody>\n<\/table>\n<p><!-- AddThis Button BEGIN --><\/p>\n<div class=\"addthis_toolbox addthis_default_style\"><\/div>\n","protected":false},"excerpt":{"rendered":"<p>Pasing Arcaden, M\u00fcnchen Tore in Tiefgaragen: Mehr als Brandschutz Tore bis 40 Quadratmeter Gr\u00f6\u00dfe und Sonderkonstruktionen mit Rohrmotor \u2013 mit solchen Spezial-L\u00f6sungen wird die Tiefgarage der \u201ePasing-Arcaden\u201c in M\u00fcnchen zum sicheren und zugleich komfortablen Ort f\u00fcr den \u201eruhenden Verkehr\u201c. Die neue Anlage umfasst 700 Stellpl\u00e4tze auf zwei Etagen. Im Fr\u00fchjahr 2011 er\u00f6ffneten die \u201ePasing-Arcaden\u201c, ein [&hellip;]<\/p>\n","protected":false},"author":6,"featured_media":0,"comment_status":"closed","ping_status":"open","sticky":false,"template":"","format":"standard","meta":{"footnotes":""},"categories":[3,18],"tags":[94,561,565,570,571],"class_list":["post-764","post","type-post","status-publish","format-standard","hentry","category-kundenmeldungen","category-teckentrup","tag-brandschutz","tag-t90","tag-teckentrup","tag-thermoteck","tag-tiefgaragen"],"_links":{"self":[{"href":"https:\/\/www.pr-neu.de\/newsroom\/wp-json\/wp\/v2\/posts\/764","targetHints":{"allow":["GET"]}}],"collection":[{"href":"https:\/\/www.pr-neu.de\/newsroom\/wp-json\/wp\/v2\/posts"}],"about":[{"href":"https:\/\/www.pr-neu.de\/newsroom\/wp-json\/wp\/v2\/types\/post"}],"author":[{"embeddable":true,"href":"https:\/\/www.pr-neu.de\/newsroom\/wp-json\/wp\/v2\/users\/6"}],"replies":[{"embeddable":true,"href":"https:\/\/www.pr-neu.de\/newsroom\/wp-json\/wp\/v2\/comments?post=764"}],"version-history":[{"count":4,"href":"https:\/\/www.pr-neu.de\/newsroom\/wp-json\/wp\/v2\/posts\/764\/revisions"}],"predecessor-version":[{"id":13239,"href":"https:\/\/www.pr-neu.de\/newsroom\/wp-json\/wp\/v2\/posts\/764\/revisions\/13239"}],"wp:attachment":[{"href":"https:\/\/www.pr-neu.de\/newsroom\/wp-json\/wp\/v2\/media?parent=764"}],"wp:term":[{"taxonomy":"category","embeddable":true,"href":"https:\/\/www.pr-neu.de\/newsroom\/wp-json\/wp\/v2\/categories?post=764"},{"taxonomy":"post_tag","embeddable":true,"href":"https:\/\/www.pr-neu.de\/newsroom\/wp-json\/wp\/v2\/tags?post=764"}],"curies":[{"name":"wp","href":"https:\/\/api.w.org\/{rel}","templated":true}]}}