{"id":719,"date":"2011-09-08T12:03:14","date_gmt":"2011-09-08T10:03:14","guid":{"rendered":"http:\/\/www.pr-nord.de\/newsroom\/?p=719"},"modified":"2020-05-29T08:27:03","modified_gmt":"2020-05-29T06:27:03","slug":"719","status":"publish","type":"post","link":"https:\/\/www.pr-neu.de\/newsroom\/719\/","title":{"rendered":"Von attraktiv bis funktional: Torbau im Einkaufszentrum"},"content":{"rendered":"<table border=\"0\" width=\"520\" cellspacing=\"0\" cellpadding=\"0\">\n<tbody>\n<tr>\n<td><span style=\"text-decoration: underline;\">Pasing Arcaden, M\u00fcnchen<\/span><\/p>\n<p><strong>Von attraktiv bis funktional: Torbau im Einkaufszentrum<\/strong><\/p>\n<p><strong>Seit dem Fr\u00fchjahr laden die \u201ePasing Arcaden\u201c in M\u00fcnchen zum Einkaufen ein \u2013 drei Etagen, 39.000 Quadratmeter Fl\u00e4che, 150 L\u00e4den, au\u00dferdem 60 exklusive Wohnungen. Das moderne Einkaufszentrum beeindruckt mit geschwungenen Einkaufskorridoren, keilf\u00f6rmigen Dachfl\u00e4chen und einer Kubatur, die einem Kreuzfahrtschiff \u00e4hnelt (Architektenb\u00fcro Allmann Sattler Wappner, M\u00fcnchen). Aber auch die nicht auf den ersten Blick sichtbaren L\u00f6sungen sind vorbildlich. Das zeigt sich zum Beispiel am Bauteil \u201eTor\u201c: Von der attraktiven L\u00f6sung mit eleganter Edelstahl-Abdeckung f\u00fcr die Teckentrup-Brandschutztore in den Passagen bis zum mehr als 20 Meter breiten Tor und von der Tiefgarage bis zum Korridor sind exzellente und bedarfsgerechte L\u00f6sungen umgesetzt \u2013 in enger Abstimmung mit dem Hersteller.<\/strong><\/p>\n<p>Moderne Einkaufszentren laden zum Flanieren ein. Waren aus aller Welt werden in den vollklimatisierten Passagen angeboten, optimal ausgeleuchtet und ohne Barrieren. Die \u201ePasing Arcaden\u201c, M\u00fcnchen, stehen f\u00fcr diese \u201eEinkaufs-Erlebnis-Architektur\u201c.<\/p>\n<p>Die \u00e4sthetischen W\u00fcnsche und Vorstellungen der Bauherren treffen auf strenge Bauvorschriften \u2013 beispielsweise im Brandschutz. Da das Zentrum f\u00fcr einen hohen Besucherstrom ausgelegt ist \u2013 allein am Er\u00f6ffnungstag str\u00f6mten rund 80.000 Besucher durch die G\u00e4nge \u2013 m\u00fcssen klare Notfall- und Sicherungssysteme bestehen. Feuerschutz ist allerdings zun\u00e4chst funktional und in der Norm klar definiert, aber ohne \u00e4sthetischen Anspruch. In Pasing sind beide Seiten vorbildlich vereint: Die T90-Feuerschutz-Schiebetore (\u201eTeckentrup E\u201c) liegen im Bauk\u00f6rper, zwischen zwei Gesch\u00e4ften elegant in einen Wandschlitz eingelassen. Sie sind also im Regelbetrieb nicht sichtbar. Der besondere Pfiff ist die Integration in die Sichtfl\u00e4che: Dekorative Edelstahl-Nischenklappen verkleiden die rund sechs Meter breiten und vier Meter hohen T90-Tore. \u201eDiese Verkleidung wirkt wie eine gestalterisch gewollte Z\u00e4sur zwischen den Schaufenster-Reihen. Dass sich dahinter ein technisch notwendiges Bauteil befindet, vermuten wohl nur wenige\u201c, schmunzelt Teckentrup-Experte Armin Willmes, der den Einbau der Tore begleitete.<\/p>\n<p>F\u00fcr den zuverl\u00e4ssigen Lauf sorgt eine Schiene in der Decke. Im Brandfall \u00f6ffnen die Nischenklappen automatisch, so dass die Tore in die Korridore gleiten und 90 Minuten Brandwiderstand leisten. Ein automatisches Steuersystem schlie\u00dft sie autark, ausgel\u00f6st \u00fcber den Rauchmelder oder einen Ausl\u00f6setaster, au\u00dferdem bei Kabelbruch oder Stromausfall. Zudem erfolgt eine Meldung im Centermanagement. Schwellenlose Schlupft\u00fcren halten den Fluchtweg auch bei geschlossenem Tor frei.<\/p>\n<p><strong>Tore XXL<\/strong><\/p>\n<p>In weniger repr\u00e4sentativen Geb\u00e4udeteilen wie den Treppenh\u00e4usern oder der Tiefgarage wurden die Feuerschutzabschl\u00fcsse ohne spezielle Verkleidung installiert. Ungew\u00f6hnliche L\u00f6sungen gibt es hier nicht aus optischer, sondern aus technischer Sicht \u2013 wie am \u00dcbergang vom ersten zum zweiten Bauabschnitt. Hier schottet ein besonders gro\u00dfes, zweifl\u00fcgeliges Tor mit 20,55 Meter Breite die Bauabschnitte voneinander ab. (Die Fertigstellung des zweiten Teils ist f\u00fcr 2013 geplant.) \u201eEs erhielt eine Zulassung im Einzelfall\u201c, berichtet der Teckentrup-Fachmann.<\/p>\n<p>Auch f\u00fcr die obere Ein- und Ausfahrt der Arcaden-Garage wurde eine Spezial-L\u00f6sung konzipiert: Um eine gr\u00f6\u00dftm\u00f6gliche Durchfahrt (6,70 x 3,00 Meter) zu erhalten, wurde ein Rolltor (Typ \u201eThermoTeck\u201c) mit Rohrmotor eingebaut. Dadurch ist die \u201elichte Durchfahrt\u201c gegen\u00fcber der Standardmontage mit Konsole rund 30 Zentimeter breiter. Die untere Ein und Ausfahrt ist gr\u00f6\u00dfer, das Rolltor (ebenfalls Typ ThermoTeck) misst hier 9,94 x 4,2 Meter und ist farblich an die Optik der Betonfassade angepasst (RAL 7038 Achatgrau). In der Tiefgarage mit Abstellfl\u00e4chen f\u00fcr rund 700 PKW \u00fcbernehmen ma\u00dfgeschneiderte T90-Tore der Serie \u201eTeckentrup E\u201c in Gr\u00f6\u00dfen von 2,50 Meter bis 9 Meter Breite den Brandschutz.<\/p>\n<p>Zur Anlieferung geht es durch ein Mehrzweck-Schiebetor. Damit LKW oder andere gro\u00dfe Fahrzeuge problemlos passieren k\u00f6nnen, misst es 9,00 x 4,35 Metern. Willmes: \u201eAuch hier ging es um Gr\u00f6\u00dfe \u2013 so ein 40-Quadratmeter-Tor wird nicht alle Tage gefertigt\u201c.<\/p>\n<p>Ein besonderer Center-Service in der Tiefgarage: W\u00e4hrend die G\u00e4ste durch die Einkaufsmeile schlendern, k\u00f6nnen sie ihr Auto in einer Autopflegestation reinigen lassen. Der werkstatt\u00e4hnliche Reinigungsbereich fasst zwei PKW, Ein- und Ausfahrt sind durch zwei T30-Tore \u201eTeckentrup E\u201c gesch\u00fctzt.<\/p>\n<hr noshade=\"noshade\" size=\"1\" \/>\n<p><strong>B A U T A F E L<\/strong><\/p>\n<p><strong>Bauherr:<\/strong> Pasing Arcaden GmbH &amp; Co. KG, M\u00fcnchen<\/p>\n<p><strong>Projektleitung<\/strong>: Bauleitung Catterfeld und Welker, M\u00fcnchen<\/p>\n<p><strong>Architekten:<\/strong> <em>Entwurf:<\/em> Allmann Sattler Wappner Architekten, M\u00fcnchen<\/p>\n<p><em> Ausf\u00fchrung:<\/em> RKW \u2013 Rhode, Kellermann, Wawrowsky, Architektur + St\u00e4dtebau, D\u00fcsseldorf<\/p>\n<p><strong>Tore:<\/strong> Teckentrup, Verl<\/p>\n<p><strong>Bausumme:<\/strong> 190 Mio. Euro (erster Bauabschnitt)<\/p>\n<p><strong>Bauzeit:<\/strong> 2008 \u2013 2011 (1. BA)<\/p>\n<hr noshade=\"noshade\" size=\"1\" \/>\n<table style=\"height: 29px;\" border=\"0\" width=\"100{ab9cb22b1639c68dfef7c1751c9d63405358944ce3964465eb35eb6b5b6beaaa}\" cellspacing=\"0\" cellpadding=\"0\">\n<tbody>\n<tr>\n<td valign=\"top\" width=\"370\"><a href=\"http:\/\/www.pr-neu.de\/newsroom\/wordpress\/wp-content\/uploads\/2011\/09\/11-15-Tor-Kombi_G.jpg\"><img loading=\"lazy\" decoding=\"async\" class=\"aligncenter size-medium wp-image-13263\" src=\"http:\/\/www.pr-neu.de\/newsroom\/wordpress\/wp-content\/uploads\/2011\/09\/11-15-Tor-Kombi_G-300x200.jpg\" alt=\"\" width=\"300\" height=\"200\" srcset=\"https:\/\/www.pr-neu.de\/newsroom\/wordpress\/wp-content\/uploads\/2011\/09\/11-15-Tor-Kombi_G-300x200.jpg 300w, https:\/\/www.pr-neu.de\/newsroom\/wordpress\/wp-content\/uploads\/2011\/09\/11-15-Tor-Kombi_G-1024x682.jpg 1024w, https:\/\/www.pr-neu.de\/newsroom\/wordpress\/wp-content\/uploads\/2011\/09\/11-15-Tor-Kombi_G-768x512.jpg 768w, https:\/\/www.pr-neu.de\/newsroom\/wordpress\/wp-content\/uploads\/2011\/09\/11-15-Tor-Kombi_G-1536x1024.jpg 1536w, https:\/\/www.pr-neu.de\/newsroom\/wordpress\/wp-content\/uploads\/2011\/09\/11-15-Tor-Kombi_G-110x73.jpg 110w, https:\/\/www.pr-neu.de\/newsroom\/wordpress\/wp-content\/uploads\/2011\/09\/11-15-Tor-Kombi_G-420x280.jpg 420w, https:\/\/www.pr-neu.de\/newsroom\/wordpress\/wp-content\/uploads\/2011\/09\/11-15-Tor-Kombi_G-645x430.jpg 645w, https:\/\/www.pr-neu.de\/newsroom\/wordpress\/wp-content\/uploads\/2011\/09\/11-15-Tor-Kombi_G.jpg 1772w\" sizes=\"auto, (max-width: 300px) 100vw, 300px\" \/><\/a><\/td>\n<td>Elegante Einkaufspassage: Pasing Arcaden, M\u00fcnchen.<\/p>\n<p>Bild: Teckentrup<\/td>\n<\/tr>\n<tr>\n<td valign=\"top\" width=\"370\"><a href=\"http:\/\/www.pr-neu.de\/newsroom\/wordpress\/wp-content\/uploads\/2011\/09\/11-15-Tor-zu-hoch_G.jpg\"><img loading=\"lazy\" decoding=\"async\" class=\"aligncenter size-medium wp-image-13264\" src=\"http:\/\/www.pr-neu.de\/newsroom\/wordpress\/wp-content\/uploads\/2011\/09\/11-15-Tor-zu-hoch_G-200x300.jpg\" alt=\"\" width=\"200\" height=\"300\" srcset=\"https:\/\/www.pr-neu.de\/newsroom\/wordpress\/wp-content\/uploads\/2011\/09\/11-15-Tor-zu-hoch_G-200x300.jpg 200w, https:\/\/www.pr-neu.de\/newsroom\/wordpress\/wp-content\/uploads\/2011\/09\/11-15-Tor-zu-hoch_G-682x1024.jpg 682w, https:\/\/www.pr-neu.de\/newsroom\/wordpress\/wp-content\/uploads\/2011\/09\/11-15-Tor-zu-hoch_G-768x1152.jpg 768w, https:\/\/www.pr-neu.de\/newsroom\/wordpress\/wp-content\/uploads\/2011\/09\/11-15-Tor-zu-hoch_G-1024x1536.jpg 1024w, https:\/\/www.pr-neu.de\/newsroom\/wordpress\/wp-content\/uploads\/2011\/09\/11-15-Tor-zu-hoch_G-73x110.jpg 73w, https:\/\/www.pr-neu.de\/newsroom\/wordpress\/wp-content\/uploads\/2011\/09\/11-15-Tor-zu-hoch_G-280x420.jpg 280w, https:\/\/www.pr-neu.de\/newsroom\/wordpress\/wp-content\/uploads\/2011\/09\/11-15-Tor-zu-hoch_G-287x430.jpg 287w, https:\/\/www.pr-neu.de\/newsroom\/wordpress\/wp-content\/uploads\/2011\/09\/11-15-Tor-zu-hoch_G.jpg 1181w\" sizes=\"auto, (max-width: 200px) 100vw, 200px\" \/><\/a><\/td>\n<td>Hinter der attraktiven Verkleidung liegen die T90-Bandschutztore \u201eTeckentrup E\u201c. Im Brandfall klappt die Nischenklappe auf und die Tore gleiten \u201eaus der Wand\u201c.<\/p>\n<p>Bild: Teckentrup<\/td>\n<\/tr>\n<tr>\n<td valign=\"top\" width=\"370\"><a href=\"http:\/\/www.pr-neu.de\/newsroom\/wordpress\/wp-content\/uploads\/2011\/09\/11-15-Aufzuege-Tor_G.jpg\"><img loading=\"lazy\" decoding=\"async\" class=\"aligncenter size-medium wp-image-13265\" src=\"http:\/\/www.pr-neu.de\/newsroom\/wordpress\/wp-content\/uploads\/2011\/09\/11-15-Aufzuege-Tor_G-300x200.jpg\" alt=\"\" width=\"300\" height=\"200\" srcset=\"https:\/\/www.pr-neu.de\/newsroom\/wordpress\/wp-content\/uploads\/2011\/09\/11-15-Aufzuege-Tor_G-300x200.jpg 300w, https:\/\/www.pr-neu.de\/newsroom\/wordpress\/wp-content\/uploads\/2011\/09\/11-15-Aufzuege-Tor_G-1024x682.jpg 1024w, https:\/\/www.pr-neu.de\/newsroom\/wordpress\/wp-content\/uploads\/2011\/09\/11-15-Aufzuege-Tor_G-768x512.jpg 768w, https:\/\/www.pr-neu.de\/newsroom\/wordpress\/wp-content\/uploads\/2011\/09\/11-15-Aufzuege-Tor_G-1536x1024.jpg 1536w, https:\/\/www.pr-neu.de\/newsroom\/wordpress\/wp-content\/uploads\/2011\/09\/11-15-Aufzuege-Tor_G-110x73.jpg 110w, https:\/\/www.pr-neu.de\/newsroom\/wordpress\/wp-content\/uploads\/2011\/09\/11-15-Aufzuege-Tor_G-420x280.jpg 420w, https:\/\/www.pr-neu.de\/newsroom\/wordpress\/wp-content\/uploads\/2011\/09\/11-15-Aufzuege-Tor_G-645x430.jpg 645w, https:\/\/www.pr-neu.de\/newsroom\/wordpress\/wp-content\/uploads\/2011\/09\/11-15-Aufzuege-Tor_G.jpg 1772w\" sizes=\"auto, (max-width: 300px) 100vw, 300px\" \/><\/a><\/td>\n<td>Ausger\u00fcstet mit zwei schwellenlosen Schlupft\u00fcren, schlie\u00dfen die Tore die Brandabschnitte sicher ab, aber die Fluchtwege bleiben weiterhin begehbar.<\/p>\n<p>Bild:<br \/>\nTeckentrup<\/td>\n<\/tr>\n<tr>\n<td valign=\"top\"><a href=\"http:\/\/www.pr-neu.de\/newsroom\/wordpress\/wp-content\/uploads\/2011\/09\/11-15-Tore-aussen_G.jpg\"><img loading=\"lazy\" decoding=\"async\" class=\"aligncenter size-medium wp-image-13266\" src=\"http:\/\/www.pr-neu.de\/newsroom\/wordpress\/wp-content\/uploads\/2011\/09\/11-15-Tore-aussen_G-300x200.jpg\" alt=\"\" width=\"300\" height=\"200\" srcset=\"https:\/\/www.pr-neu.de\/newsroom\/wordpress\/wp-content\/uploads\/2011\/09\/11-15-Tore-aussen_G-300x200.jpg 300w, https:\/\/www.pr-neu.de\/newsroom\/wordpress\/wp-content\/uploads\/2011\/09\/11-15-Tore-aussen_G-1024x682.jpg 1024w, https:\/\/www.pr-neu.de\/newsroom\/wordpress\/wp-content\/uploads\/2011\/09\/11-15-Tore-aussen_G-768x512.jpg 768w, https:\/\/www.pr-neu.de\/newsroom\/wordpress\/wp-content\/uploads\/2011\/09\/11-15-Tore-aussen_G-1536x1024.jpg 1536w, https:\/\/www.pr-neu.de\/newsroom\/wordpress\/wp-content\/uploads\/2011\/09\/11-15-Tore-aussen_G-110x73.jpg 110w, https:\/\/www.pr-neu.de\/newsroom\/wordpress\/wp-content\/uploads\/2011\/09\/11-15-Tore-aussen_G-420x280.jpg 420w, https:\/\/www.pr-neu.de\/newsroom\/wordpress\/wp-content\/uploads\/2011\/09\/11-15-Tore-aussen_G-645x430.jpg 645w, https:\/\/www.pr-neu.de\/newsroom\/wordpress\/wp-content\/uploads\/2011\/09\/11-15-Tore-aussen_G.jpg 1772w\" sizes=\"auto, (max-width: 300px) 100vw, 300px\" \/><\/a><\/td>\n<td>In der Tiefgarage sorgen farbig lackierte Schiebetore f\u00fcr den Brandschutz. Das Bild zeigt ein T90- Tor \u201eTeckentrup E\u201c, das im Brandfall den gesamten Erschlie\u00dfungsweg \u2013 Fahrst\u00fchle und Treppenhaus \u2013 sichert.<\/p>\n<p>Bild: Teckentrup<\/td>\n<\/tr>\n<tr>\n<td valign=\"top\"><a href=\"http:\/\/www.pr-neu.de\/newsroom\/wordpress\/wp-content\/uploads\/2011\/09\/11-15-Ausfahrt_G.jpg\"><img loading=\"lazy\" decoding=\"async\" class=\"aligncenter size-medium wp-image-13267\" src=\"http:\/\/www.pr-neu.de\/newsroom\/wordpress\/wp-content\/uploads\/2011\/09\/11-15-Ausfahrt_G-300x200.jpg\" alt=\"\" width=\"300\" height=\"200\" srcset=\"https:\/\/www.pr-neu.de\/newsroom\/wordpress\/wp-content\/uploads\/2011\/09\/11-15-Ausfahrt_G-300x200.jpg 300w, https:\/\/www.pr-neu.de\/newsroom\/wordpress\/wp-content\/uploads\/2011\/09\/11-15-Ausfahrt_G-1024x682.jpg 1024w, https:\/\/www.pr-neu.de\/newsroom\/wordpress\/wp-content\/uploads\/2011\/09\/11-15-Ausfahrt_G-768x512.jpg 768w, https:\/\/www.pr-neu.de\/newsroom\/wordpress\/wp-content\/uploads\/2011\/09\/11-15-Ausfahrt_G-1536x1024.jpg 1536w, https:\/\/www.pr-neu.de\/newsroom\/wordpress\/wp-content\/uploads\/2011\/09\/11-15-Ausfahrt_G-110x73.jpg 110w, https:\/\/www.pr-neu.de\/newsroom\/wordpress\/wp-content\/uploads\/2011\/09\/11-15-Ausfahrt_G-420x280.jpg 420w, https:\/\/www.pr-neu.de\/newsroom\/wordpress\/wp-content\/uploads\/2011\/09\/11-15-Ausfahrt_G-645x430.jpg 645w, https:\/\/www.pr-neu.de\/newsroom\/wordpress\/wp-content\/uploads\/2011\/09\/11-15-Ausfahrt_G.jpg 1772w\" sizes=\"auto, (max-width: 300px) 100vw, 300px\" \/><\/a><\/td>\n<td>Die Anlieferung wird durch ein sehr breites Schiebetor, die Garageneinfahrt durch ein Rolltor verschlossen.<\/p>\n<p>Bild: Teckentrup<\/td>\n<\/tr>\n<tr>\n<td valign=\"top\"><a href=\"http:\/\/www.pr-neu.de\/newsroom\/wordpress\/wp-content\/uploads\/2011\/09\/11-15-Ausfahrt_G.jpg\"><img loading=\"lazy\" decoding=\"async\" class=\"aligncenter size-medium wp-image-13267\" src=\"http:\/\/www.pr-neu.de\/newsroom\/wordpress\/wp-content\/uploads\/2011\/09\/11-15-Ausfahrt_G-300x200.jpg\" alt=\"\" width=\"300\" height=\"200\" srcset=\"https:\/\/www.pr-neu.de\/newsroom\/wordpress\/wp-content\/uploads\/2011\/09\/11-15-Ausfahrt_G-300x200.jpg 300w, https:\/\/www.pr-neu.de\/newsroom\/wordpress\/wp-content\/uploads\/2011\/09\/11-15-Ausfahrt_G-1024x682.jpg 1024w, https:\/\/www.pr-neu.de\/newsroom\/wordpress\/wp-content\/uploads\/2011\/09\/11-15-Ausfahrt_G-768x512.jpg 768w, https:\/\/www.pr-neu.de\/newsroom\/wordpress\/wp-content\/uploads\/2011\/09\/11-15-Ausfahrt_G-1536x1024.jpg 1536w, https:\/\/www.pr-neu.de\/newsroom\/wordpress\/wp-content\/uploads\/2011\/09\/11-15-Ausfahrt_G-110x73.jpg 110w, https:\/\/www.pr-neu.de\/newsroom\/wordpress\/wp-content\/uploads\/2011\/09\/11-15-Ausfahrt_G-420x280.jpg 420w, https:\/\/www.pr-neu.de\/newsroom\/wordpress\/wp-content\/uploads\/2011\/09\/11-15-Ausfahrt_G-645x430.jpg 645w, https:\/\/www.pr-neu.de\/newsroom\/wordpress\/wp-content\/uploads\/2011\/09\/11-15-Ausfahrt_G.jpg 1772w\" sizes=\"auto, (max-width: 300px) 100vw, 300px\" \/><\/a><\/td>\n<td>Zufahrt zur Tiefgarage. Das Rolltor \u201eThermoTeck\u201c ist besonders robust und leise.<\/p>\n<p>Bild: Teckentrup<\/td>\n<\/tr>\n<tr>\n<td valign=\"top\"><a href=\"http:\/\/www.pr-neu.de\/newsroom\/wordpress\/wp-content\/uploads\/2011\/09\/11-15-Anlieferung_G.jpg\"><img loading=\"lazy\" decoding=\"async\" class=\"aligncenter size-medium wp-image-13268\" src=\"http:\/\/www.pr-neu.de\/newsroom\/wordpress\/wp-content\/uploads\/2011\/09\/11-15-Anlieferung_G-300x200.jpg\" alt=\"\" width=\"300\" height=\"200\" srcset=\"https:\/\/www.pr-neu.de\/newsroom\/wordpress\/wp-content\/uploads\/2011\/09\/11-15-Anlieferung_G-300x200.jpg 300w, https:\/\/www.pr-neu.de\/newsroom\/wordpress\/wp-content\/uploads\/2011\/09\/11-15-Anlieferung_G-1024x682.jpg 1024w, https:\/\/www.pr-neu.de\/newsroom\/wordpress\/wp-content\/uploads\/2011\/09\/11-15-Anlieferung_G-768x512.jpg 768w, https:\/\/www.pr-neu.de\/newsroom\/wordpress\/wp-content\/uploads\/2011\/09\/11-15-Anlieferung_G-1536x1024.jpg 1536w, https:\/\/www.pr-neu.de\/newsroom\/wordpress\/wp-content\/uploads\/2011\/09\/11-15-Anlieferung_G-110x73.jpg 110w, https:\/\/www.pr-neu.de\/newsroom\/wordpress\/wp-content\/uploads\/2011\/09\/11-15-Anlieferung_G-420x280.jpg 420w, https:\/\/www.pr-neu.de\/newsroom\/wordpress\/wp-content\/uploads\/2011\/09\/11-15-Anlieferung_G-645x430.jpg 645w, https:\/\/www.pr-neu.de\/newsroom\/wordpress\/wp-content\/uploads\/2011\/09\/11-15-Anlieferung_G.jpg 1772w\" sizes=\"auto, (max-width: 300px) 100vw, 300px\" \/><\/a><\/td>\n<td>LKW und andere gro\u00dfe Fahrzeuge k\u00f6nnen problemlos das hohe und breite Schiebetor zum Anlieferungsbereich passieren.<\/p>\n<p>Bild: Teckentrup<\/td>\n<\/tr>\n<tr>\n<td valign=\"top\" width=\"370\"><a href=\"http:\/\/www.pr-neu.de\/newsroom\/wordpress\/wp-content\/uploads\/2011\/09\/11-15-Autostation_G.jpg\"><img loading=\"lazy\" decoding=\"async\" class=\"aligncenter size-medium wp-image-13269\" src=\"http:\/\/www.pr-neu.de\/newsroom\/wordpress\/wp-content\/uploads\/2011\/09\/11-15-Autostation_G-300x200.jpg\" alt=\"\" width=\"300\" height=\"200\" srcset=\"https:\/\/www.pr-neu.de\/newsroom\/wordpress\/wp-content\/uploads\/2011\/09\/11-15-Autostation_G-300x200.jpg 300w, https:\/\/www.pr-neu.de\/newsroom\/wordpress\/wp-content\/uploads\/2011\/09\/11-15-Autostation_G-1024x682.jpg 1024w, https:\/\/www.pr-neu.de\/newsroom\/wordpress\/wp-content\/uploads\/2011\/09\/11-15-Autostation_G-768x512.jpg 768w, https:\/\/www.pr-neu.de\/newsroom\/wordpress\/wp-content\/uploads\/2011\/09\/11-15-Autostation_G-1536x1024.jpg 1536w, https:\/\/www.pr-neu.de\/newsroom\/wordpress\/wp-content\/uploads\/2011\/09\/11-15-Autostation_G-110x73.jpg 110w, https:\/\/www.pr-neu.de\/newsroom\/wordpress\/wp-content\/uploads\/2011\/09\/11-15-Autostation_G-420x280.jpg 420w, https:\/\/www.pr-neu.de\/newsroom\/wordpress\/wp-content\/uploads\/2011\/09\/11-15-Autostation_G-645x430.jpg 645w, https:\/\/www.pr-neu.de\/newsroom\/wordpress\/wp-content\/uploads\/2011\/09\/11-15-Autostation_G.jpg 1772w\" sizes=\"auto, (max-width: 300px) 100vw, 300px\" \/><\/a><\/td>\n<td>Waschen. Pflegen, Ausbessern \u2013 eine Autostation betreut die Autos der Kunden nach Wunsch. Sie ist durch ein T-30-Tor von Teckentrup von der restlichen Garage getrennt.<\/p>\n<p>Bild: Teckentrup<\/td>\n<\/tr>\n<\/tbody>\n<\/table>\n<hr noshade=\"noshade\" size=\"1\" \/>\n<p>Abdruck honorarfrei, Belegexemplar erbeten<\/td>\n<\/tr>\n<\/tbody>\n<\/table>\n<p><!-- AddThis Button BEGIN --><\/p>\n<div class=\"addthis_toolbox addthis_default_style\"><\/div>\n","protected":false},"excerpt":{"rendered":"<p>Pasing Arcaden, M\u00fcnchen Von attraktiv bis funktional: Torbau im Einkaufszentrum Seit dem Fr\u00fchjahr laden die \u201ePasing Arcaden\u201c in M\u00fcnchen zum Einkaufen ein \u2013 drei Etagen, 39.000 Quadratmeter Fl\u00e4che, 150 L\u00e4den, au\u00dferdem 60 exklusive Wohnungen. Das moderne Einkaufszentrum beeindruckt mit geschwungenen Einkaufskorridoren, keilf\u00f6rmigen Dachfl\u00e4chen und einer Kubatur, die einem Kreuzfahrtschiff \u00e4hnelt (Architektenb\u00fcro Allmann Sattler Wappner, M\u00fcnchen). [&hellip;]<\/p>\n","protected":false},"author":6,"featured_media":0,"comment_status":"closed","ping_status":"open","sticky":false,"template":"","format":"standard","meta":{"footnotes":""},"categories":[3,18],"tags":[95,200,561,565,570],"class_list":["post-719","post","type-post","status-publish","format-standard","hentry","category-kundenmeldungen","category-teckentrup","tag-brandschutztore","tag-feuerschutz-schiebetore","tag-t90","tag-teckentrup","tag-thermoteck"],"_links":{"self":[{"href":"https:\/\/www.pr-neu.de\/newsroom\/wp-json\/wp\/v2\/posts\/719","targetHints":{"allow":["GET"]}}],"collection":[{"href":"https:\/\/www.pr-neu.de\/newsroom\/wp-json\/wp\/v2\/posts"}],"about":[{"href":"https:\/\/www.pr-neu.de\/newsroom\/wp-json\/wp\/v2\/types\/post"}],"author":[{"embeddable":true,"href":"https:\/\/www.pr-neu.de\/newsroom\/wp-json\/wp\/v2\/users\/6"}],"replies":[{"embeddable":true,"href":"https:\/\/www.pr-neu.de\/newsroom\/wp-json\/wp\/v2\/comments?post=719"}],"version-history":[{"count":6,"href":"https:\/\/www.pr-neu.de\/newsroom\/wp-json\/wp\/v2\/posts\/719\/revisions"}],"predecessor-version":[{"id":13271,"href":"https:\/\/www.pr-neu.de\/newsroom\/wp-json\/wp\/v2\/posts\/719\/revisions\/13271"}],"wp:attachment":[{"href":"https:\/\/www.pr-neu.de\/newsroom\/wp-json\/wp\/v2\/media?parent=719"}],"wp:term":[{"taxonomy":"category","embeddable":true,"href":"https:\/\/www.pr-neu.de\/newsroom\/wp-json\/wp\/v2\/categories?post=719"},{"taxonomy":"post_tag","embeddable":true,"href":"https:\/\/www.pr-neu.de\/newsroom\/wp-json\/wp\/v2\/tags?post=719"}],"curies":[{"name":"wp","href":"https:\/\/api.w.org\/{rel}","templated":true}]}}