{"id":686,"date":"2011-08-11T10:09:40","date_gmt":"2011-08-11T08:09:40","guid":{"rendered":"http:\/\/www.pr-nord.de\/newsroom\/?p=686"},"modified":"2020-05-28T16:49:29","modified_gmt":"2020-05-28T14:49:29","slug":"686","status":"publish","type":"post","link":"https:\/\/www.pr-neu.de\/newsroom\/686\/","title":{"rendered":"Neue Stadtmitte Eschborn"},"content":{"rendered":"<table border=\"0\" width=\"520\" cellspacing=\"0\" cellpadding=\"0\">\n<tbody>\n<tr>\n<td><span style=\"text-decoration: underline;\">An historischen Hofreiten orientier<\/span><\/p>\n<p><strong> Neue Stadtmitte Eschborn <\/strong><\/p>\n<p><strong>\u201eNeue Stadtmitte Eschborn\u201c: Harmonisch f\u00fcgt sich das Geb\u00e4ude-Ensemble in den Stadtkern ein, in unmittelbarer N\u00e4he zum Rathaus der 20.000-Einwohner-Gemeinde. Die Geb\u00e4ude sind wie die f\u00fcr Hessen typischen Hofreiten angelegt und bieten so neben den Gesch\u00e4ften, B\u00fcros und Wohnungen auch einen zentralen, \u00f6ffentlichen Platz.<\/strong><\/p>\n<p>Mit der \u201eNeuen Stadtmitte Eschborn\u201c an der Kurt-Schumacher-Stra\u00dfe, gegen\u00fcber dem Rathaus, ist ein Ensemble von drei H\u00e4usern mit L\u00e4den, B\u00fcros und Wohnungen entstanden, das sich am Vorbild historischer Hofreiten im alten Eschborner Ortskern orientiert. Auf 1.000 Quadratmetern gruppieren sich die L-f\u00f6rmig angeordneten Geb\u00e4ude um einen Innenhof, der als \u00f6ffentlicher Durchgang genutzt werden kann.<\/p>\n<p>\u201eUns war es wichtig, dass sich der Neubau nicht als Fremdk\u00f6rper im Ortskern darstellt, und daher haben wir die Architektur der alten Hofreiten aufgegriffen\u201c, erl\u00e4utert der Frankfurter Architekt Fritz Ludwig, der au\u00dferdem die H\u00f6he der Geb\u00e4ude mit bis zu f\u00fcnf Stockwerken der Umgebung anpasste.<\/p>\n<p>Auskragende Loggien mit Rahmen aus massiven Sto-Fassadenprofilen gliedern die Fassade. Die Ecken der H\u00e4user sind mit Natursteinen verkleidet, die Gestaltung erinnert an die mediterrane Architektur Spaniens.<\/p>\n<p>Die Tiefgarage des Rathauses wurde um eine Etage erweitert, die jetzt 145 \u00f6ffentliche und 86 fest vermietete Stellpl\u00e4tze bietet.<\/p>\n<p>Zehn L\u00e4den im Erdgeschoss wurden vom privaten Investor Henry Faktor, der das Projekt f\u00fcr 20,8 Millionen Euro auf die Beine stellte, ausschlie\u00dflich an inhabergef\u00fchrte Gesch\u00e4fte (nicht an Handelsketten) vermietet. \u201eDenn mit dem Projekt wollte man nicht mit gro\u00dfen Einkaufszentren in Konkurrenz treten, sondern ein Nachbarschaftszentrum f\u00fcr Eschborner B\u00fcrger anbieten\u201c, beschreibt Ludwig die Intention. Im ersten Stock befinden sich generell B\u00fcros, in den Etagen dar\u00fcber sowohl B\u00fcros als auch Wohnungen.<\/p>\n<hr noshade=\"noshade\" size=\"1\" \/>\n<p><strong>Bautafel<br \/>\n<\/strong><strong>Bauherr:<\/strong> Weststadt OC-Projekte GmbH, Frankfurt am Main<\/p>\n<p><strong>Architekt<\/strong>: Fritz Ludwig Architekten BDA, Frankfurt am Main<\/p>\n<p><strong>Sto-Kompetenzen:<\/strong> Fassadend\u00e4mmsystem (StoTherm Classic), Fassadenfarbe (Lotusan), Fassadenprofile<\/p>\n<p><strong>Fachhandwerker:<\/strong> DaKa Kalenik Baudeco GmbH, M\u00fchlheim am Main<\/p>\n<hr noshade=\"noshade\" size=\"1\" \/>\n<table style=\"height: 25px;\" border=\"0\" width=\"520\" cellspacing=\"0\" cellpadding=\"0\">\n<tbody>\n<tr>\n<td valign=\"top\" width=\"370\" height=\"25\"><a href=\"http:\/\/www.pr-neu.de\/newsroom\/wordpress\/wp-content\/uploads\/2011\/08\/11-39-Eschborn_1_G.jpg\"><img loading=\"lazy\" decoding=\"async\" class=\"aligncenter size-medium wp-image-13211\" src=\"http:\/\/www.pr-neu.de\/newsroom\/wordpress\/wp-content\/uploads\/2011\/08\/11-39-Eschborn_1_G-300x200.jpg\" alt=\"\" width=\"300\" height=\"200\" srcset=\"https:\/\/www.pr-neu.de\/newsroom\/wordpress\/wp-content\/uploads\/2011\/08\/11-39-Eschborn_1_G-300x200.jpg 300w, https:\/\/www.pr-neu.de\/newsroom\/wordpress\/wp-content\/uploads\/2011\/08\/11-39-Eschborn_1_G-1024x682.jpg 1024w, https:\/\/www.pr-neu.de\/newsroom\/wordpress\/wp-content\/uploads\/2011\/08\/11-39-Eschborn_1_G-768x512.jpg 768w, https:\/\/www.pr-neu.de\/newsroom\/wordpress\/wp-content\/uploads\/2011\/08\/11-39-Eschborn_1_G-1536x1024.jpg 1536w, https:\/\/www.pr-neu.de\/newsroom\/wordpress\/wp-content\/uploads\/2011\/08\/11-39-Eschborn_1_G-110x73.jpg 110w, https:\/\/www.pr-neu.de\/newsroom\/wordpress\/wp-content\/uploads\/2011\/08\/11-39-Eschborn_1_G-420x280.jpg 420w, https:\/\/www.pr-neu.de\/newsroom\/wordpress\/wp-content\/uploads\/2011\/08\/11-39-Eschborn_1_G-645x430.jpg 645w, https:\/\/www.pr-neu.de\/newsroom\/wordpress\/wp-content\/uploads\/2011\/08\/11-39-Eschborn_1_G.jpg 1772w\" sizes=\"auto, (max-width: 300px) 100vw, 300px\" \/><\/a><\/td>\n<td colspan=\"3\" height=\"21\">&nbsp;<\/p>\n<p>Ein Innenhof, wie er gerade in Hessen von den Hofreiten seit alters her bekannt ist: Die \u201eneue Mitte Eschborn\u201c ist ein Wohn- und Gesch\u00e4ftshaus, dessen Mittelpunkt als \u00f6ffentlicher, zentraler Platz dient.<\/p>\n<p>Bild: Sto AG<\/td>\n<\/tr>\n<tr>\n<td valign=\"top\" width=\"370\" height=\"25\"><a href=\"http:\/\/www.pr-neu.de\/newsroom\/wordpress\/wp-content\/uploads\/2011\/08\/11-39-Eschborn_2_G.jpg\"><img loading=\"lazy\" decoding=\"async\" class=\"aligncenter size-medium wp-image-13212\" src=\"http:\/\/www.pr-neu.de\/newsroom\/wordpress\/wp-content\/uploads\/2011\/08\/11-39-Eschborn_2_G-300x200.jpg\" alt=\"\" width=\"300\" height=\"200\" srcset=\"https:\/\/www.pr-neu.de\/newsroom\/wordpress\/wp-content\/uploads\/2011\/08\/11-39-Eschborn_2_G-300x200.jpg 300w, https:\/\/www.pr-neu.de\/newsroom\/wordpress\/wp-content\/uploads\/2011\/08\/11-39-Eschborn_2_G-1024x682.jpg 1024w, https:\/\/www.pr-neu.de\/newsroom\/wordpress\/wp-content\/uploads\/2011\/08\/11-39-Eschborn_2_G-768x512.jpg 768w, https:\/\/www.pr-neu.de\/newsroom\/wordpress\/wp-content\/uploads\/2011\/08\/11-39-Eschborn_2_G-1536x1024.jpg 1536w, https:\/\/www.pr-neu.de\/newsroom\/wordpress\/wp-content\/uploads\/2011\/08\/11-39-Eschborn_2_G-110x73.jpg 110w, https:\/\/www.pr-neu.de\/newsroom\/wordpress\/wp-content\/uploads\/2011\/08\/11-39-Eschborn_2_G-420x280.jpg 420w, https:\/\/www.pr-neu.de\/newsroom\/wordpress\/wp-content\/uploads\/2011\/08\/11-39-Eschborn_2_G-645x430.jpg 645w, https:\/\/www.pr-neu.de\/newsroom\/wordpress\/wp-content\/uploads\/2011\/08\/11-39-Eschborn_2_G.jpg 1772w\" sizes=\"auto, (max-width: 300px) 100vw, 300px\" \/><\/a><\/td>\n<td colspan=\"3\" height=\"21\">Mit einem leistungsf\u00e4higen Airlessger\u00e4t l\u00e4sst sich der Spachtel StoLevell In XXL schnell und einfach applizieren.<\/p>\n<p>Bild: Sto AG<\/td>\n<\/tr>\n<tr>\n<td valign=\"top\" width=\"370\" height=\"25\"><a href=\"http:\/\/www.pr-neu.de\/newsroom\/wordpress\/wp-content\/uploads\/2011\/08\/11-39-Eschborn_3_G.jpg\"><img loading=\"lazy\" decoding=\"async\" class=\"aligncenter size-medium wp-image-13214\" src=\"http:\/\/www.pr-neu.de\/newsroom\/wordpress\/wp-content\/uploads\/2011\/08\/11-39-Eschborn_3_G-300x200.jpg\" alt=\"\" width=\"300\" height=\"200\" srcset=\"https:\/\/www.pr-neu.de\/newsroom\/wordpress\/wp-content\/uploads\/2011\/08\/11-39-Eschborn_3_G-300x200.jpg 300w, https:\/\/www.pr-neu.de\/newsroom\/wordpress\/wp-content\/uploads\/2011\/08\/11-39-Eschborn_3_G-1024x682.jpg 1024w, https:\/\/www.pr-neu.de\/newsroom\/wordpress\/wp-content\/uploads\/2011\/08\/11-39-Eschborn_3_G-768x512.jpg 768w, https:\/\/www.pr-neu.de\/newsroom\/wordpress\/wp-content\/uploads\/2011\/08\/11-39-Eschborn_3_G-1536x1024.jpg 1536w, https:\/\/www.pr-neu.de\/newsroom\/wordpress\/wp-content\/uploads\/2011\/08\/11-39-Eschborn_3_G-110x73.jpg 110w, https:\/\/www.pr-neu.de\/newsroom\/wordpress\/wp-content\/uploads\/2011\/08\/11-39-Eschborn_3_G-420x280.jpg 420w, https:\/\/www.pr-neu.de\/newsroom\/wordpress\/wp-content\/uploads\/2011\/08\/11-39-Eschborn_3_G-645x430.jpg 645w, https:\/\/www.pr-neu.de\/newsroom\/wordpress\/wp-content\/uploads\/2011\/08\/11-39-Eschborn_3_G.jpg 1772w\" sizes=\"auto, (max-width: 300px) 100vw, 300px\" \/><\/a><\/td>\n<td colspan=\"3\" height=\"21\">\n<p class=\"Stil1\">Die hervorspringenden Loggien und \u00dcber-Eck-Fenster, eingefasst von massiven Sto-Fassadenprofilen sorgen f\u00fcr eine lebendige Fassade.<\/p>\n<p>Bild: Sto AG<\/td>\n<\/tr>\n<tr>\n<td valign=\"top\" width=\"370\" height=\"25\"><a href=\"http:\/\/www.pr-neu.de\/newsroom\/wordpress\/wp-content\/uploads\/2011\/08\/11-39-Eschborn_4_G.jpg\"><img loading=\"lazy\" decoding=\"async\" class=\"aligncenter size-medium wp-image-13215\" src=\"http:\/\/www.pr-neu.de\/newsroom\/wordpress\/wp-content\/uploads\/2011\/08\/11-39-Eschborn_4_G-300x200.jpg\" alt=\"\" width=\"300\" height=\"200\" srcset=\"https:\/\/www.pr-neu.de\/newsroom\/wordpress\/wp-content\/uploads\/2011\/08\/11-39-Eschborn_4_G-300x200.jpg 300w, https:\/\/www.pr-neu.de\/newsroom\/wordpress\/wp-content\/uploads\/2011\/08\/11-39-Eschborn_4_G-1024x682.jpg 1024w, https:\/\/www.pr-neu.de\/newsroom\/wordpress\/wp-content\/uploads\/2011\/08\/11-39-Eschborn_4_G-768x512.jpg 768w, https:\/\/www.pr-neu.de\/newsroom\/wordpress\/wp-content\/uploads\/2011\/08\/11-39-Eschborn_4_G-1536x1024.jpg 1536w, https:\/\/www.pr-neu.de\/newsroom\/wordpress\/wp-content\/uploads\/2011\/08\/11-39-Eschborn_4_G-110x73.jpg 110w, https:\/\/www.pr-neu.de\/newsroom\/wordpress\/wp-content\/uploads\/2011\/08\/11-39-Eschborn_4_G-420x280.jpg 420w, https:\/\/www.pr-neu.de\/newsroom\/wordpress\/wp-content\/uploads\/2011\/08\/11-39-Eschborn_4_G-645x430.jpg 645w, https:\/\/www.pr-neu.de\/newsroom\/wordpress\/wp-content\/uploads\/2011\/08\/11-39-Eschborn_4_G.jpg 1772w\" sizes=\"auto, (max-width: 300px) 100vw, 300px\" \/><\/a><\/td>\n<td colspan=\"3\" height=\"21\"><em> Sauber gearbeitet bis ins Detail. <\/em><\/p>\n<p>Bild: Sto AG<\/td>\n<\/tr>\n<\/tbody>\n<\/table>\n<hr noshade=\"noshade\" size=\"1\" \/>\n<p>Abdruck honorarfrei, Belegexemplar erbeten<\/td>\n<\/tr>\n<tr>\n<td><\/td>\n<\/tr>\n<\/tbody>\n<\/table>\n","protected":false},"excerpt":{"rendered":"<p>An historischen Hofreiten orientier Neue Stadtmitte Eschborn \u201eNeue Stadtmitte Eschborn\u201c: Harmonisch f\u00fcgt sich das Geb\u00e4ude-Ensemble in den Stadtkern ein, in unmittelbarer N\u00e4he zum Rathaus der 20.000-Einwohner-Gemeinde. Die Geb\u00e4ude sind wie die f\u00fcr Hessen typischen Hofreiten angelegt und bieten so neben den Gesch\u00e4ften, B\u00fcros und Wohnungen auch einen zentralen, \u00f6ffentlichen Platz. Mit der \u201eNeuen Stadtmitte Eschborn\u201c [&hellip;]<\/p>\n","protected":false},"author":6,"featured_media":0,"comment_status":"closed","ping_status":"open","sticky":false,"template":"","format":"standard","meta":{"footnotes":""},"categories":[3,15],"tags":[62,124,187,414,504,621,627],"class_list":["post-686","post","type-post","status-publish","format-standard","hentry","category-kundenmeldungen","category-sto","tag-architektur","tag-dammung","tag-fassade","tag-putz","tag-sto-2","tag-warmedammung","tag-wdvs"],"_links":{"self":[{"href":"https:\/\/www.pr-neu.de\/newsroom\/wp-json\/wp\/v2\/posts\/686","targetHints":{"allow":["GET"]}}],"collection":[{"href":"https:\/\/www.pr-neu.de\/newsroom\/wp-json\/wp\/v2\/posts"}],"about":[{"href":"https:\/\/www.pr-neu.de\/newsroom\/wp-json\/wp\/v2\/types\/post"}],"author":[{"embeddable":true,"href":"https:\/\/www.pr-neu.de\/newsroom\/wp-json\/wp\/v2\/users\/6"}],"replies":[{"embeddable":true,"href":"https:\/\/www.pr-neu.de\/newsroom\/wp-json\/wp\/v2\/comments?post=686"}],"version-history":[{"count":4,"href":"https:\/\/www.pr-neu.de\/newsroom\/wp-json\/wp\/v2\/posts\/686\/revisions"}],"predecessor-version":[{"id":13216,"href":"https:\/\/www.pr-neu.de\/newsroom\/wp-json\/wp\/v2\/posts\/686\/revisions\/13216"}],"wp:attachment":[{"href":"https:\/\/www.pr-neu.de\/newsroom\/wp-json\/wp\/v2\/media?parent=686"}],"wp:term":[{"taxonomy":"category","embeddable":true,"href":"https:\/\/www.pr-neu.de\/newsroom\/wp-json\/wp\/v2\/categories?post=686"},{"taxonomy":"post_tag","embeddable":true,"href":"https:\/\/www.pr-neu.de\/newsroom\/wp-json\/wp\/v2\/tags?post=686"}],"curies":[{"name":"wp","href":"https:\/\/api.w.org\/{rel}","templated":true}]}}