{"id":650,"date":"2011-07-12T08:28:36","date_gmt":"2011-07-12T06:28:36","guid":{"rendered":"http:\/\/www.pr-nord.de\/newsroom\/?p=650"},"modified":"2020-05-28T16:44:34","modified_gmt":"2020-05-28T14:44:34","slug":"neue-farbtone-inspirieren","status":"publish","type":"post","link":"https:\/\/www.pr-neu.de\/newsroom\/neue-farbtone-inspirieren\/","title":{"rendered":"Neue Farbt\u00f6ne inspirieren"},"content":{"rendered":"<table border=\"0\" width=\"520\" cellspacing=\"0\" cellpadding=\"0\">\n<tbody>\n<tr>\n<td><span style=\"text-decoration: underline;\">Sto AG:<br \/>\nNeuer Farbtonf\u00e4cher f\u00fcr Metallic-Beschichtungen<\/span><strong>Neue Farbt\u00f6ne inspirieren<\/strong><\/p>\n<p>Der neue StoColor Metallic F\u00e4cher ist da. Das praktische Arbeitsmittel enth\u00e4lt neben 60 Farbt\u00f6nen auch ein Echtmuster und Fotodrucke, die ausgew\u00e4hlte StoColor Metallic-Oberfl\u00e4chentechniken f\u00fcr den Innen- und Au\u00dfenbereich zeigen. Ein Werkzeug mit vielen echtmetallischen T\u00f6nen, das informiert und inspiriert. Erh\u00e4ltlich ist der F\u00e4cher \u00fcber die Sto-Verkaufsberater.<\/p>\n<hr noshade=\"noshade\" size=\"1\" \/>\n<table style=\"height: 25px;\" border=\"0\" width=\"520\" cellspacing=\"0\" cellpadding=\"0\">\n<tbody>\n<tr>\n<td valign=\"top\" width=\"370\" height=\"25\"><a href=\"http:\/\/www.pr-neu.de\/newsroom\/wordpress\/wp-content\/uploads\/2011\/07\/11-34_Metallic-Faecher_G.jpg\"><img loading=\"lazy\" decoding=\"async\" class=\"aligncenter size-medium wp-image-13188\" src=\"http:\/\/www.pr-neu.de\/newsroom\/wordpress\/wp-content\/uploads\/2011\/07\/11-34_Metallic-Faecher_G-300x201.jpg\" alt=\"\" width=\"300\" height=\"201\" srcset=\"https:\/\/www.pr-neu.de\/newsroom\/wordpress\/wp-content\/uploads\/2011\/07\/11-34_Metallic-Faecher_G-300x201.jpg 300w, https:\/\/www.pr-neu.de\/newsroom\/wordpress\/wp-content\/uploads\/2011\/07\/11-34_Metallic-Faecher_G-1024x687.jpg 1024w, https:\/\/www.pr-neu.de\/newsroom\/wordpress\/wp-content\/uploads\/2011\/07\/11-34_Metallic-Faecher_G-768x516.jpg 768w, https:\/\/www.pr-neu.de\/newsroom\/wordpress\/wp-content\/uploads\/2011\/07\/11-34_Metallic-Faecher_G-1536x1031.jpg 1536w, https:\/\/www.pr-neu.de\/newsroom\/wordpress\/wp-content\/uploads\/2011\/07\/11-34_Metallic-Faecher_G-110x74.jpg 110w, https:\/\/www.pr-neu.de\/newsroom\/wordpress\/wp-content\/uploads\/2011\/07\/11-34_Metallic-Faecher_G-420x282.jpg 420w, https:\/\/www.pr-neu.de\/newsroom\/wordpress\/wp-content\/uploads\/2011\/07\/11-34_Metallic-Faecher_G-641x430.jpg 641w, https:\/\/www.pr-neu.de\/newsroom\/wordpress\/wp-content\/uploads\/2011\/07\/11-34_Metallic-Faecher_G.jpg 1795w\" sizes=\"auto, (max-width: 300px) 100vw, 300px\" \/><\/a><\/td>\n<td colspan=\"3\" height=\"21\">Bild: Sto AG<\/td>\n<\/tr>\n<\/tbody>\n<\/table>\n<hr noshade=\"noshade\" size=\"1\" \/>\n<p>Abdruck honorarfrei, Belegexemplar erbeten<\/td>\n<\/tr>\n<tr>\n<td><\/td>\n<\/tr>\n<\/tbody>\n<\/table>\n<table border=\"0\" width=\"95{ab9cb22b1639c68dfef7c1751c9d63405358944ce3964465eb35eb6b5b6beaaa}\">\n<tbody>\n<tr>\n<td><!-- AddThis Button BEGIN --><\/p>\n<div class=\"addthis_toolbox addthis_default_style\"><\/div>\n<p>&nbsp;<\/td>\n<\/tr>\n<\/tbody>\n<\/table>\n","protected":false},"excerpt":{"rendered":"<p>Sto AG: Neuer Farbtonf\u00e4cher f\u00fcr Metallic-BeschichtungenNeue Farbt\u00f6ne inspirieren Der neue StoColor Metallic F\u00e4cher ist da. Das praktische Arbeitsmittel enth\u00e4lt neben 60 Farbt\u00f6nen auch ein Echtmuster und Fotodrucke, die ausgew\u00e4hlte StoColor Metallic-Oberfl\u00e4chentechniken f\u00fcr den Innen- und Au\u00dfenbereich zeigen. Ein Werkzeug mit vielen echtmetallischen T\u00f6nen, das informiert und inspiriert. Erh\u00e4ltlich ist der F\u00e4cher \u00fcber die Sto-Verkaufsberater. Bild: [&hellip;]<\/p>\n","protected":false},"author":6,"featured_media":0,"comment_status":"closed","ping_status":"open","sticky":false,"template":"","format":"standard","meta":{"footnotes":""},"categories":[3,15],"tags":[181,182,186,504,510],"class_list":["post-650","post","type-post","status-publish","format-standard","hentry","category-kundenmeldungen","category-sto","tag-farben","tag-farbfacher","tag-farbtone","tag-sto-2","tag-stocolor-metallic"],"_links":{"self":[{"href":"https:\/\/www.pr-neu.de\/newsroom\/wp-json\/wp\/v2\/posts\/650","targetHints":{"allow":["GET"]}}],"collection":[{"href":"https:\/\/www.pr-neu.de\/newsroom\/wp-json\/wp\/v2\/posts"}],"about":[{"href":"https:\/\/www.pr-neu.de\/newsroom\/wp-json\/wp\/v2\/types\/post"}],"author":[{"embeddable":true,"href":"https:\/\/www.pr-neu.de\/newsroom\/wp-json\/wp\/v2\/users\/6"}],"replies":[{"embeddable":true,"href":"https:\/\/www.pr-neu.de\/newsroom\/wp-json\/wp\/v2\/comments?post=650"}],"version-history":[{"count":5,"href":"https:\/\/www.pr-neu.de\/newsroom\/wp-json\/wp\/v2\/posts\/650\/revisions"}],"predecessor-version":[{"id":13189,"href":"https:\/\/www.pr-neu.de\/newsroom\/wp-json\/wp\/v2\/posts\/650\/revisions\/13189"}],"wp:attachment":[{"href":"https:\/\/www.pr-neu.de\/newsroom\/wp-json\/wp\/v2\/media?parent=650"}],"wp:term":[{"taxonomy":"category","embeddable":true,"href":"https:\/\/www.pr-neu.de\/newsroom\/wp-json\/wp\/v2\/categories?post=650"},{"taxonomy":"post_tag","embeddable":true,"href":"https:\/\/www.pr-neu.de\/newsroom\/wp-json\/wp\/v2\/tags?post=650"}],"curies":[{"name":"wp","href":"https:\/\/api.w.org\/{rel}","templated":true}]}}